{"id":232050,"date":"2025-11-12T12:48:21","date_gmt":"2025-11-12T12:48:21","guid":{"rendered":"https:\/\/www.europesays.com\/es\/232050\/"},"modified":"2025-11-12T12:48:21","modified_gmt":"2025-11-12T12:48:21","slug":"darren-wharton-en-directo-con-los-exitos-de-thin-lizzy","status":"publish","type":"post","link":"https:\/\/www.europesays.com\/es\/232050\/","title":{"rendered":"Darren Wharton en directo con los \u00e9xitos de Thin Lizzy"},"content":{"rendered":"<p class=\"paragraph\">Si hay algo de lo que no anda escaso el mundo del heavy metal y todos sus g\u00e9neros es de leyendas vivas, de monstruos del escenario que han levantado monta\u00f1as de admiraci\u00f3n en generaciones de seguidores a lo largo y ancho del planeta rock&amp;roll. \u00daltimamente, en la ciudad de Burgos nos estamos acostumbrando a ver desfilar por los conciertos que con tanto mimo se preparan por los promotores locales a int\u00e9rpretes tan grandes en el plano corto como legendarios en la sombra que proyectan sobre un universo metalero en el que la capital burgalesa se ha labrado un nombre propio y reputado.\u00a0<\/p>\n<p class=\"paragraph\">Burgos Metal City se enorgullece de contar con entidades como la <a href=\"https:\/\/www.elcorreodeburgos.com\/burgos\/250327\/234465\/filosofia-burgos-heavy-metal-ofrecer-calidad-musical-alta-dificil-encontrar.html\" title=\"La filosof\u00eda de Burgos Heavy Metal: \u00abcalidad musical muy alta y dif\u00edcil de encontrar\u00bb\" rel=\"nofollow noopener\" target=\"_blank\">Asociaci\u00f3n Burgos Heavy Metal<\/a> que est\u00e1 trabajando a toda m\u00e1quina para que 2026 deje con la boca abierta y ganas de m\u00e1s a los muchos aficionados de la provincia y territorios colindantes.<\/p>\n<p class=\"paragraph\">Su primera estaci\u00f3n tendr\u00e1 parada en la <b>sala And\u00e9n 56<\/b> el pr\u00f3ximo <b>28 de febrero<\/b> en un concierto con aires de festival del que se han anunciado ya dos nombres &#8211;<b>November <\/b>y <b>Wild Freedom<\/b>&#8211; a los que se acaba de unir el cabeza de cartel, un mito dentro de una leyenda y camino de un futuro que sigue escribiendo concierto a concierto. Burgos Heavy Metal acaba de anunciar que ser\u00e1<b> Darren Wharton&#8217;s Renegade<\/b> la banda internacional elegida para \u201ccerrar una noche \u00e9pica\u201d.<\/p>\n<p class=\"paragraph\">Las entradas para el concierto estar\u00e1n disponibles pr\u00f3ximamente en formato f\u00edsico en los puntos de venta oficiales, seg\u00fan ha informado la asociaci\u00f3n. Los precios establecidos son de 25 euros para socios, 35 euros para no socios y 40 euros en taquilla el d\u00eda del evento.<\/p>\n<p class=\"paragraph\">La venta online comenzar\u00e1 el lunes 1 de diciembre a las 12:00 horas. Durante todo el mes de diciembre, los no socios podr\u00e1n adquirir su entrada anticipada a un precio especial reducido de 28 euros<\/p>\n<p class=\"paragraph\">La historia de Darren Wharton es casi tan compleja y prolija como el legado de  Thin Lizzy, la banda de la que form\u00f3 parte en dos etapas. Darren Wharton&#8217;s Renegade es un proyecto en vivo del  teclista, cantante y compositor brit\u00e1nico que se nutre y a la vez rinde homenaje a la \u00faltima y a menudo subestimada etapa de Thin Lizzy, centr\u00e1ndose en la composici\u00f3n y el legado que Wharton comparti\u00f3 directamente con Phil Lynott.<\/p>\n<p class=\"paragraph\">Darren Wharton es el l\u00edder de su propia banda, Dare, pero acude al concierto que organiza la Asociaci\u00f3n Burgos Heavy Metal con la formaci\u00f3n con la que recorre el mundo en conciertos siempre a reventar en los que repasa las canciones de los \u00e1lbumes Renegade -del que toma su nombre la banda-, Chinatown y Thunder &amp; Lighting, adem\u00e1s de todos los grandes \u00e9xitos de Thin Lizzy. Renegade est\u00e1 formada por Darren Wharton como vocalista principal, Vinny Burns y Andy Moore en las guitarras principales, Nigel Clutterbuck en el bajo y Greg Morgan en la bater\u00eda.<\/p>\n<p class=\"paragraph\">Thin Lizzy, es historia pura del roc&amp;roll. Baste decir que al genial guitarrista de Belfast Gary Moore le salieron los dientes como artista a la sombra de su fundador, el bajista y cantante Phil Lynott, fallecido seis a\u00f1os despu\u00e9s de que Wharton entrase a la banda. Otro mito incomparable.<\/p>\n<p class=\"paragraph\">A sus 65 a\u00f1os que tendr\u00e1 casi reci\u00e9n cumplidos el d\u00eda del concierto, se subir\u00e1 al escenario del And\u00e9n para poner el broche de oro a un conciertazo con mucha presencial del Hard Rock y el AOR para el que tambi\u00e9n est\u00e1n citados la banda asturiana November y la barcelonesa Wild Freedom, reci\u00e9n confirmada.<\/p>\n<p class=\"c-detail__media__subtitle\">\n<p>        La banda barcelonesa Wild Freedom entra en el cartel del festival que prepara la Asociaci\u00f3n Burgos Heavy Metal para el 28 de febrero.<\/p>\n<p>Wild Freedom regresa a Burgos<\/p>\n<p class=\"paragraph\">Segundo nombre del cartel y, al igual que la primera banda confirmada la semana anterior, Wild Freedom destacan por su potente directo y por su sonido con tonos m\u00e1s rocanroleros. Si los asturianos November protagonizan una reinvenci\u00f3n del Hard Rock con un estilo particular de quitarse el sombrero, los barceloneses Wild Freedom abarcan en su repertorio desde el metal mel\u00f3dico, industrial y el AOR y, sobre todo, no se guardan nada sobre el escenario.<\/p>\n<p class=\"paragraph\">En la capital burgalesa ya participaron en la edici\u00f3n de 2019 del Zurbar\u00e1n Rock y dejaron un buen sabor de boca. Tanto es as\u00ed que se anunciaron hace cinco a\u00f1os en el And\u00e9n 56 en el\u00a0Hummano Fest junto a\u00a0D\u00fcnedain, Eclipse, Somas Cure, Sylvania y Perros de Paja.\u00a0<\/p>\n<p class=\"paragraph\">Sin embargo, el estallido de la epidemia del coronavirus coincidi\u00f3 con el festival y ese concierto no lleg\u00f3 a celebrarse.<\/p>\n<p class=\"paragraph\">La banda que lidera Ian Wilde (voz) con Adryen Rock (guitarra) y Dave Starblitz (bajo), acude a Burgos para desplegar el arsenal de nuevos sonidos de su \u00e1lbum &#8216;Polarize&#8217;, con el que dan\u00a0 una vuelta de tuerca a su propuesta musical con excursiones al metal industrial -en ocasiones, en temas como &#8216;Monster&#8217;, &#8216;I Am The Storm&#8217; y &#8216;New Dawn&#8217; recuerdan a Killus, la referencia nacional del g\u00e9nero- y con influencias del metal m\u00e1s americano.<\/p>\n<p class=\"c-detail__media__subtitle\">\n<p>        La banda asturiana November llegar\u00e1 .a Burgos con su primer LP, titulado The\u202fLong\u202fWay\u202fHome.ECB<\/p>\n<p>Conciertazo para abrir el a\u00f1o con Burgos Heavy Metal<\/p>\n<p class=\"paragraph\">Si este a\u00f1o 2025 el concierto de aniversario de la <a href=\"https:\/\/www.elcorreodeburgos.com\/burgos\/250327\/234465\/filosofia-burgos-heavy-metal-ofrecer-calidad-musical-alta-dificil-encontrar.html\" title=\"La filosof\u00eda de Burgos Heavy Metal: \u00abcalidad musical muy alta y dif\u00edcil de encontrar\u00bb\" rel=\"nofollow noopener\" target=\"_blank\">Asociaci\u00f3n Burgos Heavy Meta<\/a>l sacudi\u00f3 los cimientos del rock en Espa\u00f1a subiendo al escenario del And\u00e9n 56 a los potentes Nestor por primera vez fuera del marco de un festival, la sensaci\u00f3n sueca del hard rock mel\u00f3dico tendr\u00e1 como sucesores del nuevo evento que est\u00e1n ultimando a los asturianos November, una banda que recorre el mismo camino sonoro labr\u00e1ndose un nombre con cada vez m\u00e1s kilates.<\/p>\n<p>            <a href=\"#\" title=\"\"><\/p>\n<p>                    <img loading=\"lazy\" decoding=\"async\" data-index=\"\" width=\"140\" height=\"140\" alt=\"Nestor, Magik, The Electric Alley y M\u00e4mut M\u00e4mut M\u00e6ntra: un plantel de lujo para Burgos Heavy Metal.\" data-full=\"[object Object]\" data-original=\"[object Object]\" src=\"https:\/\/imagenes.elcorreodeburgos.com\/files\/related_image\/uploads\/2025\/03\/27\/67e5af472237a.jpeg\" data-full-src=\"https:\/\/www.europesays.com\/es\/wp-content\/uploads\/2025\/11\/67e5af472237a.jpeg\"\/><\/p>\n<p>            <\/a><\/p>\n<p class=\"paragraph\">Liderados por Dani\u202fG. (conocido por su trayectoria en Last\u202fDays,\u202fEden\u202fy su colaboraci\u00f3n con Steve\u202fVai) junto a m\u00fasicos de amplia experiencia en el rock espa\u00f1ol, November es el primer nombre confirmado por la organizaci\u00f3n de\u00a0Burgos Heavy Metal en el \u00abinaudito\u00bb cartel del festival que servir\u00e1 de pr\u00f3logo a un a\u00f1o cargado de acontecimientos. que tendr\u00e1 lugar el 28 de febrero en\u00a0la sala burgalesa And\u00e9n 56. M\u00e1s adelante, y entre otros proyectos, la Asociaci\u00f3n festejar\u00e1 su d\u00e9cimo tercer aniversario, para el que este concierto supone una celebraci\u00f3n anticipada, seg\u00fan explica la organizaci\u00f3n.<\/p>\n<p class=\"c-detail__media__subtitle\">\n<p>        La sala And\u00e9n 56, a reventar para el concierto de la Asociaci\u00f3n Burgos Heavy Metal en marzo de 2025.ABHM<\/p>\n<p class=\"paragraph\">Los asturianos acudir\u00e1n con su primer LP, que lleva por t\u00edtulo \u201cThe Long Way Home\u201d y se estren\u00f3 a principios de este a\u00f1o, a una cita en la que no se puede dudar ni un instante de la calidad de las bandas que recluta Burgos Heavy Metal, como pueden atestiguar los asistentes al festival de este a\u00f1o en el que el lleno fue absoluto y no s\u00f3lo para ver por primera vez el gran concierto de los suecos <a href=\"https:\/\/www.elcorreodeburgos.com\/cultura\/250105\/232834\/nestor-suecia-burgos-guitarras-afiladas.html\" title=\"De Suecia a Burgos con las guitarras afiladas\" rel=\"nofollow noopener\" target=\"_blank\">Nestor<\/a>, a los que a punto estuvieron de robarles el show los gaditanos de The Electric Alley y su excepcional directo.<\/p>\n<p class=\"c-detail__media__subtitle\">\n<p>        Los suecos Nestor triunfaron por todo lo alto en Burgos en su primera comparecencia en Espa\u00f1a.ABHM<\/p>\n<p class=\"c-detail__media__subtitle\">\n<p>        Los gaditanos de The Electric Alley a\u00fan sonaron mejor en directo y se marcaron un conciertazo que el p\u00fablico aplaudi\u00f3 a rabiar.ABHM<\/p>\n<p class=\"paragraph\">November es la primera banda que anuncia la Asociaci\u00f3n Burgos Heavy Metal de un cartel a buen seguro que no defrauda y por eso ya invitan a \u00abdisfrutar una noche llena de buena m\u00fasica con bandas que no dejar\u00e1n indiferente a nadie\u00bb. Una ocasi\u00f3n de celebrar de forma anticipada un a\u00f1o de actividades que la entidad est\u00e1 preparando, seg\u00fan explicaron a este peri\u00f3dico.<\/p>\n<p>            <a href=\"#\" title=\"\"><\/p>\n<p>                    <img loading=\"lazy\" decoding=\"async\" data-index=\"\" width=\"140\" height=\"140\" alt=\"Actuaci\u00f3n de la banda salmantina Kritter en el festival Friends of Metal, que compet\u00eda en horario con la final de la Copa delRey, convenci\u00f3 plenamente a los asistentes.\" data-full=\"[object Object]\" data-original=\"[object Object]\" src=\"https:\/\/imagenes.elcorreodeburgos.com\/files\/related_image\/uploads\/2025\/04\/26\/680d36aec288b.jpeg\" data-full-src=\"https:\/\/www.europesays.com\/es\/wp-content\/uploads\/2025\/11\/680d36aec288b.jpeg\"\/><\/p>\n<p>            <\/a><\/p>\n<p class=\"paragraph\">De muestra, un bot\u00f3n como el primer single de los de Dani G. titulado \u00abWhen The Door is Closed\u00bb, que ha tenido inmejorables cr\u00edticas en los medios especializados.<\/p>\n<p class=\"paragraph\">Fieles a su objetivo de \u00abseguir haciendo crecer el reto que nos desvela: una amplia cultura musical que distinga a Burgos del resto del mundo\u00bb, la asociaci\u00f3n sigue trabajando para reafirmar que la capital burgalesa se ha ganado el t\u00edtulo de \u00a1Burgos Metal City!\u00bb<\/p>\n<p>Cargando\u2026\n<\/p>\n<p class=\"paragraph\">Pr\u00f3ximamente Burgos Heavy Metal ir\u00e1 avanzado m\u00e1s confirmaciones y la disponibilidad de entradas en los puntos oficiales y online.<\/p>\n","protected":false},"excerpt":{"rendered":"Si hay algo de lo que no anda escaso el mundo del heavy metal y todos sus g\u00e9neros&hellip;\n","protected":false},"author":2,"featured_media":232051,"comment_status":"","ping_status":"","sticky":false,"template":"","format":"standard","meta":{"footnotes":""},"categories":[170],"tags":[623,208,146,147,25,24,184,185,1273,32678,23],"class_list":{"0":"post-232050","1":"post","2":"type-post","3":"status-publish","4":"format-standard","5":"has-post-thumbnail","7":"category-musica","8":"tag-burgos","9":"tag-conciertos","10":"tag-entertainment","11":"tag-entretenimiento","12":"tag-es","13":"tag-espana","14":"tag-music","15":"tag-musica","16":"tag-rock","17":"tag-sala-anden-56","18":"tag-spain"},"share_on_mastodon":{"url":"https:\/\/pubeurope.com\/@es\/115536809964998909","error":""},"_links":{"self":[{"href":"https:\/\/www.europesays.com\/es\/wp-json\/wp\/v2\/posts\/232050","targetHints":{"allow":["GET"]}}],"collection":[{"href":"https:\/\/www.europesays.com\/es\/wp-json\/wp\/v2\/posts"}],"about":[{"href":"https:\/\/www.europesays.com\/es\/wp-json\/wp\/v2\/types\/post"}],"author":[{"embeddable":true,"href":"https:\/\/www.europesays.com\/es\/wp-json\/wp\/v2\/users\/2"}],"replies":[{"embeddable":true,"href":"https:\/\/www.europesays.com\/es\/wp-json\/wp\/v2\/comments?post=232050"}],"version-history":[{"count":0,"href":"https:\/\/www.europesays.com\/es\/wp-json\/wp\/v2\/posts\/232050\/revisions"}],"wp:featuredmedia":[{"embeddable":true,"href":"https:\/\/www.europesays.com\/es\/wp-json\/wp\/v2\/media\/232051"}],"wp:attachment":[{"href":"https:\/\/www.europesays.com\/es\/wp-json\/wp\/v2\/media?parent=232050"}],"wp:term":[{"taxonomy":"category","embeddable":true,"href":"https:\/\/www.europesays.com\/es\/wp-json\/wp\/v2\/categories?post=232050"},{"taxonomy":"post_tag","embeddable":true,"href":"https:\/\/www.europesays.com\/es\/wp-json\/wp\/v2\/tags?post=232050"}],"curies":[{"name":"wp","href":"https:\/\/api.w.org\/{rel}","templated":true}]}}