{"id":232057,"date":"2025-11-12T12:52:08","date_gmt":"2025-11-12T12:52:08","guid":{"rendered":"https:\/\/www.europesays.com\/es\/232057\/"},"modified":"2025-11-12T12:52:08","modified_gmt":"2025-11-12T12:52:08","slug":"20-anos-de-ambicion-trampas-enfados-y-broncas","status":"publish","type":"post","link":"https:\/\/www.europesays.com\/es\/232057\/","title":{"rendered":"20 a\u00f1os de ambici\u00f3n, trampas, enfados y broncas"},"content":{"rendered":"<p style=\"\">Malos tiempos para <strong>Andy y Lucas<\/strong>. Y es que, la separaci\u00f3n del d\u00fao lejos de haber sido amistosa y dejando un sabor dulce a todos sus seguidores, ha terminado de la peor forma, entre feos cruces de declaraciones, &#8216;zascas&#8217; y &#8216;dardos&#8217; en redes y  &#8230; televisi\u00f3n, que han echado por el suelo la visi\u00f3n que el p\u00fablico ten\u00eda del d\u00fao musical. Pues bien, tras la demoledora entrevista de Andy en &#8216;El Hormiguero&#8217; (Antena 3) y la reacci\u00f3n de Lucas, &#8216;<a href=\"https:\/\/www.abc.es\/noticias\/espejo-publico\/\" target=\"_self\" data-voc-vtm-id=\"in-text-traffic\" title=\"Espejo P\u00fablico\" data-mrf-link=\"www.abc.es\" rel=\"nofollow noopener\">Espejo P\u00fablico<\/a>&#8216; ha ido m\u00e1s all\u00e1 y ha destapado la \u00ab<strong>gran mentira<\/strong>\u00bb que los artistas han estado contando durante todos estos a\u00f1os de trayectoria profesional.<\/p>\n<p class=\"voc-p\" style=\"\">\u00ab<strong>Andy y Lucas<\/strong>, ellos rompieron y a partir de entonces, demandas, contrademandas, deudas contra\u00eddas  entre ellos, pero&#8230; \u00bfQui\u00e9n es el bueno y qui\u00e9n es el malo?\u00bb, se preguntaba Gema L\u00f3pez, copresentadora del matinal de Antena 3, en el avance del asunto. \u00abHoy les vamos a hablar de la <strong>gran mentira<\/strong> del grupo. Un testigo habla para &#8216;<a href=\"https:\/\/www.abc.es\/play\/television\/noticias\/saltan-alarmas-cayetano-rivera-nuevas-companias-preocupacion-20251110120440-nt.html\" target=\"_self\" data-voc-vtm-id=\"in-text-traffic\" title=\"Espejo P\u00fablico\" data-mrf-link=\"www.abc.es\" rel=\"nofollow noopener\">Espejo P\u00fablico<\/a>&#8216; y asegura que son tal para cual\u00bb, manifestaba la periodista.<\/p>\n<p class=\"voc-p\" style=\"\">Hubo que esperar hasta  la secci\u00f3n &#8216;M\u00e1s Espejo&#8217;, cuando &#8216;<a href=\"https:\/\/www.abc.es\/play\/television\/noticias\/susanna-griso-obligada-entonar-mea-culpa-directo-20251107130657-nt.html\" target=\"_self\" data-voc-vtm-id=\"in-text-traffic\" title=\"Espejo P\u00fablico\" data-mrf-link=\"www.abc.es\" rel=\"nofollow noopener\">Espejo P\u00fablico<\/a>&#8216; revel\u00f3 las \u00ab<strong>mentiras<\/strong>\u00bb que durante estos a\u00f1os <strong>Andy y Lucas<\/strong> hab\u00edan contado al p\u00fablico. \u00abHasta ahora daba la sensaci\u00f3n que hab\u00eda un bueno y malo.<\/p>\n<p class=\"voc-p\" style=\"\">\u00abLa gente que los cre\u00f3 ahora asisten asombrados a lo que ya vaticinaban. Sobre la amistad, eran amigos al principio, cuando eran j\u00f3venes, el primer a\u00f1o despu\u00e9s de cantar juntos, ya empiezan a pedir un coche cada uno y un camerino cada uno\u00bb, se\u00f1alaban desde el matinal de Antena 3. \u00ab\u00a120 a\u00f1os enga\u00f1ados!\u00bb, exclamaba Gema L\u00f3pez, at\u00f3nita a que desde el primer a\u00f1o la <strong>relaci\u00f3n<\/strong> de <strong>Andy y Lucas<\/strong> no era buena.<\/p>\n<p class=\"voc-p\" style=\"\">\u00abHe estado los \u00faltimos diez a\u00f1os muy cerca del grupo y te puedo asegurar que no te puedes fiar ni de Andy ni de Lucas\u00bb, comenzaba declarando la fuente a &#8216;<a href=\"https:\/\/www.abc.es\/play\/television\/noticias\/sale-luz-letra-primera-cancion-andy-tras-20251110160555-nt.html\" target=\"_self\" data-voc-vtm-id=\"in-text-traffic\" title=\"Espejo P\u00fablico\" data-mrf-link=\"www.abc.es\" rel=\"nofollow noopener\">Espejo P\u00fablico<\/a>&#8216;. \u00abPorque, adem\u00e1s, no solo ten\u00edamos que soportar que se enfadaran entre ellos, sino que provocaban broncas y pon\u00edan en compromisos muy importante a mucha gente a su alrededor\u00bb, se\u00f1alaba el testimonio sobre <strong>Andy y Lucas<\/strong> que subrayaba que casi \u00absiempre todas las peleas empezaban por el dinero\u00bb. \u00abNinguno se fiaba del otro\u00bb, indicaba el invitado. \u00abLa <strong>ambici\u00f3n<\/strong> de los dos fue creciendo tanto, que lleg\u00f3 un punto que se hac\u00edan trampas constantemente\u00bb, conclu\u00eda desvelando el testimonio a &#8216;Espejo P\u00fablico&#8217;.<\/p>\n","protected":false},"excerpt":{"rendered":"Malos tiempos para Andy y Lucas. Y es que, la separaci\u00f3n del d\u00fao lejos de haber sido amistosa&hellip;\n","protected":false},"author":2,"featured_media":232058,"comment_status":"","ping_status":"","sticky":false,"template":"","format":"standard","meta":{"footnotes":""},"categories":[91],"tags":[5882,16221,988,2359,17379,60607,146,147,25,24,3956,7357,2857,23,30618],"class_list":{"0":"post-232057","1":"post","2":"type-post","3":"status-publish","4":"format-standard","5":"has-post-thumbnail","7":"category-entretenimiento","8":"tag-ambicion","9":"tag-andy","10":"tag-anos","11":"tag-broncas","12":"tag-destapa","13":"tag-enfados","14":"tag-entertainment","15":"tag-entretenimiento","16":"tag-es","17":"tag-espana","18":"tag-gran","19":"tag-lucas","20":"tag-mentira","21":"tag-spain","22":"tag-trampas"},"share_on_mastodon":{"url":"https:\/\/pubeurope.com\/@es\/115536825261341722","error":""},"_links":{"self":[{"href":"https:\/\/www.europesays.com\/es\/wp-json\/wp\/v2\/posts\/232057","targetHints":{"allow":["GET"]}}],"collection":[{"href":"https:\/\/www.europesays.com\/es\/wp-json\/wp\/v2\/posts"}],"about":[{"href":"https:\/\/www.europesays.com\/es\/wp-json\/wp\/v2\/types\/post"}],"author":[{"embeddable":true,"href":"https:\/\/www.europesays.com\/es\/wp-json\/wp\/v2\/users\/2"}],"replies":[{"embeddable":true,"href":"https:\/\/www.europesays.com\/es\/wp-json\/wp\/v2\/comments?post=232057"}],"version-history":[{"count":0,"href":"https:\/\/www.europesays.com\/es\/wp-json\/wp\/v2\/posts\/232057\/revisions"}],"wp:featuredmedia":[{"embeddable":true,"href":"https:\/\/www.europesays.com\/es\/wp-json\/wp\/v2\/media\/232058"}],"wp:attachment":[{"href":"https:\/\/www.europesays.com\/es\/wp-json\/wp\/v2\/media?parent=232057"}],"wp:term":[{"taxonomy":"category","embeddable":true,"href":"https:\/\/www.europesays.com\/es\/wp-json\/wp\/v2\/categories?post=232057"},{"taxonomy":"post_tag","embeddable":true,"href":"https:\/\/www.europesays.com\/es\/wp-json\/wp\/v2\/tags?post=232057"}],"curies":[{"name":"wp","href":"https:\/\/api.w.org\/{rel}","templated":true}]}}