{"id":232061,"date":"2025-11-12T12:57:50","date_gmt":"2025-11-12T12:57:50","guid":{"rendered":"https:\/\/www.europesays.com\/es\/232061\/"},"modified":"2025-11-12T12:57:50","modified_gmt":"2025-11-12T12:57:50","slug":"grupo-palacios-refuerza-el-convenio-de-stellantis-con-un-descuento-adicional-del-1-y-servicio-de-mantenimiento","status":"publish","type":"post","link":"https:\/\/www.europesays.com\/es\/232061\/","title":{"rendered":"Grupo Palacios refuerza el convenio de Stellantis con un descuento adicional del 1% y servicio de mantenimiento"},"content":{"rendered":"\n<p>Dentro del convenio suscrito entre el Grupo Stellantis y ASAJA Nacional -que proporciona descuentos especiales de hasta el 27,5%, seg\u00fan modelos y fechas, en la adquisici\u00f3n de veh\u00edculos de las marcas del referido grupo en todos sus concesionarios- Grupo Palacios ha suscrito un nuevo convenio de colaboraci\u00f3n con AVA-ASAJA por el cual ofrecer\u00e1 un descuento suplementario de un 1% a los asociados de esta organizaci\u00f3n agraria.<\/p>\n<p>En este sentido, Grupo Palacios mantendr\u00e1 actualizada una lista de veh\u00edculos y promociones, y facilitar\u00e1 atenci\u00f3n personalizada a los asociados de AVA-ASAJA en sus concesionarios o canales de venta autorizados en Valencia, Alzira, X\u00e0tiva y Alcoi.<\/p>\n<p>Asimismo, Grupo Palacios facilitar\u00e1 a los asociados el servicio de mantenimiento de los veh\u00edculos adquiridos en el marco del presente convenio.<\/p>\n<p>Para beneficiarse de estas condiciones ventajosas, el personal de Grupo Palacios exigir\u00e1 a quienes deseen acogerse al convenio la presentaci\u00f3n de un certificado de ser asociado de AVA-ASAJA y estar al corriente de pago.<\/p>\n<p>Grupo Palacios es una entidad dedicada al sector de la automoci\u00f3n que desea potenciar la venta de toda la gama de veh\u00edculos de las marcas del grupo Stellantis (Peugeot, Citro\u00ebn, Opel, Jeep, Alfa Romeo, DS Autom\u00f3viles y Fiat) a empresarios del \u00e1mbito agrario de la Comunidad Valenciana.<\/p>\n<p>La persona de contacto ser\u00e1 Fernando G\u00f3mez Colomer, quien fuera jugador del Valencia C.F., a trav\u00e9s del tel\u00e9fono 671 500 079.<\/p>\n<p>\u00a0<\/p>\n","protected":false},"excerpt":{"rendered":"Dentro del convenio suscrito entre el Grupo Stellantis y ASAJA Nacional -que proporciona descuentos especiales de hasta el&hellip;\n","protected":false},"author":2,"featured_media":232062,"comment_status":"","ping_status":"","sticky":false,"template":"","format":"standard","meta":{"footnotes":""},"categories":[80],"tags":[2077,60609,20894,60608,82,14151,95,94,25,24,7214,10,23,235],"class_list":{"0":"post-232061","1":"post","2":"type-post","3":"status-publish","4":"format-standard","5":"has-post-thumbnail","7":"category-economia","8":"tag-agricultura","9":"tag-agricultura-ecologica","10":"tag-asaja","11":"tag-ava","12":"tag-business","13":"tag-cursos","14":"tag-economia","15":"tag-economy","16":"tag-es","17":"tag-espana","18":"tag-formacion","19":"tag-noticias","20":"tag-spain","21":"tag-valencia"},"share_on_mastodon":{"url":"https:\/\/pubeurope.com\/@es\/115536848685460783","error":""},"_links":{"self":[{"href":"https:\/\/www.europesays.com\/es\/wp-json\/wp\/v2\/posts\/232061","targetHints":{"allow":["GET"]}}],"collection":[{"href":"https:\/\/www.europesays.com\/es\/wp-json\/wp\/v2\/posts"}],"about":[{"href":"https:\/\/www.europesays.com\/es\/wp-json\/wp\/v2\/types\/post"}],"author":[{"embeddable":true,"href":"https:\/\/www.europesays.com\/es\/wp-json\/wp\/v2\/users\/2"}],"replies":[{"embeddable":true,"href":"https:\/\/www.europesays.com\/es\/wp-json\/wp\/v2\/comments?post=232061"}],"version-history":[{"count":0,"href":"https:\/\/www.europesays.com\/es\/wp-json\/wp\/v2\/posts\/232061\/revisions"}],"wp:featuredmedia":[{"embeddable":true,"href":"https:\/\/www.europesays.com\/es\/wp-json\/wp\/v2\/media\/232062"}],"wp:attachment":[{"href":"https:\/\/www.europesays.com\/es\/wp-json\/wp\/v2\/media?parent=232061"}],"wp:term":[{"taxonomy":"category","embeddable":true,"href":"https:\/\/www.europesays.com\/es\/wp-json\/wp\/v2\/categories?post=232061"},{"taxonomy":"post_tag","embeddable":true,"href":"https:\/\/www.europesays.com\/es\/wp-json\/wp\/v2\/tags?post=232061"}],"curies":[{"name":"wp","href":"https:\/\/api.w.org\/{rel}","templated":true}]}}