{"id":232068,"date":"2025-11-12T13:10:14","date_gmt":"2025-11-12T13:10:14","guid":{"rendered":"https:\/\/www.europesays.com\/es\/232068\/"},"modified":"2025-11-12T13:10:14","modified_gmt":"2025-11-12T13:10:14","slug":"aryna-sabalenka-declara-cuando-le-gustaria-ser-madre","status":"publish","type":"post","link":"https:\/\/www.europesays.com\/es\/232068\/","title":{"rendered":"Aryna Sabalenka declara cu\u00e1ndo le gustar\u00eda ser madre"},"content":{"rendered":"<p class=\"quota-display text-align-center\">\n        <a href=\"https:\/\/www.puntodebreak.com\/MDBA-B3-PDB-QUOTA-25\" rel=\"sponsored nofollow noopener\" title=\"Apuesta en bet365\" target=\"_blank\"><\/p>\n<p>            <img decoding=\"async\" alt=\"Bet365\" class=\"bet-logo lazyload\" loading=\"lazy\" src=\"https:\/\/www.europesays.com\/es\/wp-content\/uploads\/2025\/11\/b365.jpg\"\/>Streaming ATP Finals MD en directo<\/p>\n<p> \ud83c\udfbe Arevalo\/Pavic vs Harrison\/King<\/p>\n<ol class=\"stream-card__steps\">\n<li>Entra aqu\u00ed y reg\u00edstrate en Bet365<\/li>\n<li>Haz tu primer dep\u00f3sito de m\u00ednimo 5\u00a0\u20ac<\/li>\n<li>Entra en la secci\u00f3n \u00abDirecto\u00bb y ve todos los partidos<\/li>\n<\/ol>\n<p>\n                                Ver partido en Bet365\n                            <\/p>\n<p style=\"font-size:9px;line-height:10px;padding:5px 0px 0px 0px;\">Reg\u00edstrese en bet365, ingrese 5\u20ac o m\u00e1s en su cuenta y conseguir\u00e1 un 100% de su ingreso v\u00e1lido en cr\u00e9ditos de apuesta (hasta 100\u20ac). Ingrese 50\u20ac o m\u00e1s y tambi\u00e9n recibir\u00e1 10 fichas doradas para utilizar en tragaperras seleccionadas. Solo para clientes nuevos. Se aplican las condiciones. Las ganancias no incluyen el importe de los cr\u00e9ditos de apuesta. Ingreso m\u00ednimo de 50\u20ac para las fichas doradas. Se aplican premios m\u00e1ximos, restricciones de juego, l\u00edmites de tiempo y condiciones. Es necesario registrarse.<\/p>\n<p>        <\/a>\n      <\/p>\n<p class=\"text-align-justify\" data-pm-slice=\"1 1 []\" data-prosemirror-content-type=\"node\" data-prosemirror-node-block=\"true\" data-prosemirror-node-name=\"paragraph\">Profesional desde la temporada 2015, actual n\u00famero 1 del mundo y con pareja estable desde hace algunos a\u00f1os, el futuro de <strong>Aryna Sabalenka<\/strong> pasa por seguir gobernando el circuito femenino de tenis, pero tambi\u00e9n quiere seguir creciendo en el \u00e1mbito personal. En una entrevista reciente concedida en su idioma natal, la bielorrusa confiesa su deseo de ser madre dentro de, m\u00e1s o menos, unos cinco a\u00f1os. Si ahora tiene 27, es cuesti\u00f3n de hacer la cuenta. Eso s\u00ed, no piensen que se vaya a retirar en 2030, puesto que en el pasado ya declar\u00f3 sus intenciones de regresar al tour incluso despu\u00e9s de ser mam\u00e1. De un modo u otro, todav\u00eda queda mucho tiempo por delante hasta que algo de esto suceda.<\/p>\n<blockquote class=\"twitter-tweet\" data-media-max-width=\"560\">\n<p dir=\"ltr\" lang=\"en\" xml:lang=\"en\">5 more years of Sabalenka??!! \ud83e\udd2a\ud83d\ude05She says she would like to have a baby \ud83c\udf7c, but right now her career is her priority \u00abI just want to achieve my full potential in my sport and see how far I can go, I&#8217;d probably like to try starting a family in about five years\u00bb \ud83e\udd73\ud83e\udd73\ud83e\udd73 <a href=\"https:\/\/t.co\/LxOMGudA4h\" rel=\"nofollow\">pic.twitter.com\/LxOMGudA4h<\/a><\/p>\n<p>\u2014 Liviefromparis \ud83c\uddeb\ud83c\uddf7\ud83e\udd38\ud83c\udffc\u200d\u2640\ufe0f\ud83c\udfbe (@Livieparis2024) <a href=\"https:\/\/twitter.com\/Livieparis2024\/status\/1988547335006093684?ref_src=twsrc%5Etfw\" rel=\"nofollow noopener\" target=\"_blank\">November 12, 2025<\/a><\/p><\/blockquote>\n<p><script async src=\"https:\/\/platform.twitter.com\/widgets.js\" charset=\"utf-8\"><\/script><\/p>\n","protected":false},"excerpt":{"rendered":"Streaming ATP Finals MD en directo \ud83c\udfbe Arevalo\/Pavic vs Harrison\/King Entra aqu\u00ed y reg\u00edstrate en Bet365 Haz tu&hellip;\n","protected":false},"author":2,"featured_media":232069,"comment_status":"","ping_status":"","sticky":false,"template":"","format":"standard","meta":{"footnotes":""},"categories":[274],"tags":[168,25,24,23,167,327,326],"class_list":{"0":"post-232068","1":"post","2":"type-post","3":"status-publish","4":"format-standard","5":"has-post-thumbnail","7":"category-tenis","8":"tag-deportes","9":"tag-es","10":"tag-espana","11":"tag-spain","12":"tag-sports","13":"tag-tenis","14":"tag-tennis"},"share_on_mastodon":{"url":"https:\/\/pubeurope.com\/@es\/115536896346237674","error":""},"_links":{"self":[{"href":"https:\/\/www.europesays.com\/es\/wp-json\/wp\/v2\/posts\/232068","targetHints":{"allow":["GET"]}}],"collection":[{"href":"https:\/\/www.europesays.com\/es\/wp-json\/wp\/v2\/posts"}],"about":[{"href":"https:\/\/www.europesays.com\/es\/wp-json\/wp\/v2\/types\/post"}],"author":[{"embeddable":true,"href":"https:\/\/www.europesays.com\/es\/wp-json\/wp\/v2\/users\/2"}],"replies":[{"embeddable":true,"href":"https:\/\/www.europesays.com\/es\/wp-json\/wp\/v2\/comments?post=232068"}],"version-history":[{"count":0,"href":"https:\/\/www.europesays.com\/es\/wp-json\/wp\/v2\/posts\/232068\/revisions"}],"wp:featuredmedia":[{"embeddable":true,"href":"https:\/\/www.europesays.com\/es\/wp-json\/wp\/v2\/media\/232069"}],"wp:attachment":[{"href":"https:\/\/www.europesays.com\/es\/wp-json\/wp\/v2\/media?parent=232068"}],"wp:term":[{"taxonomy":"category","embeddable":true,"href":"https:\/\/www.europesays.com\/es\/wp-json\/wp\/v2\/categories?post=232068"},{"taxonomy":"post_tag","embeddable":true,"href":"https:\/\/www.europesays.com\/es\/wp-json\/wp\/v2\/tags?post=232068"}],"curies":[{"name":"wp","href":"https:\/\/api.w.org\/{rel}","templated":true}]}}