{"id":232070,"date":"2025-11-12T13:11:26","date_gmt":"2025-11-12T13:11:26","guid":{"rendered":"https:\/\/www.europesays.com\/es\/232070\/"},"modified":"2025-11-12T13:11:26","modified_gmt":"2025-11-12T13:11:26","slug":"felipe-orts-vuelve-a-ser-el-mejor-espanol-en-el-europeo-top-10-para-el-alicantino","status":"publish","type":"post","link":"https:\/\/www.europesays.com\/es\/232070\/","title":{"rendered":"Felipe Orts vuelve a ser el mejor espa\u00f1ol en el Europeo: top 10 para el alicantino"},"content":{"rendered":"<p>Gran carrera del alicantino Felipe Orts para entrar entre los 10 mejores del campeonato de Europa de ciclocross y ser el mejor espa\u00f1ol en Middelkerke. Kevin Su\u00e1rez acab\u00f3 en el top 20 mientras que Maier Olano y Samuel Castiello acabaron siendo los mejores espa\u00f1oles en categor\u00eda sub23 y j\u00fanior.<\/p>\n<p><strong>Felipe Orts<\/strong>, subcampe\u00f3n de Europa 2024 en Pontevedra, ha completado una s\u00f3lida carrera en el Campeonato de Europa de ciclocross de Middelkerke (B\u00e9lgica) para concluir entre los diez mejores del continente en un circuito que no era el mejor para el corredor de Ridley, puesto que las zonas t\u00e9cnicas eran pr\u00e1cticamente todas en territorio de arena. El alicantino ha finalizado 9\u00ba a 37\u201d de Toon Aerts, nuevo campe\u00f3n de Europa. <strong>Kevin Su\u00e1rez<\/strong> ha sido 20\u00ba entre los \u00e9lite, mientras que los mejores resultados en categor\u00eda sub23 femenina y j\u00fanior masculina los han dejado <strong>Maier Olano (19\u00aa) y Samuel Castiello (36\u00ba)<\/strong>.<\/p>\n<p>La carrera \u00e9lite masculina se ha iniciado con una buena salida de Felipe Orts, que ha rodado en 8\u00aa posici\u00f3n durante los primeros compases. Tras la segunda vuelta la carrera ha comenzado a romperse, con Orts viajando en el grupo perseguidor de la cabeza de carrera, sobre el puesto 10. A falta de unas cuatro vueltas se destacaban por delante cinco ciclistas<strong> (Aerts, Ronhaar, Wyseure, Vanthourenhout y Nys)<\/strong>, con Orts rodando entre los diez mejores en el grupo que peleaba por la sexta plaza y en el que algunos ciclistas consegu\u00edan contactar posteriormente con cabeza de carrera. Felipe Orts parec\u00eda perder algo de energ\u00eda a falta de unas dos vueltas, viajando sobre el puesto 12 para finalmente completar un sensacional \u00faltimo giro que le dejaba en 9\u00aa posici\u00f3n, formando parte un a\u00f1o m\u00e1s de la \u00e9lite continental. <strong>Kevin Su\u00e1rez<\/strong> ha realizado tambi\u00e9n una s\u00f3lida carrera para terminar en el puesto 20.<\/p>\n<p>La ma\u00f1ana ha arrancado con la prueba j\u00fanior masculina, que ha estado marcada para la selecci\u00f3n Espa\u00f1ola por una ca\u00edda de <strong>Mart\u00edn Fern\u00e1ndez<\/strong> en los primeros compases que le supon\u00eda adem\u00e1s una aver\u00eda mec\u00e1nica. El n\u00famero uno del ranking mundial del a\u00f1o perd\u00eda as\u00ed todas las opciones de rodar en cabeza de carrera, terminando en el puesto 37, justo por detr\u00e1s de <strong>Samuel Castiello, 36\u00ba<\/strong>. El otro espa\u00f1ol en liza, <strong>Pelayo Gancedo<\/strong>, ha terminado en 54\u00aa plaza. El italiano Filippo Grigolini se ha vestido con el maillot de campe\u00f3n del continente.<\/p>\n<p>Posteriormente han entrado en competici\u00f3n las mujeres sub23, con <strong>Maier Olano y Nahia Arana finalizando en los puestos 19 y 21<\/strong>. La neerlandesa Leonie Bentveld se ha proclamado campeona de Europa.<\/p>\n<p>TEXTO \u2013 FOTO: RFEC \u2013 @Yefrifotos<\/p>\n","protected":false},"excerpt":{"rendered":"Gran carrera del alicantino Felipe Orts para entrar entre los 10 mejores del campeonato de Europa de ciclocross&hellip;\n","protected":false},"author":2,"featured_media":232071,"comment_status":"","ping_status":"","sticky":false,"template":"","format":"standard","meta":{"footnotes":""},"categories":[273],"tags":[313,312,168,25,24,23,167],"class_list":{"0":"post-232070","1":"post","2":"type-post","3":"status-publish","4":"format-standard","5":"has-post-thumbnail","7":"category-ciclismo","8":"tag-ciclismo","9":"tag-cycling","10":"tag-deportes","11":"tag-es","12":"tag-espana","13":"tag-spain","14":"tag-sports"},"share_on_mastodon":{"url":"https:\/\/pubeurope.com\/@es\/115536899829922850","error":""},"_links":{"self":[{"href":"https:\/\/www.europesays.com\/es\/wp-json\/wp\/v2\/posts\/232070","targetHints":{"allow":["GET"]}}],"collection":[{"href":"https:\/\/www.europesays.com\/es\/wp-json\/wp\/v2\/posts"}],"about":[{"href":"https:\/\/www.europesays.com\/es\/wp-json\/wp\/v2\/types\/post"}],"author":[{"embeddable":true,"href":"https:\/\/www.europesays.com\/es\/wp-json\/wp\/v2\/users\/2"}],"replies":[{"embeddable":true,"href":"https:\/\/www.europesays.com\/es\/wp-json\/wp\/v2\/comments?post=232070"}],"version-history":[{"count":0,"href":"https:\/\/www.europesays.com\/es\/wp-json\/wp\/v2\/posts\/232070\/revisions"}],"wp:featuredmedia":[{"embeddable":true,"href":"https:\/\/www.europesays.com\/es\/wp-json\/wp\/v2\/media\/232071"}],"wp:attachment":[{"href":"https:\/\/www.europesays.com\/es\/wp-json\/wp\/v2\/media?parent=232070"}],"wp:term":[{"taxonomy":"category","embeddable":true,"href":"https:\/\/www.europesays.com\/es\/wp-json\/wp\/v2\/categories?post=232070"},{"taxonomy":"post_tag","embeddable":true,"href":"https:\/\/www.europesays.com\/es\/wp-json\/wp\/v2\/tags?post=232070"}],"curies":[{"name":"wp","href":"https:\/\/api.w.org\/{rel}","templated":true}]}}