{"id":232078,"date":"2025-11-12T13:20:39","date_gmt":"2025-11-12T13:20:39","guid":{"rendered":"https:\/\/www.europesays.com\/es\/232078\/"},"modified":"2025-11-12T13:20:39","modified_gmt":"2025-11-12T13:20:39","slug":"las-vegas-acoge-el-estreno-de-un-festival-que-ya-tiene-mas-de-160-inscritos","status":"publish","type":"post","link":"https:\/\/www.europesays.com\/es\/232078\/","title":{"rendered":"Las Vegas acoge el estreno de un festival, que ya tiene m\u00e1s de 160 inscritos"},"content":{"rendered":"<p class=\"ft-text ft-helper-closenews\">El arte fluye en Corvera. El concejo inaugur\u00f3 ayer la exposici\u00f3n de pintura \u00abPinceladas\u00bb, que se podr\u00e1 ver hasta el 30 de noviembre. Adem\u00e1s, a partir de este viernes, Las Vegas acoge el festival de fotograf\u00eda \u00abEstado Puro\u00bb, en el cual participar\u00e1n algunos de los mejores profesionales del pa\u00eds.<\/p>\n<p><img decoding=\"async\" src=\"https:\/\/www.europesays.com\/es\/wp-content\/uploads\/2025\/11\/4ca0d5fd-00d4-4bb1-a0db-cdb6ca2b653e_alta-libre-aspect-ratio_default_0.jpg\" width=\"1200\" height=\"774\" alt=\"Inauguraci\u00f3n de la exposici\u00f3n \u00abPinceladas\u00bb.\" class=\"ft-helper-img-rd\" loading=\"lazy\"\/><\/p>\n<p class=\"ft-helper-fontColor-quaternary ft-helper-fontSize-body-S ft-helper-spacer-t-xxs\">Inauguraci\u00f3n de la exposici\u00f3n \u00abPinceladas\u00bb. <\/p>\n<p class=\"ft-text\">La Asociaci\u00f3n Fotogr\u00e1fica AFEP celebrar\u00e1 este fin de semana en Corvera la primera edici\u00f3n del festival de fotograf\u00eda \u00abEstado Puro\u00bb, un evento que ya cuenta con m\u00e1s de ciento sesenta inscripciones. El concejo corverano se convertir\u00e1 en punto de encuentro para amantes de la imagen, la creatividad y la naturaleza. Este festival nace con el prop\u00f3sito de difundir la fotograf\u00eda como lenguaje art\u00edstico y emocional, reuniendo a algunos de los fot\u00f3grafos m\u00e1s reconocidos del panorama nacional, que compartir\u00e1n sus experiencias, procesos y visiones sobre la creaci\u00f3n fotogr\u00e1fica.<\/p>\n<p><img decoding=\"async\" src=\"https:\/\/www.europesays.com\/es\/wp-content\/uploads\/2025\/11\/dadd04a6-df79-4e28-bacd-69efba5385c1_alta-libre-aspect-ratio_default_0.jpg\" width=\"1200\" height=\"728\" alt=\"El arte fluye en Corvera entre pinceladas y c\u00e1maras de foto\" class=\"ft-helper-img-rd\" loading=\"lazy\"\/><\/p>\n<p class=\"ft-helper-fontColor-quaternary ft-helper-fontSize-body-S ft-helper-spacer-t-xxs\">El arte fluye en Corvera entre pinceladas y c\u00e1maras de foto <\/p>\n<p class=\"ft-text\">El encuentro contar\u00e1 con ponencias, exposici\u00f3n, actividades formativas y salidas fotogr\u00e1ficas, configurando un programa que busca inspirar tanto a profesionales como a aficionados. La inauguraci\u00f3n oficial tendr\u00e1 lugar con la presentaci\u00f3n de la exposici\u00f3n colectiva \u00abAFEP NATURE\u00bb, un recorrido por la mirada de los socios de AFEP sobre la belleza del entorno natural, la luz y los paisajes de Asturias. Entre los ponentes invitados destacan figuras como Garc\u00eda de Marina, fot\u00f3grafo conceptual reconocido internacionalmente por su capacidad para transformar los objetos cotidianos en s\u00edmbolos visuales; Antonio Li\u00e9bana, referente espa\u00f1ol en fotograf\u00eda de fauna y naturaleza salvaje; o David Santiago, destacado fot\u00f3grafo de paisaje y naturaleza. Adem\u00e1s, tambi\u00e9n dar\u00e1n diferentes ponencias Frodo \u00c1lvarez, F\u00e9lix Gil de la Casa, Sen\u00e9n Cadenas, Pablo Freije y Mar\u00eda Cabaleiro.<\/p>\n<p class=\"ft-text\">Adem\u00e1s, ayer se inaugur\u00f3 la exposici\u00f3n colectiva de pintura \u00abPinceladas\u00bb, que podr\u00e1 visitarse hasta el domingo 30 de noviembre con entrada libre y gratuita. La muestra re\u00fane a un grupo de diez pintores, con edades comprendidas entre los 60 y 80 a\u00f1os, de Corvera y Avil\u00e9s. Esta diversidad aporta un rico mosaico de estilos y perspectivas que enriquecen la exposici\u00f3n.<\/p>\n<p data-close=\"closedContent\" class=\"subscribeHideForDisplay\">Suscr\u00edbete para seguir leyendo<\/p>\n","protected":false},"excerpt":{"rendered":"El arte fluye en Corvera. El concejo inaugur\u00f3 ayer la exposici\u00f3n de pintura \u00abPinceladas\u00bb, que se podr\u00e1 ver&hellip;\n","protected":false},"author":2,"featured_media":232079,"comment_status":"","ping_status":"","sticky":false,"template":"","format":"standard","meta":{"footnotes":""},"categories":[173],"tags":[229,233,231,230,21332,16894,232,234,146,147,25,24,2003,60610,244,1975,503,23],"class_list":{"0":"post-232078","1":"post","2":"type-post","3":"status-publish","4":"format-standard","5":"has-post-thumbnail","7":"category-arte-y-diseno","8":"tag-arte","9":"tag-arte-y-diseno","10":"tag-arts","11":"tag-arts-and-design","12":"tag-camaras","13":"tag-corvera","14":"tag-design","15":"tag-diseno","16":"tag-entertainment","17":"tag-entretenimiento","18":"tag-es","19":"tag-espana","20":"tag-exposicion","21":"tag-fluye","22":"tag-fotografia","23":"tag-pinceladas","24":"tag-pintura","25":"tag-spain"},"share_on_mastodon":{"url":"https:\/\/pubeurope.com\/@es\/115536935485220094","error":""},"_links":{"self":[{"href":"https:\/\/www.europesays.com\/es\/wp-json\/wp\/v2\/posts\/232078","targetHints":{"allow":["GET"]}}],"collection":[{"href":"https:\/\/www.europesays.com\/es\/wp-json\/wp\/v2\/posts"}],"about":[{"href":"https:\/\/www.europesays.com\/es\/wp-json\/wp\/v2\/types\/post"}],"author":[{"embeddable":true,"href":"https:\/\/www.europesays.com\/es\/wp-json\/wp\/v2\/users\/2"}],"replies":[{"embeddable":true,"href":"https:\/\/www.europesays.com\/es\/wp-json\/wp\/v2\/comments?post=232078"}],"version-history":[{"count":0,"href":"https:\/\/www.europesays.com\/es\/wp-json\/wp\/v2\/posts\/232078\/revisions"}],"wp:featuredmedia":[{"embeddable":true,"href":"https:\/\/www.europesays.com\/es\/wp-json\/wp\/v2\/media\/232079"}],"wp:attachment":[{"href":"https:\/\/www.europesays.com\/es\/wp-json\/wp\/v2\/media?parent=232078"}],"wp:term":[{"taxonomy":"category","embeddable":true,"href":"https:\/\/www.europesays.com\/es\/wp-json\/wp\/v2\/categories?post=232078"},{"taxonomy":"post_tag","embeddable":true,"href":"https:\/\/www.europesays.com\/es\/wp-json\/wp\/v2\/tags?post=232078"}],"curies":[{"name":"wp","href":"https:\/\/api.w.org\/{rel}","templated":true}]}}