{"id":232084,"date":"2025-11-12T13:27:45","date_gmt":"2025-11-12T13:27:45","guid":{"rendered":"https:\/\/www.europesays.com\/es\/232084\/"},"modified":"2025-11-12T13:27:45","modified_gmt":"2025-11-12T13:27:45","slug":"filtran-las-primeras-imagenes-de-la-nueva-pelicula-de-resident-evil-y-empiezan-las-malas-criticas-anotad-otro-fracaso-vandal","status":"publish","type":"post","link":"https:\/\/www.europesays.com\/es\/232084\/","title":{"rendered":"Filtran las primeras im\u00e1genes de la nueva pel\u00edcula de &#039;Resident Evil&#039; y empiezan las malas cr\u00edticas: &#039;Anotad otro fracaso&#039; &#8211; Vandal"},"content":{"rendered":"<ol>\n<li><a href=\"https:\/\/news.google.com\/rss\/articles\/CBMi9wFBVV95cUxPMWV4eUJWbmFmZHFTMXBsdzlFU1JMNmZfQzNrUUFNNThRRDhzRGNWQ0IzNmhydzNoU25pV2VhcVRqYm1HRy1ubFN4c3lnRnpIa2pqek54TnJQOGM2cWpwbkhnZ09UYWFBMEhSWjZXLUdOMmw5d05nTkZLVkc1UHUxeTN0OGdxZlZZUUF4RWV4U1luSVZMUlhlV3NKaVNXSi1SNGhVMDc4Ukp1WDNTRXNnd2R4N3hvZnY0Z3l6NmNqZUk1VUdocFhpcmpYNGJYVGkyWDZ1MWNSa2N0WmxReUhCTWhBQjhyU2hPU3A3R1B1Sno5MmJNeGRZ0gH8AUFVX3lxTFB4Z1FPWjdFb29DaGN6dVRFaGdFMmZxNTA3S3FaUloxd0FBcEl2N25HLUMxVktBUHFHTHJGZXRaeHBZc1BRT0phNm9OMmlINGRjNnNvUzBnT1FzZVYyZHd1SHprNTdSaUFyLXJjQ3NwaFkzVjZaZXQwMl82ZlU0TUJSTDlZa1pkN2o0NjhYT3RYM29MOW94bVJyRXVjOGpqZ3o4RnZ6MzZjS3NkNFVtR3A0SG1xSGx4VWJQa1VmTHBvZTMzQ2o1SGtPeFVUUGxmMlZVZGdDZlVzYklLNl9aNTRwRVBUSUZOcUUwRDl3cmY0WlZPVDBtX3pQbkF3WA?oc=5\" target=\"_blank\" rel=\"nofollow noopener\">Filtran las primeras im\u00e1genes de la nueva pel\u00edcula de &#8216;Resident Evil&#8217; y empiezan las malas cr\u00edticas: &#8216;Anotad otro fracaso&#8217;<\/a>&nbsp;&nbsp;Vandal<\/li>\n<li><a href=\"https:\/\/news.google.com\/rss\/articles\/CBMi1gFBVV95cUxNS2tQSHVpeHFWNm1KeDFoMGtpSHNEWkFOUnA1WVpJWkdBUTJmRFBvMlR5T3dXR2xpRTV5Ymp0TnByYzVGdnZmNENYMTN0RmcwWE0tZE96Y0cwYnpvdTJwVUtQUU81TENtQWdsVFBub2pUczkzRzdqTFJqOVJZeEp5ckVSXzhEY2pHZE96bWwxVDZJeGNRNjVHMVZucWdsa015MkQ2SGtLMHZCRlRnTlRjLWQySnZHd2hka3NjVDA4NEVEVHF0aFE3NlkzbWxEMDBNMnNtelVn?oc=5\" target=\"_blank\" rel=\"nofollow noopener\">La nueva pel\u00edcula de Resident Evil desata el caos en Praga, y las im\u00e1genes del rodaje confirman su rumoreado argumento<\/a>&nbsp;&nbsp;Hobby Consolas<\/li>\n<li><a href=\"https:\/\/news.google.com\/rss\/articles\/CBMi5AFBVV95cUxPZlg4X29fcmV0UzNlOXFpRG9DSThBSDhWUEp5WnRJTVFOUE5RT3dJY1ZWYlVkZU9NYVZCdllVTU5xRUtoMUZmS1Zub2dROVFIX1NMeENHSi1pdHc3eHlIY2lCU01SX1F3cTlKQm9rWWlFLTd4ZkhTc2pfcEtEa3R6Q2hNc0ZRUDI2clZpQTZSUmRoVWM2eEk0cGYwNzh0X29hTmstazVjS3BhekFvYTlsZWZ5QmQ4TnJRSzBEYmpvQzBOMzhaZ0VubnlyS1BHd19OOFhjVDBnOUF4aFFkN0t6UFVKdGc?oc=5\" target=\"_blank\" rel=\"nofollow noopener\">All\u00ed fue donde empez\u00f3 todo. Las nuevas fotos del rodaje adelantan el principio del fin para Raccoon City<\/a>&nbsp;&nbsp;IGN Espa\u00f1a<\/li>\n<li><a href=\"https:\/\/news.google.com\/rss\/articles\/CBMimAFBVV95cUxNUDdzX0Yzem03OHFLcmw3WFp2OUVuS1dXWnlOc2pLczE4RFVuZFdvMkhHaUVVanBvcm4xeGZkWE9GN19XYkltU2RJOUd6WnBjdkJjRFhFSEpxUFFiamNkSDl4LXl4QmJIYTN0cmFMWUt1R3RtQkxjTmFaX2Uxc1lCaWxfNzlQdUVjUWg5MHowdERfRlFrS2duZA?oc=5\" target=\"_blank\" rel=\"nofollow noopener\">Resident Evil: im\u00e1genes filtradas revelan c\u00f3mo se ver\u00e1 Raccoon City en la nueva pel\u00edcula de Zach Cregger<\/a>&nbsp;&nbsp;Yahoo<\/li>\n<li><a href=\"https:\/\/news.google.com\/rss\/articles\/CBMioAFBVV95cUxORUczX3JlaW5Pd2VGUV9sYnJqY2hPeGIxLUNRalhNY2NIQmZLMWo0c2RDWFFMcTBvNmtFRFpUcXhqTFBtNVZKWFVOZU1VaDlDcHRWbkUwQWZHRWtEY3JfWWxaQ2h2c0VYbk5BLXNycnlUb3VWaWFWQTl2ZzlFakl6alU1Mnd6YnBDeWNwVjFOVHQ4cGdiSGxNWDRVcUY4elpE0gFkQVVfeXFMTUNVVnI2b1ZIdzBKQ00wVEhVcUN4MXAwOUFGUXJHNWx5VldfMFplSzlIRHFVM1JDNzFXUWRIT2hPZmF6eUgtRHMxRHdUY1FDTjU5RkxFUUh1V2p4UVlfNUU0SzlPTQ?oc=5\" target=\"_blank\" rel=\"nofollow noopener\">Resident Evil: Zach Cregger rueda a contrarreloj su nueva pel\u00edcula<\/a>&nbsp;&nbsp;Aullidos.COM<\/li>\n<\/ol>\n","protected":false},"excerpt":{"rendered":"Filtran las primeras im\u00e1genes de la nueva pel\u00edcula de &#8216;Resident Evil&#8217; y empiezan las malas cr\u00edticas: &#8216;Anotad otro&hellip;\n","protected":false},"author":2,"featured_media":232085,"comment_status":"","ping_status":"","sticky":false,"template":"","format":"standard","meta":{"footnotes":""},"categories":[169],"tags":[177,146,147,25,24,2065,176,175,23],"class_list":{"0":"post-232084","1":"post","2":"type-post","3":"status-publish","4":"format-standard","5":"has-post-thumbnail","7":"category-cine","8":"tag-cine","9":"tag-entertainment","10":"tag-entretenimiento","11":"tag-es","12":"tag-espana","13":"tag-faltan-tags","14":"tag-film","15":"tag-movies","16":"tag-spain"},"share_on_mastodon":{"url":"https:\/\/pubeurope.com\/@es\/115536962710656563","error":""},"_links":{"self":[{"href":"https:\/\/www.europesays.com\/es\/wp-json\/wp\/v2\/posts\/232084","targetHints":{"allow":["GET"]}}],"collection":[{"href":"https:\/\/www.europesays.com\/es\/wp-json\/wp\/v2\/posts"}],"about":[{"href":"https:\/\/www.europesays.com\/es\/wp-json\/wp\/v2\/types\/post"}],"author":[{"embeddable":true,"href":"https:\/\/www.europesays.com\/es\/wp-json\/wp\/v2\/users\/2"}],"replies":[{"embeddable":true,"href":"https:\/\/www.europesays.com\/es\/wp-json\/wp\/v2\/comments?post=232084"}],"version-history":[{"count":0,"href":"https:\/\/www.europesays.com\/es\/wp-json\/wp\/v2\/posts\/232084\/revisions"}],"wp:featuredmedia":[{"embeddable":true,"href":"https:\/\/www.europesays.com\/es\/wp-json\/wp\/v2\/media\/232085"}],"wp:attachment":[{"href":"https:\/\/www.europesays.com\/es\/wp-json\/wp\/v2\/media?parent=232084"}],"wp:term":[{"taxonomy":"category","embeddable":true,"href":"https:\/\/www.europesays.com\/es\/wp-json\/wp\/v2\/categories?post=232084"},{"taxonomy":"post_tag","embeddable":true,"href":"https:\/\/www.europesays.com\/es\/wp-json\/wp\/v2\/tags?post=232084"}],"curies":[{"name":"wp","href":"https:\/\/api.w.org\/{rel}","templated":true}]}}