{"id":232090,"date":"2025-11-12T13:32:09","date_gmt":"2025-11-12T13:32:09","guid":{"rendered":"https:\/\/www.europesays.com\/es\/232090\/"},"modified":"2025-11-12T13:32:09","modified_gmt":"2025-11-12T13:32:09","slug":"asi-es-el-casoplon-de-los-javis-en-pozuelo-de-alarcon-con-discoteca-gimnasio-jardin-cine-el-mundo","status":"publish","type":"post","link":"https:\/\/www.europesays.com\/es\/232090\/","title":{"rendered":"As\u00ed es el casopl\u00f3n de los Javis en Pozuelo de Alarc\u00f3n: con discoteca, gimnasio, jard\u00edn, cine&#8230; &#8211; El Mundo"},"content":{"rendered":"<ol>\n<li><a href=\"https:\/\/news.google.com\/rss\/articles\/CBMigAFBVV95cUxPSmo0bV8yN2dtSXJFaWtQUTNMS2l4WmZPU2lkS0FTRW93WEFlTGt3TmNOa2RVeWJfZzVvWkJia052a3JzVTRaR21ndDA2RGF0WlduOXhFOG1RTmxLcUFYZUlpM3FqaXI0S2JXSXZIaHAxd3NOSmw0UkVMQkVFbG1TZdIBgAFBVV95cUxOOU1wTks5TDNUUl9pbW9KeDg5cXVIdUV6d1Y0b0dUdHRYbFpNVkpfaG9GNmxkRHFvQjRXNE5vU1IwYUFTeHYxTjEyX2FaUVJSUkN0MEdGdEl3SHpKVXNGX2dSbW5rakJWN09zeVAyMDhfUTAyZWpzb3NPRGNYOVlLYg?oc=5\" target=\"_blank\" rel=\"nofollow noopener\">As\u00ed es el casopl\u00f3n de los Javis en Pozuelo de Alarc\u00f3n: con discoteca, gimnasio, jard\u00edn, cine&#8230;<\/a>&nbsp;&nbsp;El Mundo<\/li>\n<li><a href=\"https:\/\/news.google.com\/rss\/articles\/CBMinwFBVV95cUxPdkpvYmxCb3ZNeEtiVXNWTGY1RFNkMTFONnRTMkJqall3REJLNzlGaDBJdmVkcVFBQUdYUkFTd1ZfT3lMQjNNSEhQaV9XV2hMNllDWjhqQVVsMXh4R2ZQOGNLUUV3MzZkRXBxbTNUSnB4aXlmVUI5LUpLY1lNVjhVYzh3djBkcjZEM1pnWFdxb1B0amhrdEdOd1U1cmUtMHM?oc=5\" target=\"_blank\" rel=\"nofollow noopener\">Los Javis se separan tras 13 a\u00f1os de relaci\u00f3n sentimental<\/a>&nbsp;&nbsp;EL PA\u00cdS<\/li>\n<li><a href=\"https:\/\/news.google.com\/rss\/articles\/CBMirwFBVV95cUxNWGpYQzZuUE9fMTA4YThmVnl3b3lkTDl2TFVLQ3ZpRUZHMERvcHdQYlI3ZDRhcmlZdHRzVkVOdUgwMzRac3BuenRLeTlZanNINE1neHFhVXVPdGJSd3g2UVVlMVU0dzdZZFd5Zm1JUGVNanJKMUQzYWR2YmdYS3pGWmoxUVV6TUl4UVBPeUx4S2d1SmlSZmhiRGhRdnpqNkFmS2U5LVRQUk1KYTZ0d0tn0gG7AUFVX3lxTFBiWUNsRHAzeHpLZjZTRXEzbml0bTNBYzlWc1VHZUYtdWxndUNONndKSkJTRVlHRXFMYWFFNld4S3duYzd4Y3BWYkE5Ukl6bHBYWHBycGFubGpFb19aNmlvRUtUcjVrWWQzWlRlQTR6eEw0WE01ZlVOU1llcURKZEVSUlJfakV0MmVzQzUtNUtOSTg5SFJuYjY5eU50cWM4U0FRRVZteEZaOGJwTXNja19BTzdyVE9kR1FIcUU?oc=5\" target=\"_blank\" rel=\"nofollow noopener\">Javier Calvo rompe su silencio tras la ruptura con Javier Ambrossi<\/a>&nbsp;&nbsp;Telecinco<\/li>\n<li><a href=\"https:\/\/news.google.com\/rss\/articles\/CBMisgFBVV95cUxNeFVBQ09ZaDdrcXVCYmN3MHM2bnlvRUZUMF9tT1Zya2RmeEVRcThadmtlYW1lcklCeUUyQXl6cGY2VkcxdjJqeC05OXFfQmNQMHJ2b2Nqc0NMaEZ6ZVFmQ1c5U1lqekx0WllhNjVTUlFNbFp4RTZ3bGhLR0xQU0ZUdlo4R2ItUENVRmh3aUhUQ2NueThlX0ZSaF9uQzJTUUlMb09ZRmhWNVVQX3RqS3Nhc2l3?oc=5\" target=\"_blank\" rel=\"nofollow noopener\">El millonario patrimonio que amasan Los Javis tras su ruptura sentimental<\/a>&nbsp;&nbsp;20Minutos<\/li>\n<li><a href=\"https:\/\/news.google.com\/rss\/articles\/CBMisgFBVV95cUxON3lsYV83UG9FY04tVnltYlUtcG11UHpub1QwOHRGQjdHSW40MUFyMXh1bGVtSEZLcE1sdlV4MkxqbkVHeTlkd2g3djV1bWFFN3FUOHdadmJGanFxZDFIOGxnMXV3VkxRaWtSNTB6M2l2UFYtS2xwYkpyY1BsWUV6OWc5X3g5c0tvZ1prVUxsT3UxRDB3TlBpbV8zUzhMR25tb2lzZHF1MUl2Uzk5MzBYVEpn?oc=5\" target=\"_blank\" rel=\"nofollow noopener\">Sabemos qu\u00e9 hac\u00eda Javier Calvo cuando se conoci\u00f3 la noticia de su ruptura: \u00abMe hizo un poco olvidarme del mundo\u00bb<\/a>&nbsp;&nbsp;HOLA<\/li>\n<\/ol>\n","protected":false},"excerpt":{"rendered":"As\u00ed es el casopl\u00f3n de los Javis en Pozuelo de Alarc\u00f3n: con discoteca, gimnasio, jard\u00edn, cine&#8230;&nbsp;&nbsp;El Mundo Los&hellip;\n","protected":false},"author":2,"featured_media":232091,"comment_status":"","ping_status":"","sticky":false,"template":"","format":"standard","meta":{"footnotes":""},"categories":[91],"tags":[146,147,25,24,720,12491,23],"class_list":{"0":"post-232090","1":"post","2":"type-post","3":"status-publish","4":"format-standard","5":"has-post-thumbnail","7":"category-entretenimiento","8":"tag-entertainment","9":"tag-entretenimiento","10":"tag-es","11":"tag-espana","12":"tag-loc-famosos","13":"tag-los-javis","14":"tag-spain"},"share_on_mastodon":{"url":"https:\/\/pubeurope.com\/@es\/115536982898296022","error":""},"_links":{"self":[{"href":"https:\/\/www.europesays.com\/es\/wp-json\/wp\/v2\/posts\/232090","targetHints":{"allow":["GET"]}}],"collection":[{"href":"https:\/\/www.europesays.com\/es\/wp-json\/wp\/v2\/posts"}],"about":[{"href":"https:\/\/www.europesays.com\/es\/wp-json\/wp\/v2\/types\/post"}],"author":[{"embeddable":true,"href":"https:\/\/www.europesays.com\/es\/wp-json\/wp\/v2\/users\/2"}],"replies":[{"embeddable":true,"href":"https:\/\/www.europesays.com\/es\/wp-json\/wp\/v2\/comments?post=232090"}],"version-history":[{"count":0,"href":"https:\/\/www.europesays.com\/es\/wp-json\/wp\/v2\/posts\/232090\/revisions"}],"wp:featuredmedia":[{"embeddable":true,"href":"https:\/\/www.europesays.com\/es\/wp-json\/wp\/v2\/media\/232091"}],"wp:attachment":[{"href":"https:\/\/www.europesays.com\/es\/wp-json\/wp\/v2\/media?parent=232090"}],"wp:term":[{"taxonomy":"category","embeddable":true,"href":"https:\/\/www.europesays.com\/es\/wp-json\/wp\/v2\/categories?post=232090"},{"taxonomy":"post_tag","embeddable":true,"href":"https:\/\/www.europesays.com\/es\/wp-json\/wp\/v2\/tags?post=232090"}],"curies":[{"name":"wp","href":"https:\/\/api.w.org\/{rel}","templated":true}]}}