{"id":232094,"date":"2025-11-12T13:34:16","date_gmt":"2025-11-12T13:34:16","guid":{"rendered":"https:\/\/www.europesays.com\/es\/232094\/"},"modified":"2025-11-12T13:34:16","modified_gmt":"2025-11-12T13:34:16","slug":"actualidad-buscador-ayto-pinto-es-10","status":"publish","type":"post","link":"https:\/\/www.europesays.com\/es\/232094\/","title":{"rendered":"Actualidad buscador &#8211; ayto-pinto.es"},"content":{"rendered":"<p><strong>\u2022 Se trata de dos jornadas en las que se ense\u00f1ar\u00e1 lenguaje de programaci\u00f3n y c\u00f3mo crear un algoritmo propio, gracias al taller impartido en colaboraci\u00f3n con Madrid Aula Digital<\/strong><\/p>\n<p>La F\u00e1brica de Innovaci\u00f3n y Emprendimiento de Pinto (C\/Mancio Serra de Leguizam\u00f3n) apuesta un mes m\u00e1s por los emprendedores y aut\u00f3nomos de Pinto, con los cursos de formaci\u00f3n impulsados por la Concejal\u00eda de Emprendimiento y Turismo, que dirige V\u00edctor Alonso.\u00a0<\/p>\n<p>En esta ocasi\u00f3n, se trata de un taller sobre los principios b\u00e1sicos de la programaci\u00f3n, que se imparte en colaboraci\u00f3n con Madrid Aula Digital, los d\u00edas 19 y 20 de noviembre, de 10:00 a 12.00 horas.\u00a0<\/p>\n<p>En ellos se ense\u00f1ar\u00e1n\u00a0las herramientas que se utilizan, los distintos lenguajes de programaci\u00f3n que existen y como crear un algortimo propio, que ayude a los emprendedores a impulsar su negocio.\u00a0<\/p>\n<p>Un taller gratuito para pymes y aut\u00f3nomos, al que se pueden inscribir en los correos: lafabrica@ayto-pinto.es y\u00a0administracionlafabrica@aserpinto.com. M\u00e1s informaci\u00f3n llamando al tel\u00e9fono\u00a0699843501.<\/p>\n<p>\u00abEl Ayuntamiento de Pinto y la Comunidad de Madrid, a trav\u00e9s de Madrid Aula Digital, seguimos ayudando a los emprendedores y aut\u00f3nomos de Pinto a trav\u00e9s de cursos gratuitos de formaci\u00f3n.\u00a0Este mes de noviembre, los d\u00edas 19 y 20, con un curso sobre programaci\u00f3n b\u00e1sica, que ayudar\u00e1 a nuestros emprendedores a conocer las herramientas y fabricar su propio algoritmo, con el que mejorar su negocio\u00bb, ha destacado V\u00edctor Alonso, que ha animado a participar a la ciudadan\u00eda en este curso.\u00a0<\/p>\n<p>Junto a los <a href=\"https:\/\/www.ayto-pinto.es\/-\/el-ayuntamiento-de-pinto-ofrece-nueva-formaci%C3%B3n-al-comercio-minorista-de-nuestra-localidad\" rel=\"nofollow noopener\" target=\"_blank\"><strong>talleres dirigidos al comercio minorista<\/strong><\/a>, contin\u00faa as\u00ed la programaci\u00f3n formativa de La F\u00e1brica, un proyecto municipal desarrollado esta legislatura por el Gobierno que preside Salom\u00f3n Aguado. Un edificio, el de\u00a0la antigua Casita de Chocolate, que se ha\u00a0puesto al servicio de los vecinos, gracias a la remodelaci\u00f3n llevada a cabo por Aserpinto con una inversi\u00f3n de m\u00e1s de 115.000 euros.\u00a0<\/p>\n<p><img decoding=\"async\" data-fileentryid=\"1952282\" src=\"https:\/\/www.europesays.com\/es\/wp-content\/uploads\/2025\/11\/d9b25f14-a9b8-4f47-a4eb-c12c1a6b8f21\"\/><\/p>\n<p>\u00a0<\/p>\n","protected":false},"excerpt":{"rendered":"\u2022 Se trata de dos jornadas en las que se ense\u00f1ar\u00e1 lenguaje de programaci\u00f3n y c\u00f3mo crear un&hellip;\n","protected":false},"author":2,"featured_media":232095,"comment_status":"","ping_status":"","sticky":false,"template":"","format":"standard","meta":{"footnotes":""},"categories":[80],"tags":[60617,26360,82,95,94,26359,25,24,24132,60616,22723,7207,20961,23],"class_list":{"0":"post-232094","1":"post","2":"type-post","3":"status-publish","4":"format-standard","5":"has-post-thumbnail","7":"category-economia","8":"tag-11-noviembre","9":"tag-aserpinto","10":"tag-business","11":"tag-economia","12":"tag-economy","13":"tag-emprendimiento","14":"tag-es","15":"tag-espana","16":"tag-etiquetas-hemeroteca-2025","17":"tag-formacion-fabrica-pinto","18":"tag-hemeroteca-2025","19":"tag-notas-de-prensa","20":"tag-pinto","21":"tag-spain"},"share_on_mastodon":{"url":"https:\/\/pubeurope.com\/@es\/115536990409016488","error":""},"_links":{"self":[{"href":"https:\/\/www.europesays.com\/es\/wp-json\/wp\/v2\/posts\/232094","targetHints":{"allow":["GET"]}}],"collection":[{"href":"https:\/\/www.europesays.com\/es\/wp-json\/wp\/v2\/posts"}],"about":[{"href":"https:\/\/www.europesays.com\/es\/wp-json\/wp\/v2\/types\/post"}],"author":[{"embeddable":true,"href":"https:\/\/www.europesays.com\/es\/wp-json\/wp\/v2\/users\/2"}],"replies":[{"embeddable":true,"href":"https:\/\/www.europesays.com\/es\/wp-json\/wp\/v2\/comments?post=232094"}],"version-history":[{"count":0,"href":"https:\/\/www.europesays.com\/es\/wp-json\/wp\/v2\/posts\/232094\/revisions"}],"wp:featuredmedia":[{"embeddable":true,"href":"https:\/\/www.europesays.com\/es\/wp-json\/wp\/v2\/media\/232095"}],"wp:attachment":[{"href":"https:\/\/www.europesays.com\/es\/wp-json\/wp\/v2\/media?parent=232094"}],"wp:term":[{"taxonomy":"category","embeddable":true,"href":"https:\/\/www.europesays.com\/es\/wp-json\/wp\/v2\/categories?post=232094"},{"taxonomy":"post_tag","embeddable":true,"href":"https:\/\/www.europesays.com\/es\/wp-json\/wp\/v2\/tags?post=232094"}],"curies":[{"name":"wp","href":"https:\/\/api.w.org\/{rel}","templated":true}]}}