{"id":232096,"date":"2025-11-12T13:35:13","date_gmt":"2025-11-12T13:35:13","guid":{"rendered":"https:\/\/www.europesays.com\/es\/232096\/"},"modified":"2025-11-12T13:35:13","modified_gmt":"2025-11-12T13:35:13","slug":"trump-dice-que-tiene-la-obligacion-de-demandar-a-la-bbc-por-la-edicion-enganosa","status":"publish","type":"post","link":"https:\/\/www.europesays.com\/es\/232096\/","title":{"rendered":"Trump dice que tiene la \u00abobligaci\u00f3n\u00bb de demandar a la BBC por la edici\u00f3n enga\u00f1osa"},"content":{"rendered":"<p>    <img src=\"https:\/\/www.europesays.com\/es\/wp-content\/uploads\/2025\/11\/2025-11-12T113A293A14Z-90320204.jpg\" width=\"1024\" height=\"682\" alt=\"\" loading=\"eager\" decoding=\"sync\" fetchpriority=\"high\"\/><\/p>\n<p>            afp_tickers        <\/p>\n<p>        Este contenido fue publicado en    <\/p>\n<p>        12 noviembre 2025 &#8211; 12:29\n<\/p>\n<p>El presidente de Estados Unidos, Donald Trump, asegur\u00f3 el martes que se ha visto \u00abobligado\u00bb a amenazar a la BBC con acciones legales tras la edici\u00f3n enga\u00f1osa de uno de sus discursos, pero no aclar\u00f3 si finalmente seguir\u00e1 adelante.<\/p>\n<p>Seg\u00fan una carta a la que tuvo acceso AFP, los abogados de Trump amenazaron el lunes a la cadena brit\u00e1nica con una demanda de mil millones de d\u00f3lares.<\/p>\n<p>Por su parte la BBC se disculp\u00f3 p\u00fablicamente por la edici\u00f3n de uno de los discursos de Trump que daba la impresi\u00f3n de que el presidente hab\u00eda instado a la \u00abacci\u00f3n violenta\u00bb antes del asalto al Capitolio estadounidense en 2021.<\/p>\n<p>El documental de la BBC se emiti\u00f3 el a\u00f1o pasado dentro del programa \u2018Panorama\u2019.<\/p>\n<p>Respondiendo en una entrevista en la cadena Fox News, grabada el lunes, sobre si iba a demandar a la BBC Trump respondi\u00f3: \u00abSupongo que tengo que hacerlo, \u00bfpor qu\u00e9 no?\u00bb.<\/p>\n<p>\u00abCreo que tengo la obligaci\u00f3n de hacerlo, porque no se puede permitir que la gente haga eso\u00bb, a\u00f1adi\u00f3, sin confirmar si hab\u00eda iniciado formalmente los tr\u00e1mites para presentar una demanda por difamaci\u00f3n.<\/p>\n<p>\u00abEnga\u00f1aron al p\u00fablico y lo han admitido\u00bb, asegur\u00f3.<\/p>\n<p>A ra\u00edz de la controversia el director de la BBC y el principal responsable de informativos de la organizaci\u00f3n dimitieron el domingo .<\/p>\n<p>ceg\/ami\/pc\/pb<\/p>\n","protected":false},"excerpt":{"rendered":"afp_tickers Este contenido fue publicado en 12 noviembre 2025 &#8211; 12:29 El presidente de Estados Unidos, Donald Trump,&hellip;\n","protected":false},"author":2,"featured_media":232097,"comment_status":"","ping_status":"","sticky":false,"template":"","format":"standard","meta":{"footnotes":""},"categories":[42],"tags":[17,18,5797,13,14,11,61,62,63,64,19,20,5798,9,19604,10,15,16,88,90,12,21,22,65,66,67],"class_list":{"0":"post-232096","1":"post","2":"type-post","3":"status-publish","4":"format-standard","5":"has-post-thumbnail","7":"category-internacional","8":"tag-breaking-news","9":"tag-breakingnews","10":"tag-culture","11":"tag-featured-news","12":"tag-featurednews","13":"tag-headlines","14":"tag-internacional","15":"tag-international","16":"tag-international-news","17":"tag-internationalnews","18":"tag-latest-news","19":"tag-latestnews","20":"tag-mass-media","21":"tag-news","22":"tag-news-media","23":"tag-noticias","24":"tag-noticias-destacadas","25":"tag-noticiasdestacadas","26":"tag-politics","27":"tag-ticker","28":"tag-titulares","29":"tag-ultimas-noticias","30":"tag-ultimasnoticias","31":"tag-world","32":"tag-world-news","33":"tag-worldnews"},"share_on_mastodon":{"url":"https:\/\/pubeurope.com\/@es\/115536994346448556","error":""},"_links":{"self":[{"href":"https:\/\/www.europesays.com\/es\/wp-json\/wp\/v2\/posts\/232096","targetHints":{"allow":["GET"]}}],"collection":[{"href":"https:\/\/www.europesays.com\/es\/wp-json\/wp\/v2\/posts"}],"about":[{"href":"https:\/\/www.europesays.com\/es\/wp-json\/wp\/v2\/types\/post"}],"author":[{"embeddable":true,"href":"https:\/\/www.europesays.com\/es\/wp-json\/wp\/v2\/users\/2"}],"replies":[{"embeddable":true,"href":"https:\/\/www.europesays.com\/es\/wp-json\/wp\/v2\/comments?post=232096"}],"version-history":[{"count":0,"href":"https:\/\/www.europesays.com\/es\/wp-json\/wp\/v2\/posts\/232096\/revisions"}],"wp:featuredmedia":[{"embeddable":true,"href":"https:\/\/www.europesays.com\/es\/wp-json\/wp\/v2\/media\/232097"}],"wp:attachment":[{"href":"https:\/\/www.europesays.com\/es\/wp-json\/wp\/v2\/media?parent=232096"}],"wp:term":[{"taxonomy":"category","embeddable":true,"href":"https:\/\/www.europesays.com\/es\/wp-json\/wp\/v2\/categories?post=232096"},{"taxonomy":"post_tag","embeddable":true,"href":"https:\/\/www.europesays.com\/es\/wp-json\/wp\/v2\/tags?post=232096"}],"curies":[{"name":"wp","href":"https:\/\/api.w.org\/{rel}","templated":true}]}}