{"id":232101,"date":"2025-11-12T13:44:07","date_gmt":"2025-11-12T13:44:07","guid":{"rendered":"https:\/\/www.europesays.com\/es\/232101\/"},"modified":"2025-11-12T13:44:07","modified_gmt":"2025-11-12T13:44:07","slug":"shelton-auger-aliassime-en-directo-fase-de-grupos-de-las-atp-finals-hoy-en-vivo-diario-as","status":"publish","type":"post","link":"https:\/\/www.europesays.com\/es\/232101\/","title":{"rendered":"Shelton &#8211; Auger-Aliassime, en directo: fase de grupos de las ATP Finals hoy en vivo &#8211; Diario AS"},"content":{"rendered":"<ol>\n<li><a href=\"https:\/\/news.google.com\/rss\/articles\/CBMivgFBVV95cUxNRkFXMXpDa0FqU1JMeUdPM0pDZURWTUxYODEwemhnbktUcEJhQlhmRWlOY2FMTC1MNk54b1hNY0oyOS1PdkZ4Z0Nycl83akRWVjFGVkJIWUpSSTRsUkw2T0tFRWpNVVRHM2NoX0h0alNBSnJlekF4NjNfcTZFaGtfMGJ0QWY0VTl3dkFoTFoyQmFJczNzTE5veFdhQUw2TnJicEdObEpUMFFZYlNqVEpvMGRZMDVCc2pQazhnNDN30gHSAUFVX3lxTE54Z1dDUzU5Q3ZYUWx3ZThwUkE2LUZfel9WcEpsRWxfZ1NlSDYwMXlBVi1nczhWM2x2a3lxbmNidjdITnJpcWRmUXNOTm1KX2c4ZF9DaTBfWWJuV1c1WlpFaC1MMWZOdm41bzV4RXphbVhCNkJ1OW9pbzNMeE1jTlp3Ql9ZaURsNlF2Y0ZUX0NPcFRXRk5QejNhS2RKSXNJSW5YSURQYnVCeU1JUUVxVVJSTFdaMWtMVGlyMi1nNHVxVUpQNDE2dWJyb3pva18tVjd1QQ?oc=5\" target=\"_blank\" rel=\"nofollow noopener\">Shelton &#8211; Auger-Aliassime, en directo: fase de grupos de las ATP Finals hoy en vivo<\/a>&nbsp;&nbsp;Diario AS<\/li>\n<li><a href=\"https:\/\/news.google.com\/rss\/articles\/CBMiugFBVV95cUxPYk5tdTNRME5BNGlRcjFicHNISE5wcndwMUJFemVMS3UzZG1RdENldWJZbG8yQXJYVXQzaEpReUlQbDdxMjFibE81NHBsMW93eDlDQ0pTY1hjeUg1TGtwcWJxLTdSRy1LZTh5cXVIcnFXUzFiYlNqVVVXYjhzWEFZNzg2WEVxUjNHRlJVbGJqLXp5RDJkaHZONDhERzlIVkt3Tmk0a0E3MmZJaTFmTDVrOG5OeTFsc3M1MHc?oc=5\" target=\"_blank\" rel=\"nofollow noopener\">Ben Shelton &#8211; F\u00e9lix Auger-Aliassime en directo: ATP Finals &#8211; Tenis<\/a>&nbsp;&nbsp;Eurosport<\/li>\n<li><a href=\"https:\/\/news.google.com\/rss\/articles\/CBMi3gFBVV95cUxQX1lZZTRtcHFDclloa1JpbG5qRTRLWk5zckpLSzB1a2FmRU03bEJHTFcyNlFTZ29XaXlDelFXTXdiakMtcThoaTdjS0E5d1doUmV2OTNTNU1xTVJlN3E5TEVFdkZoMTVCV1hDdG0tbjhrbUZpSlY1SDllREdvMFpZbkx5QllqM1lWWVBLVGVwbjJYNGZWOUV3U0taeHZiRVJNMUxUMmhLeWhPejhqQjMxUjAtWTRIVGpEZktSSjV6MlU5WWk4UUp3UkxiT1FfS05wYUxfN2ZZTlF3Z3hPeVE?oc=5\" target=\"_blank\" rel=\"nofollow noopener\">Shelton &#8211; Auger-Aliassime: pron\u00f3sticos, estad\u00edsticas y d\u00f3nde ver<\/a>&nbsp;&nbsp;bet365 &#8211; Apuestas deportivas en la red<\/li>\n<li><a href=\"https:\/\/news.google.com\/rss\/articles\/CBMi2gFBVV95cUxORm9rT3ZZT0ZKVEItY3V1XzZOVGRTMm9pamdOazMtRUozWk84eTV1TzQyUFlIZWNqWkVGY1I5cXo4eGFPQXdZVkkxMmtFTncwZWVXS3dZODFiRnRYT3BlV0JxVXJCV0tndExRY2FFUTFxQmlYdFlrMllib2dJRms1YjhtcFZVMmtPQnI4NnpBQlg3eXdGZWpkRVROU2RkMUZtSjEwMDBhbmNadEhhRUtxOE1YMTVLc24xNlhwcVlHdUsyTlRnWlB6U3dSQXRwV3JRSXNnWTkza09oQQ?oc=5\" target=\"_blank\" rel=\"nofollow noopener\">El minuto a minuto de Felix Auger-Aliassime vs Ben Shelton por las ATP Finals 2025<\/a>&nbsp;&nbsp;ESPN Deportes<\/li>\n<\/ol>\n","protected":false},"excerpt":{"rendered":"Shelton &#8211; Auger-Aliassime, en directo: fase de grupos de las ATP Finals hoy en vivo&nbsp;&nbsp;Diario AS Ben Shelton&hellip;\n","protected":false},"author":2,"featured_media":232102,"comment_status":"","ping_status":"","sticky":false,"template":"","format":"standard","meta":{"footnotes":""},"categories":[274],"tags":[168,25,24,23,167,327,326],"class_list":{"0":"post-232101","1":"post","2":"type-post","3":"status-publish","4":"format-standard","5":"has-post-thumbnail","7":"category-tenis","8":"tag-deportes","9":"tag-es","10":"tag-espana","11":"tag-spain","12":"tag-sports","13":"tag-tenis","14":"tag-tennis"},"share_on_mastodon":{"url":"https:\/\/pubeurope.com\/@es\/115537029512809857","error":""},"_links":{"self":[{"href":"https:\/\/www.europesays.com\/es\/wp-json\/wp\/v2\/posts\/232101","targetHints":{"allow":["GET"]}}],"collection":[{"href":"https:\/\/www.europesays.com\/es\/wp-json\/wp\/v2\/posts"}],"about":[{"href":"https:\/\/www.europesays.com\/es\/wp-json\/wp\/v2\/types\/post"}],"author":[{"embeddable":true,"href":"https:\/\/www.europesays.com\/es\/wp-json\/wp\/v2\/users\/2"}],"replies":[{"embeddable":true,"href":"https:\/\/www.europesays.com\/es\/wp-json\/wp\/v2\/comments?post=232101"}],"version-history":[{"count":0,"href":"https:\/\/www.europesays.com\/es\/wp-json\/wp\/v2\/posts\/232101\/revisions"}],"wp:featuredmedia":[{"embeddable":true,"href":"https:\/\/www.europesays.com\/es\/wp-json\/wp\/v2\/media\/232102"}],"wp:attachment":[{"href":"https:\/\/www.europesays.com\/es\/wp-json\/wp\/v2\/media?parent=232101"}],"wp:term":[{"taxonomy":"category","embeddable":true,"href":"https:\/\/www.europesays.com\/es\/wp-json\/wp\/v2\/categories?post=232101"},{"taxonomy":"post_tag","embeddable":true,"href":"https:\/\/www.europesays.com\/es\/wp-json\/wp\/v2\/tags?post=232101"}],"curies":[{"name":"wp","href":"https:\/\/api.w.org\/{rel}","templated":true}]}}