{"id":232130,"date":"2025-11-12T14:20:06","date_gmt":"2025-11-12T14:20:06","guid":{"rendered":"https:\/\/www.europesays.com\/es\/232130\/"},"modified":"2025-11-12T14:20:06","modified_gmt":"2025-11-12T14:20:06","slug":"inside-alcaraz-los-planes-de-carlos-antes-de-la-gran-batalla-contra-lorenzo-musetti-en-las-atp-finals-descanso-para-mimar-su-fisico-al-maximo","status":"publish","type":"post","link":"https:\/\/www.europesays.com\/es\/232130\/","title":{"rendered":"Inside Alcaraz | Los planes de Carlos antes de la gran batalla contra Lorenzo Musetti en las ATP Finals: Descanso para mimar su f\u00edsico al m\u00e1ximo"},"content":{"rendered":"<p><b data-testid=\"body-text-bold\">Carlos Alcaraz<\/b> ha optado por no coger la raqueta este mi\u00e9rcoles antes del <b data-testid=\"body-text-bold\">gran duelo con Lorenzo Musetti<\/b> de este jueves (no antes de las 20:30 horas), en el que <b data-testid=\"body-text-bold\">est\u00e1 en juego el n\u00famero 1 de 2025<\/b> <b data-testid=\"body-text-bold\">y la clasificaci\u00f3n como primero de grupo a semifinales<\/b> de las <b data-testid=\"body-text-bold\">Nitto ATP Finals<\/b>.<\/p>\n<p><img decoding=\"async\" class=\"text-transparent h-full w-full object-cover\" src=\"https:\/\/www.europesays.com\/es\/wp-content\/uploads\/2025\/11\/image-9f8a6849-134a-4899-9be9-11a6b6ba12e4-85-2560-1440.jpeg\" alt=\"picture\" data-testid=\"image-high-res\"\/><\/p>\n<p class=\"typo-tk-rs-caption-xs\">Alcaraz y la lucha interna por no pensar en el n\u00ba1: \u00abLo intento, pero es muy dif\u00edcil\u00bb<\/p>\n<p class=\"typo-tk-rs-caption-xs\">Autor del v\u00eddeo: Eurosport<\/p>\n<p>Despu\u00e9s del enorme esfuerzo del martes, en una batalla de cerca de tres horas ante Taylor Fritz, el tenista de El Palmar y su equipo han optado por hacer <b data-testid=\"body-text-bold\">trabajo de recuperaci\u00f3n y prevenci\u00f3n<\/b> ante lo que <b data-testid=\"body-text-bold\">podr\u00edan ser cuatro d\u00edas de m\u00e1xima exigencia f\u00edsica<\/b>.<\/p>\n<p><img decoding=\"async\" class=\"text-transparent h-full w-full object-cover\" src=\"https:\/\/www.europesays.com\/es\/wp-content\/uploads\/2025\/11\/image-5e30655c-dbd2-49d0-a75e-d11b81cc54bc-85-2560-1440.jpeg\" alt=\"picture\" data-testid=\"image-high-res\"\/><\/p>\n<p class=\"typo-tk-rs-caption-xs\">Alcaraz-Fritz: No hay victoria sin sufrimiento 6-7(2), 7-5 y 6-3<\/p>\n<p class=\"typo-tk-rs-caption-xs\">Autor del v\u00eddeo: Eurosport<\/p>\n<p>En caso de ganar ante Musetti, Alcaraz conseguir\u00eda el trofeo de n\u00famero 1 de 2025 y el primer puesto del grupo Jimmy Connors.<\/p>\n","protected":false},"excerpt":{"rendered":"Carlos Alcaraz ha optado por no coger la raqueta este mi\u00e9rcoles antes del gran duelo con Lorenzo Musetti&hellip;\n","protected":false},"author":2,"featured_media":232131,"comment_status":"","ping_status":"","sticky":false,"template":"","format":"standard","meta":{"footnotes":""},"categories":[274],"tags":[58515,168,25,24,23,167,327,326],"class_list":{"0":"post-232130","1":"post","2":"type-post","3":"status-publish","4":"format-standard","5":"has-post-thumbnail","7":"category-tenis","8":"tag-atp-finals-2025","9":"tag-deportes","10":"tag-es","11":"tag-espana","12":"tag-spain","13":"tag-sports","14":"tag-tenis","15":"tag-tennis"},"share_on_mastodon":{"url":"https:\/\/pubeurope.com\/@es\/115537171414713865","error":""},"_links":{"self":[{"href":"https:\/\/www.europesays.com\/es\/wp-json\/wp\/v2\/posts\/232130","targetHints":{"allow":["GET"]}}],"collection":[{"href":"https:\/\/www.europesays.com\/es\/wp-json\/wp\/v2\/posts"}],"about":[{"href":"https:\/\/www.europesays.com\/es\/wp-json\/wp\/v2\/types\/post"}],"author":[{"embeddable":true,"href":"https:\/\/www.europesays.com\/es\/wp-json\/wp\/v2\/users\/2"}],"replies":[{"embeddable":true,"href":"https:\/\/www.europesays.com\/es\/wp-json\/wp\/v2\/comments?post=232130"}],"version-history":[{"count":0,"href":"https:\/\/www.europesays.com\/es\/wp-json\/wp\/v2\/posts\/232130\/revisions"}],"wp:featuredmedia":[{"embeddable":true,"href":"https:\/\/www.europesays.com\/es\/wp-json\/wp\/v2\/media\/232131"}],"wp:attachment":[{"href":"https:\/\/www.europesays.com\/es\/wp-json\/wp\/v2\/media?parent=232130"}],"wp:term":[{"taxonomy":"category","embeddable":true,"href":"https:\/\/www.europesays.com\/es\/wp-json\/wp\/v2\/categories?post=232130"},{"taxonomy":"post_tag","embeddable":true,"href":"https:\/\/www.europesays.com\/es\/wp-json\/wp\/v2\/tags?post=232130"}],"curies":[{"name":"wp","href":"https:\/\/api.w.org\/{rel}","templated":true}]}}