{"id":232141,"date":"2025-11-12T14:31:10","date_gmt":"2025-11-12T14:31:10","guid":{"rendered":"https:\/\/www.europesays.com\/es\/232141\/"},"modified":"2025-11-12T14:31:10","modified_gmt":"2025-11-12T14:31:10","slug":"el-hormiguero-uso-a-la-bbc-como-excusa-para-atacar-a-rtve-al-afirmar-que-esta-manipulando","status":"publish","type":"post","link":"https:\/\/www.europesays.com\/es\/232141\/","title":{"rendered":"&#8216;El Hormiguero&#8217; us\u00f3 a la BBC como excusa para atacar a RTVE al afirmar que \u00abest\u00e1 manipulando\u00bb"},"content":{"rendered":"<p class=\"article-text\">\n        El martes es la noche de la <strong>&#8216;Tertulia de actualidad&#8217;<\/strong> de <strong>El Hormiguero<\/strong>. Y en esta ocasi\u00f3n, junto a Rub\u00e9n Am\u00f3n, Mar\u00eda Dab\u00e1n, Rosa Belmonte y Juan del Val; el presentador Pablo Motos introdujo como moderador temas que inclu\u00edan las habituales cr\u00edticas al Gobierno: primero los audios de <strong>Leire D\u00edez<\/strong> (con acusaciones de \u201ccorrupci\u00f3n\u201d, \u201cmafia pura\u201d y ser \u201cuna banda\u201d), y segundo el juicio al <strong>Fiscal General del Estado<\/strong> (recalcando los \u201cindicios\u201d que hay en su contra y que aunque periodistas lo supieran antes puede haber revelaci\u00f3n de secretos).\n    <\/p>\n<p>    <a href=\"https:\/\/www.eldiario.es\/vertele\/noticias\/roberto-vilar-land-rober-pulla-pablo-motos-hormiguero-david-broncano_1_12754074.html\" data-mrf-recirculation=\"saber-mas\" data-dl-event=\"saber-mas\" rel=\"nofollow noopener\" target=\"_blank\"><\/p>\n<p class=\"know-more__title\">La pulla de Roberto Vilar a Pablo Motos por no participar en una promo que s\u00ed acept\u00f3 Broncano: \u00abNo le dio la gana\u00bb<\/p>\n<p>            <img decoding=\"async\" class=\"lazy\" loading=\"lazy\" data-src=\"https:\/\/static.eldiario.es\/clip\/59a8aaad-42ee-4b51-9e5a-2601041d9cfd_16-9-aspect-ratio_default_0.jpg\" src=\"data:image\/svg+xml,%3Csvg xmlns=\" http:=\"\" viewbox=\"0 0 880 495\" alt=\"La pulla de Roberto Vilar a Pablo Motos por no participar en una promo que s\u00ed acept\u00f3 Broncano: &quot;No le dio la gana&quot;\"\/><\/p>\n<p>                        <\/a><\/p>\n<p class=\"article-text\">\n        En tercer lugar hablaron de la declaraci\u00f3n de <strong>Maz\u00f3n <\/strong>en la comisi\u00f3n de investigaci\u00f3n sobre la DANA en Valencia, lo que sirvi\u00f3 a <strong>Pablo Motos<\/strong> para introducir el cuarto tema: <strong>\u201cS\u00f3lo por comparaci\u00f3n, Espa\u00f1a es como es, la conocemos.<\/strong> Bueno, pues el director de la BBC y la directora de Informativos han dimitido por haber sido acusados de dar una noticia sesgada contra Trump. Si t\u00fa comparas que en la BBC, porque han editado unas declaraciones de Trump, y han cortado unas palabras de Trump, han dimitido el director de la BBC y la directora de Informativos, <strong>dices: hostias, qu\u00e9 diferentes somos\u201d<\/strong>.\n    <\/p>\n<p class=\"article-text\">\n        El presentador de El Hormiguero introdujo as\u00ed la <a href=\"https:\/\/www.eldiario.es\/internacional\/dimite-director-general-bbc-informe-interno-acusaba-cadena-sesgos-anti-trump-propalestinos_1_12754397.html\" data-mrf-recirculation=\"links-noticia\" class=\"link\" target=\"_blank\" rel=\"nofollow noopener\">dimisi\u00f3n de los dos altos directivos<\/a> de la cadena p\u00fablica brit\u00e1nica. Pero sin explicar que el mismo presidente de la BBC ha <a href=\"https:\/\/www.eldiario.es\/internacional\/presidente-bbc-pide-perdon-programa-trump-defiende-cadena-acusaciones-parcialidad_1_12755689.html\" data-mrf-recirculation=\"links-noticia\" class=\"link\" target=\"_blank\" rel=\"nofollow noopener\">defendido a la cadena<\/a> de las acusaciones de parcialidad, y que todo se halla en medio de una <a href=\"https:\/\/www.eldiario.es\/internacional\/pasando-bbc-sufre-defenderse-campana-derecha_129_12756470.html\" data-mrf-recirculation=\"links-noticia\" class=\"link\" target=\"_blank\" rel=\"nofollow noopener\">campa\u00f1a de la derecha<\/a> encabezada por una amenaza de denuncia multimillonaria por parte de Donald Trump. El programa de Antena 3 pas\u00f3 directamente a la opini\u00f3n, utiliz\u00e1ndolo como una <strong>excusa para criticar a RTVE<\/strong> por sus diferencias, sin considerar tampoco que la cadena p\u00fablica espa\u00f1ola no ha incurrido en un error como editar unas palabras de Trump (o de cualquier otro) para parecer que dec\u00eda una cosa que no dijo.\n    <\/p>\n<p class=\"article-text\">\n        El primero fue <strong>Rub\u00e9n Am\u00f3n<\/strong>, que socarr\u00f3n dijo: \u201cA m\u00ed me enternece la reacci\u00f3n de la televisi\u00f3n p\u00fablica espa\u00f1ola ante la noticia, escandaliz\u00e1ndose por lo sucedido en la BBC\u201d, mientras empezaba a re\u00edrse. Am\u00f3n continu\u00f3 directamente acusando de manipulaci\u00f3n a RTVE: \u201cEstamos hablando de un defecto de edici\u00f3n. No de una categor\u00eda de <strong>manipulaci\u00f3n, que es lo que sucede con la televisi\u00f3n p\u00fablica<\/strong> de unos a\u00f1os a esta parte, y no digamos desde que se ha legalizado la postura pol\u00edtica. O sea, en TVE, la p\u00fablica, tenemos una <strong>programaci\u00f3n orientada sistem\u00e1ticamente a la vanagloria y propaganda del presidente del Gobierno<\/strong>. Con el dinero de todos, y con el presupuesto de nuestra \u00e9tica period\u00edstica\u201d.\n    <\/p>\n<p class=\"article-text\">\n        El colaborador concluy\u00f3: \u201cLo digo porque el director dimitido de la BBC fue escogido por el gobierno conservador, y se mantuvo con el gobierno laborista, en funci\u00f3n de un criterio b\u00e1sico que es la neutralidad. Si la televisi\u00f3n p\u00fablica no es neutral, yo no quiero la televisi\u00f3n p\u00fablica. Y en Espa\u00f1a la televisi\u00f3n p\u00fablica lleva muchos a\u00f1os, de esos siempre ha sucedido pero ahora de forma m\u00e1s contundente, <strong>dedic\u00e1ndose espec\u00edficamente a la programaci\u00f3n pol\u00edtica<\/strong>, desde la ma\u00f1ana hasta la noche, cargando siempre sobre la propaganda que le interesa al presidente del Gobierno. Y esa no es la televisi\u00f3n p\u00fablica que nos merecemos\u201d. Precisamente a El Hormiguero se le critica que, desde la pandemia, dejase de ser un programa de entretenimiento para ser de actualidad pol\u00edtica, justo con esa tertulia en la que participa Rub\u00e9n Am\u00f3n. Y desde el programa, se han defendido dejando claro que tienen derecho a hablar tambi\u00e9n de pol\u00edtica.\n    <\/p>\n<p>            <img decoding=\"async\" class=\"lazy\" loading=\"lazy\" data-src=\"https:\/\/static.eldiario.es\/clip\/1674b973-818e-47ca-87f6-24f2d54611d4_16-9-discover-aspect-ratio_default_0.jpg\" src=\"data:image\/svg+xml,%3Csvg xmlns=\" http:=\"\" viewbox=\"0 0 1200 675\" alt=\"Rub\u00e9n Am\u00f3n este martes en 'El Hormiguero'\"\/><\/p>\n<p class=\"article-text\">\n        <strong>Rosa Belmonte<\/strong> intervino para ser la siguiente en tomar la palabra y dejar clara su opini\u00f3n: <strong>\u201cLas televisiones p\u00fablicas deber\u00edan ser fulminadas<\/strong>. No deber\u00edan existir\u201d.\n    <\/p>\n<p class=\"article-text\">\n        Y tras esa radical determinaci\u00f3n, que Rub\u00e9n Am\u00f3n suaviz\u00f3 matizando que \u201cen estos t\u00e9rminos, s\u00ed\u201d, fue <strong>Juan del Val<\/strong> el tercer colaborador en opinar, no sobre la BBC, sino sobre RTVE: \u201cTambi\u00e9n creo que podemos protestar todo lo que queramos por esto, y estoy totalmente de acuerdo. Pero tambi\u00e9n creo que la culpa la tenemos los ciudadanos. Porque t\u00fa eres muy cr\u00edtico cuando la televisi\u00f3n p\u00fablica se mete o defiende a los que no son los tuyos. Pero cuando son los tuyos, no eres tan cr\u00edtico. Los ciudadanos deber\u00edamos ser igual de cr\u00edticos cuando ves que una televisi\u00f3n p\u00fablica <strong>est\u00e1 manipulando la informaci\u00f3n, que es lo que sucede ahora en TVE, sin ninguna duda<\/strong>, y en la mayor\u00eda de auton\u00f3micas, por no decir en todas\u201d. Su acusaci\u00f3n, de nuevo sin explicar por qu\u00e9, fue apoyada por Rosa Belmonte: \u201cHombre claro, si son instrumentos pol\u00edticos\u201d.\n    <\/p>\n<p class=\"article-text\">\n        Del Val prosigui\u00f3: <strong>\u201cEs un instrumento pol\u00edtico<\/strong>, y los ciudadanos lo toleramos. Y deber\u00edamos no tolerarlo, ser igual de beligerantes. Ahora mismo, un votante del PSOE podr\u00eda ser igual de beligerante con Telemadrid que con TVE. Y esto es lo que no se puede consentir. Y la culpa la tenemos nosotros\u201d.\n    <\/p>\n<p>            <img decoding=\"async\" class=\"lazy\" loading=\"lazy\" data-src=\"https:\/\/static.eldiario.es\/clip\/ef22c702-3f18-4892-845e-806a42730fa7_16-9-aspect-ratio_default_1130189.jpg\" src=\"data:image\/svg+xml,%3Csvg xmlns=\" http:=\"\" viewbox=\"0 0 4096 2304\" alt=\"Rosa Belmonte y Juan del Val, este martes en 'El Hormiguero'\"\/><\/p>\n<p class=\"article-text\">\n        Quedaba <strong>Mar\u00eda Dab\u00e1n<\/strong>, que introdujo otra l\u00ednea de cr\u00edtica a RTVE: \u201cY con una deuda estratosf\u00e9rica. La semana pasada pas\u00f3 una cosa que era de risa: entrevistan a una se\u00f1ora con una bata blanca, diciendo que es sanitaria y habla de los cribados, y resulta que es que no es sanitaria, ella entr\u00f3 como cocinera, luego era administrativa, y resulta que ahora es una liberada sindical de UGT. Y de repente hab\u00eda sido poco menos que operaba a coraz\u00f3n abierto\u201d. No nombr\u00f3 a Ma\u00f1aneros 360 ni a Javier Ruiz, pese a que <a href=\"https:\/\/www.eldiario.es\/vertele\/noticias\/javier-ruiz-polemica-entrevista-cribados-andalucia-periodico-abc-maria-del-mar-suarez-medica-cocinera_1_12751355.html\" data-mrf-recirculation=\"links-noticia\" class=\"link\" rel=\"nofollow noopener\" target=\"_blank\">el presentador se refiri\u00f3 y respondi\u00f3 en directo<\/a> a lo sucedido, intentando aclarar su error.\n    <\/p>\n<p class=\"article-text\">\n        Tras los discursos de todos sus colaboradores, intervino <strong>Pablo Motos<\/strong>: \u201cQue no parezca que estoy cortando, pero es que me estoy pasando del tiempo y tiene que seguir Antena 3 su programaci\u00f3n, entonces lo dejamos aqu\u00ed y volvemos ma\u00f1ana\u201d.\n    <\/p>\n<p>    <a href=\"https:\/\/www.eldiario.es\/vertele\/audiencias-tv\/martes-11-noviembre-2025-el-hormiguero-recupera-liderato-la-revuelta-access-record-tentaciones_1_12760468.html\" data-mrf-recirculation=\"saber-mas-abajo\" data-dl-event=\"saber-mas-abajo\" rel=\"nofollow noopener\" target=\"_blank\"><\/p>\n<p class=\"know-more__title\">&#8216;El Hormiguero&#8217; (16.9%) recupera el liderato sobre &#8216;La Revuelta&#8217; (13.7%) en un access de r\u00e9cord para las &#8216;Tentaciones&#8217;<\/p>\n<p>            <img decoding=\"async\" class=\"lazy\" loading=\"lazy\" data-src=\"https:\/\/static.eldiario.es\/clip\/7b5362d6-ac06-4d5f-bb79-fcdc8f3a6412_16-9-aspect-ratio_default_0.jpg\" src=\"data:image\/svg+xml,%3Csvg xmlns=\" http:=\"\" viewbox=\"0 0 880 495\" alt=\"'El Hormiguero' (16.9%) recupera el liderato sobre 'La Revuelta' (13.7%) en un access de r\u00e9cord para las 'Tentaciones'\"\/><\/p>\n<p>                        <\/a><\/p>\n<p class=\"article-text\">\n        *Esta informaci\u00f3n no va acompa\u00f1ada de ning\u00fan v\u00eddeo porque desde hace ya a\u00f1os &#8216;El Hormiguero&#8217; no publica ni comparte ning\u00fan fragmento de sus tertulias, tras las cr\u00edticas recibidas por su politizaci\u00f3n y ataques al Gobierno.\n    <\/p>\n","protected":false},"excerpt":{"rendered":"El martes es la noche de la &#8216;Tertulia de actualidad&#8217; de El Hormiguero. Y en esta ocasi\u00f3n, junto&hellip;\n","protected":false},"author":2,"featured_media":232142,"comment_status":"","ping_status":"","sticky":false,"template":"","format":"standard","meta":{"footnotes":""},"categories":[171],"tags":[60630,20481,27973,146,147,25,24,9734,17775,60631,518,23,214],"class_list":{"0":"post-232141","1":"post","2":"type-post","3":"status-publish","4":"format-standard","5":"has-post-thumbnail","7":"category-tv","8":"tag-afirmar","9":"tag-atacar","10":"tag-bbc","11":"tag-entertainment","12":"tag-entretenimiento","13":"tag-es","14":"tag-espana","15":"tag-excusa","16":"tag-hormiguero","17":"tag-manipulando","18":"tag-rtve","19":"tag-spain","20":"tag-tv"},"share_on_mastodon":{"url":"https:\/\/pubeurope.com\/@es\/115537214456654179","error":""},"_links":{"self":[{"href":"https:\/\/www.europesays.com\/es\/wp-json\/wp\/v2\/posts\/232141","targetHints":{"allow":["GET"]}}],"collection":[{"href":"https:\/\/www.europesays.com\/es\/wp-json\/wp\/v2\/posts"}],"about":[{"href":"https:\/\/www.europesays.com\/es\/wp-json\/wp\/v2\/types\/post"}],"author":[{"embeddable":true,"href":"https:\/\/www.europesays.com\/es\/wp-json\/wp\/v2\/users\/2"}],"replies":[{"embeddable":true,"href":"https:\/\/www.europesays.com\/es\/wp-json\/wp\/v2\/comments?post=232141"}],"version-history":[{"count":0,"href":"https:\/\/www.europesays.com\/es\/wp-json\/wp\/v2\/posts\/232141\/revisions"}],"wp:featuredmedia":[{"embeddable":true,"href":"https:\/\/www.europesays.com\/es\/wp-json\/wp\/v2\/media\/232142"}],"wp:attachment":[{"href":"https:\/\/www.europesays.com\/es\/wp-json\/wp\/v2\/media?parent=232141"}],"wp:term":[{"taxonomy":"category","embeddable":true,"href":"https:\/\/www.europesays.com\/es\/wp-json\/wp\/v2\/categories?post=232141"},{"taxonomy":"post_tag","embeddable":true,"href":"https:\/\/www.europesays.com\/es\/wp-json\/wp\/v2\/tags?post=232141"}],"curies":[{"name":"wp","href":"https:\/\/api.w.org\/{rel}","templated":true}]}}