{"id":232151,"date":"2025-11-12T14:38:09","date_gmt":"2025-11-12T14:38:09","guid":{"rendered":"https:\/\/www.europesays.com\/es\/232151\/"},"modified":"2025-11-12T14:38:09","modified_gmt":"2025-11-12T14:38:09","slug":"letizia-prescinde-de-tiara-en-la-cena-de-gala-en-china-recupera-su-vestido-bicolor-con-flores-de-carolina-herrera-y-se-adorna-con-sus-pendientes-de-perlas-australianas","status":"publish","type":"post","link":"https:\/\/www.europesays.com\/es\/232151\/","title":{"rendered":"Letizia prescinde de tiara en la cena de gala en China: recupera su vestido bicolor con flores de Carolina Herrera y se adorna con sus pendientes de perlas australianas"},"content":{"rendered":"<p>Los reyes, <a href=\"https:\/\/www.revistavanityfair.es\/tags\/felipe-de-borbon\" rel=\"nofollow noopener\" target=\"_blank\">Felipe VI<\/a> y <a href=\"https:\/\/www.revistavanityfair.es\/realeza\/reina-letizia\" rel=\"nofollow noopener\" target=\"_blank\">Letizia<\/a>, est\u00e1n <a href=\"https:\/\/www.revistavanityfair.es\/articulos\/el-rey-pide-china-menos-trabas-burocraticas-emprender-viaje-estado-geopolitico\" rel=\"nofollow noopener\" target=\"_blank\">en Chin<\/a>a en un <a href=\"https:\/\/www.revistavanityfair.es\/articulos\/china-honores-reyes-ofrenda-floral-tiananmen-viaje-en-pekin\" rel=\"nofollow noopener\" target=\"_blank\">viaje de Estado hist\u00f3rico<\/a> con un marcado car\u00e1cter pol\u00edtico y econ\u00f3mico. El presidente, <a href=\"https:\/\/www.revistavanityfair.es\/tags\/xi-jinping\" isautogenerated=\"true\" rel=\"nofollow noopener\" target=\"_blank\">Xi Jinping<\/a>, y su mujer, <a href=\"https:\/\/www.revistavanityfair.es\/tags\/peng-liyuan\" isautogenerated=\"true\" rel=\"nofollow noopener\" target=\"_blank\">Peng Liyuan<\/a>, los han agasajado este mi\u00e9rcoles con una cena de gala en el Palacio del Pueblo de Pek\u00edn. Este es, por tanto, uno de los momentos m\u00e1s glamurosos y en cierta manera m\u00e1s esperados de este viaje. La reina, sin embargo, ha evitado grandes lujos: ha prescindido de <a href=\"https:\/\/www.revistavanityfair.es\/tags\/tiara-1\" isautogenerated=\"true\" rel=\"nofollow noopener\" target=\"_blank\">tiara<\/a> y no ha estrenado vestido de gala, y el que ha llevado no es ni demasiado llamativo. Ha recuperado el vestido bicolor de <a href=\"https:\/\/www.revistavanityfair.es\/tags\/carolina-herrera\" isautogenerated=\"true\" rel=\"nofollow noopener\" target=\"_blank\">Carolina Herrera<\/a> que luci\u00f3 para la <a href=\"https:\/\/www.revistavanityfair.es\/articulos\/reina-letizia-vestido-carolina-herrera\" rel=\"nofollow noopener\" target=\"_blank\">ceremonia de entrega<\/a> de los <a href=\"https:\/\/www.revistavanityfair.es\/tags\/premios-princesa-de-asturias\" isautogenerated=\"true\" rel=\"nofollow noopener\" target=\"_blank\">premios Princesa de Asturias<\/a> 2022. Un dise\u00f1o largo de color negro en la <a href=\"https:\/\/www.revistavanityfair.es\/tags\/falda\" isautogenerated=\"true\" rel=\"nofollow noopener\" target=\"_blank\">falda<\/a> midi con cintura marcada y abertura central, y la parte superior blanca, con cuello redondo y manga corta, tipo joya adornado con flores de bisuter\u00eda.<\/p>\n<p><img decoding=\"async\" alt=\"Letizia prescinde de tiara en la cena de gala en China recupera su vestido bicolor con flores de Carolina Herrera y se...\" loading=\"lazy\" class=\"ResponsiveImageContainer-eNxvmU cfBbTk responsive-image__image\"   src=\"https:\/\/www.europesays.com\/es\/wp-content\/uploads\/2025\/11\/JIM_1415.jpg\"\/><\/p>\n<p>Casa de S.M. El Rey \/ Jos\u00e9 Jim\u00e9nez<\/p>\n<p>Letizia lo estren\u00f3 aquel d\u00eda de octubre de 2022, pero deb\u00eda llevar alg\u00fan tiempo en su armario, porque unos a\u00f1os antes, en 2018, se lo hab\u00edamos visto a <a href=\"https:\/\/www.revistavanityfair.es\/tags\/sassa-de-osma\" isautogenerated=\"true\" rel=\"nofollow noopener\" target=\"_blank\">Sassa de Osma<\/a> para asistir a una representaci\u00f3n de El Cascanueces en el Teatro Real. De todo esto es m\u00e1s que consciente do\u00f1a Letizia, y puede que lo haya escogido a prop\u00f3sito: porque de alguna manera lleva a Leonor a esta cena y porque tras la velada en el palacio, los reyes y la pareja presidencial disfrutar\u00e1n del concierto de debut ofrecido por la orquesta titular del Real dirigida por <strong>Gustavo Gimeno<\/strong> con un muy marcado sello espa\u00f1ol. Y porque de esta forma puede asistir, sin necesidad de realizar ning\u00fan cambio, al siguiente compromiso el Centro Nacional de Artes Esc\u00e9nicas. Un concierto con composiciones como El amor brujo de Manuel de Falla, la Canci\u00f3n del ruise\u00f1or, de la zarzuela Do\u00f1a Francisquita compuesta por Amadeo Vives o Me llaman la primorosa de El barberillo de Sevilla firmada por Manuel Nieto y Jer\u00f3nimo Jim\u00e9nez, que, sin duda, deleitar\u00e1 a la primera dama china, conocida soprano y, por supuesto, una enamorada de la <a href=\"https:\/\/www.revistavanityfair.es\/tags\/musica\" isautogenerated=\"true\" rel=\"nofollow noopener\" target=\"_blank\">m\u00fasica<\/a>.<\/p>\n<p>Do\u00f1a Letizia ha recogido su <a href=\"https:\/\/www.revistavanityfair.es\/tags\/pelo\" isautogenerated=\"true\" rel=\"nofollow noopener\" target=\"_blank\">pelo<\/a> en un mo\u00f1o bajo y con un <a href=\"https:\/\/www.revistavanityfair.es\/tags\/maquillaje\" isautogenerated=\"true\" rel=\"nofollow noopener\" target=\"_blank\">maquillaje<\/a> bastante neutro y natural, se ha adornado con sus pendientes largos \u2014sin excesos\u2014 de diamantes terminados en <strong>perlas australianas.<\/strong> Y solo una joya m\u00e1s: su <a href=\"https:\/\/www.revistavanityfair.es\/articulos\/reina-letizia-anillo-coreterno-precio-significado\" rel=\"nofollow noopener\" target=\"_blank\"><strong>anillo de Coreterno<\/strong><\/a>. En cuanto a los <a href=\"https:\/\/www.revistavanityfair.es\/tags\/accesorios\" isautogenerated=\"true\" rel=\"nofollow noopener\" target=\"_blank\">accesorios<\/a>, ha optado por unos salones destalonados de charol con tac\u00f3n bajo de Magrit y un <a href=\"https:\/\/www.revistavanityfair.es\/tags\/bolso\" isautogenerated=\"true\" rel=\"nofollow noopener\" target=\"_blank\">bolso<\/a> de mano negro.<\/p>\n<p>De esta forma, la reina se ha sentado en la mesa de una cena en la que tanto el presidente chino como el rey hay pronunciado sendos discursos. Felipe VI ha agradecido la hospitalidad que \u00e9l y do\u00f1a Letizia est\u00e1n recibiendo en estos d\u00edas en el pa\u00eds asi\u00e1tico. Ha recordado el primer viaje que hicieron \u201cmis padres\u201d, <a href=\"https:\/\/www.revistavanityfair.es\/articulos\/reyes-juan-carlos-sofia-viaje-china-1978-historico-gran-muralla-mao\" rel=\"nofollow noopener\" target=\"_blank\">don Juan Carlos y do\u00f1a Sof\u00eda en 1987,<\/a> y los que despu\u00e9s realiz\u00f3 \u00e9l y m\u00e1s tarde con Letizia; tambi\u00e9n la visita del presidente y la primera dama en 12018, \u201cque ahora correspondemos\u201d, como ejemplo del medio siglo las relaciones diplom\u00e1ticas entre <a href=\"https:\/\/www.revistavanityfair.es\/tags\/espana\" isautogenerated=\"true\" rel=\"nofollow noopener\" target=\"_blank\">Espa\u00f1a<\/a> y China.<\/p>\n","protected":false},"excerpt":{"rendered":"Los reyes, Felipe VI y Letizia, est\u00e1n en China en un viaje de Estado hist\u00f3rico con un marcado&hellip;\n","protected":false},"author":2,"featured_media":232152,"comment_status":"","ping_status":"","sticky":false,"template":"","format":"standard","meta":{"footnotes":""},"categories":[91],"tags":[1615,146,147,25,24,1887,14587,11440,60632,1027,23,13847],"class_list":{"0":"post-232151","1":"post","2":"type-post","3":"status-publish","4":"format-standard","5":"has-post-thumbnail","7":"category-entretenimiento","8":"tag-china","9":"tag-entertainment","10":"tag-entretenimiento","11":"tag-es","12":"tag-espana","13":"tag-familia-real-espanola","14":"tag-felipe-de-borbon","15":"tag-letizia-ortiz","16":"tag-peng-liyuan","17":"tag-realeza","18":"tag-spain","19":"tag-xi-jinping"},"share_on_mastodon":{"url":"https:\/\/pubeurope.com\/@es\/115537242130497907","error":""},"_links":{"self":[{"href":"https:\/\/www.europesays.com\/es\/wp-json\/wp\/v2\/posts\/232151","targetHints":{"allow":["GET"]}}],"collection":[{"href":"https:\/\/www.europesays.com\/es\/wp-json\/wp\/v2\/posts"}],"about":[{"href":"https:\/\/www.europesays.com\/es\/wp-json\/wp\/v2\/types\/post"}],"author":[{"embeddable":true,"href":"https:\/\/www.europesays.com\/es\/wp-json\/wp\/v2\/users\/2"}],"replies":[{"embeddable":true,"href":"https:\/\/www.europesays.com\/es\/wp-json\/wp\/v2\/comments?post=232151"}],"version-history":[{"count":0,"href":"https:\/\/www.europesays.com\/es\/wp-json\/wp\/v2\/posts\/232151\/revisions"}],"wp:featuredmedia":[{"embeddable":true,"href":"https:\/\/www.europesays.com\/es\/wp-json\/wp\/v2\/media\/232152"}],"wp:attachment":[{"href":"https:\/\/www.europesays.com\/es\/wp-json\/wp\/v2\/media?parent=232151"}],"wp:term":[{"taxonomy":"category","embeddable":true,"href":"https:\/\/www.europesays.com\/es\/wp-json\/wp\/v2\/categories?post=232151"},{"taxonomy":"post_tag","embeddable":true,"href":"https:\/\/www.europesays.com\/es\/wp-json\/wp\/v2\/tags?post=232151"}],"curies":[{"name":"wp","href":"https:\/\/api.w.org\/{rel}","templated":true}]}}