{"id":232169,"date":"2025-11-12T14:55:18","date_gmt":"2025-11-12T14:55:18","guid":{"rendered":"https:\/\/www.europesays.com\/es\/232169\/"},"modified":"2025-11-12T14:55:18","modified_gmt":"2025-11-12T14:55:18","slug":"lucas-se-plantea-demandar-a-andy-tras-su-entrevista-en-el-hormiguero-y-le-pediria-150-000-euros","status":"publish","type":"post","link":"https:\/\/www.europesays.com\/es\/232169\/","title":{"rendered":"Lucas se plantea demandar a Andy tras su entrevista en &#8216;El Hormiguero&#8217; y le pedir\u00eda 150.000 euros"},"content":{"rendered":"<p class=\"paragraph-atom&#10;        &#10;        B-510-400-550-N B-525-400-700-N--md&#10;        &#10;        \">\n    <strong>Lucas Gonz\u00e1lez estar\u00eda sopesando emprender acciones legales <\/strong>contra su antiguo compa\u00f1ero Andy despu\u00e9s de<a href=\"https:\/\/www.diariodecadiz.es\/vivir_en_cadiz\/sorprendente-declaracion-andy-morales-nariz-lucas-gonzalez-tengo-mis-sospechas_0_2005214036.html\" target=\"_blank\" rel=\"nofollow noopener\"> la entrevista <\/a>que este \u00faltimo ofreci\u00f3 en El Hormiguero. Durante su intervenci\u00f3n con Pablo Motos hizo algunas declaraciones que no han sido bien recibidas por el entorno de Lucas y por eso se plantea demandar a Andy. El gaditano podr\u00eda reclamarle <strong>hasta 150.000 euros por da\u00f1os a su imagen<\/strong>.\n    <\/p>\n<p>        Una gira marcada por la tensi\u00f3n<\/p>\n<p class=\"paragraph-atom&#10;        &#10;        B-510-400-550-N B-525-400-700-N--md&#10;        &#10;        \">\n    La ruptura del d\u00fao musical de Andy &amp; Lucas tiene su origen en una <strong>\u00faltima gira que estuvo salpicada por rumores de desavenencias<\/strong>. Uno de los primeros indicios del distanciamiento se produjo cuando Andy anunci\u00f3 su carrera en solitario apenas un d\u00eda despu\u00e9s de finalizar la gira con Lucas. Aunque lo cierto es que la relaci\u00f3n entre ambos estaba en las \u00faltimas desde hac\u00eda tiempo.\n    <\/p>\n<p class=\"paragraph-atom&#10;        &#10;        B-510-400-550-N B-525-400-700-N--md&#10;        &#10;        \">\n    Durante la entrevista en El Hormiguero, Andy afirm\u00f3 que no se habla con Lucas desde hace meses, y que llegaron<strong> a estar \u00aba punto de llegar a las manos\u00bb <\/strong>tras un concierto de esa gira. Estas afirmaciones, sumadas a otras referencias<strong> m\u00e1s t\u00e9cnicas sobre reparto de beneficios y<\/strong> <a href=\"https:\/\/www.diariodecadiz.es\/vivir_en_cadiz\/andy-morales-afirma-musica-estribillo-son-amores-es-mia-lucas-no-quiso-ponerme-coautor_0_2005213935.html\" target=\"_blank\" rel=\"nofollow noopener\">autor\u00eda de canciones<\/a>, han sido consideradas por Lucas como una \u00abinjusticia\u00bb y un da\u00f1o a su reputaci\u00f3n.\n    <\/p>\n<p>        \u00bfCu\u00e1les han sido las acusaciones de Andy contra Lucas?<\/p>\n<p class=\"paragraph-atom&#10;        &#10;        B-510-400-550-N B-525-400-700-N--md&#10;        &#10;        \">\n    En su intervenci\u00f3n televisiva, Andy asegur\u00f3 que<strong> nunca hab\u00eda recibido ingresos por las reproducciones en plataformas como<\/strong><strong> Spotify o YouTube<\/strong><strong>,<\/strong> denunci\u00f3 que Lucas no quiso darle cr\u00e9ditos de coautor de uno de sus grandes \u00e9xitos y se quej\u00f3 de los bajos cach\u00e9s que cobraba dentro del d\u00fao. Adem\u00e1s, relat\u00f3 que en los conciertos recientes, comparativamente, <strong>Lucas recibi\u00f3 un n\u00famero mucho mayor de entradas (250 frente a las 52 de Andy)<\/strong> y que \u00e9l se encontraba \u00abmendigando\u00bb un trato m\u00e1s justo.\n    <\/p>\n<p class=\"paragraph-atom&#10;        &#10;        B-510-400-550-N B-525-400-700-N--md&#10;        &#10;        \">\n    Desde el entorno de Lucas se transmiten opiniones de decepci\u00f3n y de sentirse traicionado. Un testimonio recogido indica que \u00ab<strong>es como si t\u00fa le donas a alguien un ri\u00f1\u00f3n y ahora habla mal de ti para subir su carrera<\/strong>\u00ab.\n    <\/p>\n<p class=\"paragraph-atom&#10;        &#10;        B-510-400-550-N B-525-400-700-N--md&#10;        &#10;        \">\n    <strong>\u00abLucas est\u00e1 muy dolido, le considera mala persona y cree que est\u00e1 haciendo esto por la fama\u00bb<\/strong>, ha afirmado una amiga del cantante. Esta misma persona ha sido la que ha advertido a Andy de lo que puede suceder. \u00ab<strong>Que tenga cuidado Andy porque cuando Lucas hable, tambi\u00e9n se descubrir\u00e1 el tipo de vida que lleva \u00e9l<\/strong>\u00ab.\n    <\/p>\n<p>        El pr\u00e9stamo y la reclamaci\u00f3n<\/p>\n<p class=\"paragraph-atom&#10;        &#10;        B-510-400-550-N B-525-400-700-N--md&#10;        &#10;        \">\n    Andy no dud\u00f3 en contar la verdad acerca de las veces que su compa\u00f1ero<strong> Lucas le hab\u00eda ayudado econ\u00f3micamente cuando este lo necesit\u00f3<\/strong> y lo que se desconoc\u00eda eran las cantidades. Lucas Gonz\u00e1lez habr\u00eda concedido a Andy, a trav\u00e9s de su empresa, un pr\u00e9stamo por valor de unos <strong>60.000 euros<\/strong> durante la pandemia, con un plazo de cinco a\u00f1os de devoluci\u00f3n, vinculada a los beneficios de futuras actuaciones del d\u00fao. Conforme declara el entorno de Lucas, ese plazo ya habr\u00eda vencido y<strong> a\u00fan faltar\u00edan por abonarse unos 10.000 euros. <\/strong>\n    <\/p>\n<p class=\"paragraph-atom&#10;        &#10;        B-510-400-550-N B-525-400-700-N--md&#10;        &#10;        \">\n    Frente a esos datos, el <strong>equipo de Lucas estar\u00eda valorando demandar a Andy<\/strong> por los efectos que dichas <strong>declaraciones han tenido sobre su imagen p\u00fablica<\/strong>, reclamando una cifra que podr\u00eda alcanzar los 150.000 euros. El importe se presenta como cantidad estimada para cubrir tanto el da\u00f1o reputacional como las posibles consecuencias econ\u00f3micas.\n    <\/p>\n<p class=\"paragraph-atom&#10;        &#10;        B-510-400-550-N B-525-400-700-N--md&#10;        &#10;        \">\n    Por ahora,<strong> no se han presentado demandas formales \u2014o al menos no p\u00fablicamente\u2014 contra Andy por parte de Lucas. <\/strong>La situaci\u00f3n se encuentra en fase de estudio legal por parte del entorno de Lucas. Habr\u00e1 que ver si finalmente se interpone la demanda, qu\u00e9 v\u00eda se elige (civil por da\u00f1o moral, reclamaci\u00f3n contractual, etc.) y c\u00f3mo responder\u00e1 Andy a esta eventual ofensiva.\n    <\/p>\n","protected":false},"excerpt":{"rendered":"Lucas Gonz\u00e1lez estar\u00eda sopesando emprender acciones legales contra su antiguo compa\u00f1ero Andy despu\u00e9s de la entrevista que este&hellip;\n","protected":false},"author":2,"featured_media":232170,"comment_status":"","ping_status":"","sticky":false,"template":"","format":"standard","meta":{"footnotes":""},"categories":[174],"tags":[26959,16221,255,60523,158,146,147,3141,25,24,1557,256,17775,7357,60633,6859,23],"class_list":{"0":"post-232169","1":"post","2":"type-post","3":"status-publish","4":"format-standard","5":"has-post-thumbnail","7":"category-famosos","8":"tag-26959","9":"tag-andy","10":"tag-celebrities","11":"tag-demandar","12":"tag-el","13":"tag-entertainment","14":"tag-entretenimiento","15":"tag-entrevista","16":"tag-es","17":"tag-espana","18":"tag-euros","19":"tag-famosos","20":"tag-hormiguero","21":"tag-lucas","22":"tag-pediria","23":"tag-plantea","24":"tag-spain"},"share_on_mastodon":{"url":"https:\/\/pubeurope.com\/@es\/115537308972769257","error":""},"_links":{"self":[{"href":"https:\/\/www.europesays.com\/es\/wp-json\/wp\/v2\/posts\/232169","targetHints":{"allow":["GET"]}}],"collection":[{"href":"https:\/\/www.europesays.com\/es\/wp-json\/wp\/v2\/posts"}],"about":[{"href":"https:\/\/www.europesays.com\/es\/wp-json\/wp\/v2\/types\/post"}],"author":[{"embeddable":true,"href":"https:\/\/www.europesays.com\/es\/wp-json\/wp\/v2\/users\/2"}],"replies":[{"embeddable":true,"href":"https:\/\/www.europesays.com\/es\/wp-json\/wp\/v2\/comments?post=232169"}],"version-history":[{"count":0,"href":"https:\/\/www.europesays.com\/es\/wp-json\/wp\/v2\/posts\/232169\/revisions"}],"wp:featuredmedia":[{"embeddable":true,"href":"https:\/\/www.europesays.com\/es\/wp-json\/wp\/v2\/media\/232170"}],"wp:attachment":[{"href":"https:\/\/www.europesays.com\/es\/wp-json\/wp\/v2\/media?parent=232169"}],"wp:term":[{"taxonomy":"category","embeddable":true,"href":"https:\/\/www.europesays.com\/es\/wp-json\/wp\/v2\/categories?post=232169"},{"taxonomy":"post_tag","embeddable":true,"href":"https:\/\/www.europesays.com\/es\/wp-json\/wp\/v2\/tags?post=232169"}],"curies":[{"name":"wp","href":"https:\/\/api.w.org\/{rel}","templated":true}]}}