{"id":232209,"date":"2025-11-12T15:36:52","date_gmt":"2025-11-12T15:36:52","guid":{"rendered":"https:\/\/www.europesays.com\/es\/232209\/"},"modified":"2025-11-12T15:36:52","modified_gmt":"2025-11-12T15:36:52","slug":"el-barca-no-se-cierra-a-fichar-para-asegurar-el-si-de-pascual","status":"publish","type":"post","link":"https:\/\/www.europesays.com\/es\/232209\/","title":{"rendered":"El Bar\u00e7a no se cierra a fichar para asegurar el s\u00ed de Pascual"},"content":{"rendered":"<p class=\"ft-text\">El <a class=\"ft-link ft-link--decoration\" href=\"https:\/\/www.sport.es\/es\/noticias\/baloncesto\/euroliga\/bayern-munich-barca-horario-ver-123626498\" rel=\"nofollow noopener\" target=\"_blank\">Bar\u00e7a<\/a> sigue negociando con <strong>Xavi Pascual<\/strong> para cerrar el nuevo entrenador de la secci\u00f3n. Tras la destituci\u00f3n de Pe\u00f1arroya el pasado domingo, los d\u00edas han sido muy movidos en las oficinas del Bar\u00e7a, con el objetivo principal de incorporar al t\u00e9cnico de Gav\u00e0 cuanto antes. Aun as\u00ed, el club sigue esperando una respuesta de su entrenador,<strong> un Pascual que exige principalmente incorporar a un p\u00edvot. <\/strong><\/p>\n<p class=\"ft-text\">Desde el primer momento, <strong>en el Bar\u00e7a eran conscientes de que Xavi Pascual llegar\u00eda exigiendo alg\u00fan retoque en la plantilla<\/strong>. Ya se ha visto durante este inicio de temporada los grandes problemas que ha tenido el equipo a la hora de defender en la zona y de hacerse rocosos tambi\u00e9n en ataque. Es por eso que el t\u00e9cnico catal\u00e1n considera primordial la incorporaci\u00f3n de un jugador que mejore esa posici\u00f3n.<\/p>\n<p><img decoding=\"async\" src=\"https:\/\/www.europesays.com\/es\/wp-content\/uploads\/2025\/11\/208d33b0-007e-40fe-bfe1-d0a7a50a0a63_alta-libre-aspect-ratio_default_0.jpg\" width=\"1200\" height=\"688\" alt=\"Xavi Pascual ha sido el \u00faltimo candidato en emerger con fuerza para dirigir a Espa\u00f1a\" class=\"ft-helper-img-rd\" loading=\"lazy\"\/><\/p>\n<p class=\"ft-helper-fontColor-quaternary ft-helper-fontSize-body-S ft-helper-spacer-t-xxs\">Xavi Pascual podr\u00eda iniciar esta misma semana su segunda etapa como entrenador del Bar\u00e7a  \/ EUROLEAGUE<\/p>\n<p class=\"ft-text\"><strong>Pascual es consciente de que la situaci\u00f3n econ\u00f3mica del club no est\u00e1 para tirar cohetes<\/strong>, m\u00e1s all\u00e1 de que el mercado es limitado y reducido, pero identifica un claro problema en las posiciones interiores (sobre todo en el &#8216;5&#8217;). Cabe recordar que Miles Norris podr\u00eda estar en la rampa de salida, ya que su presencia estos meses ha sido testimonial. Ni siquiera ha debutado en Liga Endesa tras seis jornadas ligueras.<\/p>\n<p class=\"ft-text\">Ante esta situaci\u00f3n, <strong>el Bar\u00e7a est\u00e1 contemplando que pueda haber alg\u00fan movimiento o incorporaci\u00f3n que se adapte a las exigencias<\/strong>, pero dentro del contexto de dificultad econ\u00f3mica que vive el club. En la secci\u00f3n reconocen que el juego interior debe sufrir alg\u00fan retoque, visto lo visto en los primeros partidos. Vesely ha rendido a un buen nivel, pero Pe\u00f1arroya ha tenido muchas dudas con <strong>Youssoupha Fall y Willy Hernang\u00f3mez<\/strong>. Unas dudas que Xavi Pascual comparte.<\/p>\n<p><img decoding=\"async\" src=\"https:\/\/www.europesays.com\/es\/wp-content\/uploads\/2025\/11\/170fcd81-81ab-42b8-af37-13f015e8011b_alta-libre-aspect-ratio_default_0.jpg\" width=\"1200\" height=\"800\" alt=\"Miles Norris espera su oportunidad para debutar en la Liga Endesa donde Pe\u00f1arroya cuenta con los otros dos estadounidenses\" class=\"ft-helper-img-rd\" loading=\"lazy\"\/><\/p>\n<p class=\"ft-helper-fontColor-quaternary ft-helper-fontSize-body-S ft-helper-spacer-t-xxs\">Miles Norris podr\u00eda dejar el club  \/ Dani Barbeito \/ SPO<\/p>\n<p class=\"ft-text\"><strong>Sigue habiendo confianza y esperanza de que el t\u00e9cnico de Gav\u00e0 s\u00ed que aceptar\u00e1 este a\u00f1o regresar al club azulgrana<\/strong>. Incluso todav\u00eda se tiene en mente el escenario optimista de que <strong>Pascual se siente el viernes en el Palau Blaugrana<\/strong> para el duelo contra la Virtus Bolonia. Un escenario que puede parecer complicado, pero no imposible, ya que las dos partes quieren entenderse.<\/p>\n<p class=\"ft-text\">En estas \u00faltimas horas<strong>, el Bar\u00e7a est\u00e1 esperando a que Xavi Pascual tome la decisi\u00f3n definitiva.<\/strong> En caso de cerrar el acuerdo con el entrenador, en la secci\u00f3n se tendr\u00edan que barajar posibles refuerzos que sean del gusto del catal\u00e1n y respeten las condiciones econ\u00f3micas del club. Todo esto mientras la plantilla est\u00e1 en M\u00fanich, donde jugar\u00e1 esta tarde ante el Bayern en el primero de los dos duelos de Euroliga de la semana.<\/p>\n","protected":false},"excerpt":{"rendered":"El Bar\u00e7a sigue negociando con Xavi Pascual para cerrar el nuevo entrenador de la secci\u00f3n. Tras la destituci\u00f3n&hellip;\n","protected":false},"author":2,"featured_media":232210,"comment_status":"","ping_status":"","sticky":false,"template":"","format":"standard","meta":{"footnotes":""},"categories":[93],"tags":[299,2296,168,25,24,4582,23,167],"class_list":{"0":"post-232209","1":"post","2":"type-post","3":"status-publish","4":"format-standard","5":"has-post-thumbnail","7":"category-deportes","8":"tag-baloncesto","9":"tag-barca","10":"tag-deportes","11":"tag-es","12":"tag-espana","13":"tag-pascual","14":"tag-spain","15":"tag-sports"},"share_on_mastodon":{"url":"https:\/\/pubeurope.com\/@es\/115537474287749408","error":""},"_links":{"self":[{"href":"https:\/\/www.europesays.com\/es\/wp-json\/wp\/v2\/posts\/232209","targetHints":{"allow":["GET"]}}],"collection":[{"href":"https:\/\/www.europesays.com\/es\/wp-json\/wp\/v2\/posts"}],"about":[{"href":"https:\/\/www.europesays.com\/es\/wp-json\/wp\/v2\/types\/post"}],"author":[{"embeddable":true,"href":"https:\/\/www.europesays.com\/es\/wp-json\/wp\/v2\/users\/2"}],"replies":[{"embeddable":true,"href":"https:\/\/www.europesays.com\/es\/wp-json\/wp\/v2\/comments?post=232209"}],"version-history":[{"count":0,"href":"https:\/\/www.europesays.com\/es\/wp-json\/wp\/v2\/posts\/232209\/revisions"}],"wp:featuredmedia":[{"embeddable":true,"href":"https:\/\/www.europesays.com\/es\/wp-json\/wp\/v2\/media\/232210"}],"wp:attachment":[{"href":"https:\/\/www.europesays.com\/es\/wp-json\/wp\/v2\/media?parent=232209"}],"wp:term":[{"taxonomy":"category","embeddable":true,"href":"https:\/\/www.europesays.com\/es\/wp-json\/wp\/v2\/categories?post=232209"},{"taxonomy":"post_tag","embeddable":true,"href":"https:\/\/www.europesays.com\/es\/wp-json\/wp\/v2\/tags?post=232209"}],"curies":[{"name":"wp","href":"https:\/\/api.w.org\/{rel}","templated":true}]}}