{"id":232254,"date":"2025-11-12T16:26:12","date_gmt":"2025-11-12T16:26:12","guid":{"rendered":"https:\/\/www.europesays.com\/es\/232254\/"},"modified":"2025-11-12T16:26:12","modified_gmt":"2025-11-12T16:26:12","slug":"red-bull-no-descansa-y-ya-trabaja-con-la-ultima-tecnologia-de-formula-1-para-que-evenepoel-sea-todavia-mas-inalcanzable","status":"publish","type":"post","link":"https:\/\/www.europesays.com\/es\/232254\/","title":{"rendered":"Red Bull no descansa y ya trabaja con la \u00faltima tecnolog\u00eda de F\u00f3rmula 1 para que Evenepoel sea todav\u00eda m\u00e1s inalcanzable"},"content":{"rendered":"<p data-gtm-element-container=\"modulo-texto-link\" class=\"paragraph\">En el<strong> equipo Red Bull-Bora-hansgrohe<\/strong> no conocen la palabra descanso y ya est\u00e1n trabajando sin descanso para elevar su rendimiento de cara a la pr\u00f3xima temporada, en la que contar\u00e1n en sus filas con uno de las perlas del pelot\u00f3n, el <strong>belga Remco Evenepoel.<\/strong><\/p>\n<blockquote class=\"twitter-tweet\" data-lang=\"es\"><p>\n<a href=\"https:\/\/twitter.com\/RBH_ProCycling\/status\/1988339341077483950\" rel=\"nofollow noopener\" target=\"_blank\">\n<\/p><\/blockquote>\n<p data-gtm-element-container=\"modulo-texto-link\" class=\"paragraph\">En el<strong> Centro de Investigaci\u00f3n Aeroespacial de Catesby,<\/strong> un t\u00fanel ferroviario en desuso en Inglaterra, el equipo energ\u00e9tico y la marca de bicicletas<strong> Specialized<\/strong>, junto con el especialista en medici\u00f3n LaVision, realizaron una prueba de <strong>Velocimetr\u00eda por Im\u00e1genes de Part\u00edculas (PIV)<\/strong>, una t\u00e9cnica hasta ahora solo conocida en la F\u00f3rmula 1.<\/p>\n<p>        Lee tambi\u00e9n<\/p>\n<p>    Celes Piedrabuena<\/p>\n<p>             <img loading=\"lazy\" decoding=\"async\" data-full-src=\"https:\/\/www.mundodeportivo.com\/uploads\/2025\/11\/12\/69148bdee5ace.jpeg\" alt=\"Montju\u00efc acoger\u00e1 el desenlace de la Volta una vez m\u00e1s\" width=\"334\" height=\"164\" src=\"https:\/\/www.europesays.com\/es\/wp-content\/uploads\/2025\/11\/69148bdee5ace.r_d.828-626.jpeg\" class=\"lazy\"\/><\/p>\n<p>        Lee tambi\u00e9n<\/p>\n<p>    Celes Piedrabuena<\/p>\n<p>             <img loading=\"lazy\" decoding=\"async\" data-full-src=\"https:\/\/www.mundodeportivo.com\/uploads\/2025\/06\/01\/683ca7cdd1cc4.jpeg\" alt=\"El ciclista brit\u00e1nico Simon Yates ha logrado la victoria en la 108\u00aa edici\u00f3n del Giro de Italia, despu\u00e9s de vestir la maglia rosa solo en la \u00faltima etapa de este domingo en Roma tras su fenomenal actuaci\u00f3n en la Colle dell Finestre\" width=\"334\" height=\"164\" src=\"https:\/\/www.europesays.com\/es\/wp-content\/uploads\/2025\/11\/1762964770_966_683ca7cdd1cc4.jpeg\" class=\"lazy\"\/><\/p>\n<p>        Lee tambi\u00e9n<\/p>\n<p>    Celes Piedrabuena<\/p>\n<p>             <img loading=\"lazy\" decoding=\"async\" data-full-src=\"https:\/\/www.mundodeportivo.com\/uploads\/2025\/11\/10\/69121e86ddc5b.jpeg\" alt=\"Juan Ayuso corriendo con la selecci\u00f3n espa\u00f1ola\" width=\"334\" height=\"164\" src=\"https:\/\/www.europesays.com\/es\/wp-content\/uploads\/2025\/11\/69121e86ddc5b.r_d.407-236.jpeg\" class=\"lazy\"\/><\/p>\n<p data-gtm-element-container=\"modulo-texto-link\" class=\"paragraph\">El objetivo de este test no era otro que visualizar el flujo de aire y elevar la aerodin\u00e1mica a un nuevo nivel cient\u00edfico. Por primera vez, se captur\u00f3 con detalle el movimiento del aire alrededor del ciclista y la bicicleta, utilizando millones de microburbujas de helio iluminadas por l\u00e1seres. Se registr\u00f3 cada movimiento del aire. Los datos resultantes permiten observar con precisi\u00f3n c\u00f3mo se mueve el aire alrededor del ciclista y la bicicleta, lo que aporta nuevos conocimientos y valida los modelos <strong>CFD (Din\u00e1mica de Fluidos Computacional).<\/strong><\/p>\n<p>                <img loading=\"lazy\" decoding=\"async\" data-full-src=\"https:\/\/www.mundodeportivo.com\/uploads\/2025\/11\/12\/6914a2c2be4fe.jpeg\" alt=\"Una imagen del trabajo efectuado\" width=\"449\" height=\"296\" src=\"https:\/\/www.europesays.com\/es\/wp-content\/uploads\/2025\/11\/6914a2c2be4fe.jpeg\" class=\"lazy\"\/><\/p>\n<p class=\"caption-title \">Una imagen del trabajo efectuado<\/p>\n<p>                    George Marshall \/ Red Bull Content Pool<\/p>\n<p>Una t\u00e9cnica pionera en el ciclismo<\/p>\n<p data-gtm-element-container=\"modulo-texto-link\" class=\"paragraph\">Se\u00f1ala el equipo en su comunicado que esta prueba marca un hito. Nunca antes en el ciclismo profesional se hab\u00eda obtenido una imagen tan precisa del comportamiento del aire alrededor del ciclista. La combinaci\u00f3n de CFD, t\u00fanel de viento, pista y pruebas en condiciones reales crea un sistema integrado que permite analizar el rendimiento y la posici\u00f3n del ciclista con una precisi\u00f3n sin precedentes.<\/p>\n<blockquote>\n<p>        \u00abQueremos comprender qu\u00e9 sucede realmente, no solo si algo es m\u00e1s r\u00e1pido o m\u00e1s lento. Con esta prueba PIV por fin estamos viendo m\u00e1s all\u00e1 de la superficie de la aerodin\u00e1mica, haciendo visible lo que antes era invisible en el ciclismo. Estamos trasladando la tecnolog\u00eda de la F\u00f3rmula 1 al ciclismo y generando conocimientos que cambiar\u00e1n este deporte\u00bb<\/p>\n<\/blockquote>\n<p data-gtm-element-container=\"modulo-texto-link\" class=\"paragraph\">En este sentido, <strong>Dan Bigham, director de ingenier\u00eda del Red Bull-Bora-Hansgrohe<\/strong>, apunt\u00f3 que \u201cqueremos comprender qu\u00e9 sucede realmente, no solo si algo es m\u00e1s r\u00e1pido o m\u00e1s lento. Con esta prueba PIV por fin estamos viendo m\u00e1s all\u00e1 de la superficie de la aerodin\u00e1mica, haciendo visible lo que antes era invisible en el ciclismo. Estamos trasladando la tecnolog\u00eda de la F\u00f3rmula 1 al ciclismo y generando conocimientos que cambiar\u00e1n este deporte\u201d.<\/p>\n<p>                <img loading=\"lazy\" decoding=\"async\" data-full-src=\"https:\/\/www.mundodeportivo.com\/uploads\/2025\/11\/12\/6914a315a9514.jpeg\" alt=\"Esta prueba deber\u00eda aportar datos hasta ahora nunca vistos\" width=\"449\" height=\"262\" src=\"https:\/\/www.europesays.com\/es\/wp-content\/uploads\/2025\/11\/6914a315a9514.jpeg\" class=\"lazy\"\/><\/p>\n<p class=\"caption-title \">Esta prueba deber\u00eda aportar datos hasta ahora nunca vistos<\/p>\n<p>                    George Marshall \/ Red Bull Content Pool<\/p>\n<p data-gtm-element-container=\"modulo-texto-link\" class=\"paragraph\">Adem\u00e1s, la formaci\u00f3n germana tiene en sus filas al que podr\u00edamos decir que es el mejor contrarrelojista en la actualidad, al <strong>belga Remco Evenepoel<\/strong>. Basta recordar que el vigente campe\u00f3n ol\u00edmpico contrarreloj, que esta temporada se proclam\u00f3 campe\u00f3n europeo del mundo y de Europa en la lucha contra el crono y que se impuso en la CRI de <strong>Romand\u00eda<\/strong>, del<strong> Dauphin\u00e9<\/strong> y en la primera del <strong>Tour de Francia.<\/strong><\/p>\n<p><script async src=\"https:\/\/platform.twitter.com\/widgets.js\" charset=\"utf-8\"><\/script><\/p>\n","protected":false},"excerpt":{"rendered":"En el equipo Red Bull-Bora-hansgrohe no conocen la palabra descanso y ya est\u00e1n trabajando sin descanso para elevar&hellip;\n","protected":false},"author":2,"featured_media":232255,"comment_status":"","ping_status":"","sticky":false,"template":"","format":"standard","meta":{"footnotes":""},"categories":[273],"tags":[313,312,168,25,24,23,167],"class_list":{"0":"post-232254","1":"post","2":"type-post","3":"status-publish","4":"format-standard","5":"has-post-thumbnail","7":"category-ciclismo","8":"tag-ciclismo","9":"tag-cycling","10":"tag-deportes","11":"tag-es","12":"tag-espana","13":"tag-spain","14":"tag-sports"},"share_on_mastodon":{"url":"https:\/\/pubeurope.com\/@es\/115537666724691504","error":""},"_links":{"self":[{"href":"https:\/\/www.europesays.com\/es\/wp-json\/wp\/v2\/posts\/232254","targetHints":{"allow":["GET"]}}],"collection":[{"href":"https:\/\/www.europesays.com\/es\/wp-json\/wp\/v2\/posts"}],"about":[{"href":"https:\/\/www.europesays.com\/es\/wp-json\/wp\/v2\/types\/post"}],"author":[{"embeddable":true,"href":"https:\/\/www.europesays.com\/es\/wp-json\/wp\/v2\/users\/2"}],"replies":[{"embeddable":true,"href":"https:\/\/www.europesays.com\/es\/wp-json\/wp\/v2\/comments?post=232254"}],"version-history":[{"count":0,"href":"https:\/\/www.europesays.com\/es\/wp-json\/wp\/v2\/posts\/232254\/revisions"}],"wp:featuredmedia":[{"embeddable":true,"href":"https:\/\/www.europesays.com\/es\/wp-json\/wp\/v2\/media\/232255"}],"wp:attachment":[{"href":"https:\/\/www.europesays.com\/es\/wp-json\/wp\/v2\/media?parent=232254"}],"wp:term":[{"taxonomy":"category","embeddable":true,"href":"https:\/\/www.europesays.com\/es\/wp-json\/wp\/v2\/categories?post=232254"},{"taxonomy":"post_tag","embeddable":true,"href":"https:\/\/www.europesays.com\/es\/wp-json\/wp\/v2\/tags?post=232254"}],"curies":[{"name":"wp","href":"https:\/\/api.w.org\/{rel}","templated":true}]}}