{"id":232262,"date":"2025-11-12T16:31:20","date_gmt":"2025-11-12T16:31:20","guid":{"rendered":"https:\/\/www.europesays.com\/es\/232262\/"},"modified":"2025-11-12T16:31:20","modified_gmt":"2025-11-12T16:31:20","slug":"un-zurbaran-inedito-en-el-museo-de-antequera-ars-magazine","status":"publish","type":"post","link":"https:\/\/www.europesays.com\/es\/232262\/","title":{"rendered":"Un zurbar\u00e1n in\u00e9dito en el Museo de Antequera &#8211; ARS Magazine"},"content":{"rendered":"<ol>\n<li><a href=\"https:\/\/news.google.com\/rss\/articles\/CBMieEFVX3lxTE43SEtNVkYxajFmSEpwZ1I5YXJ4QzRnd2tHRE5SN2pYbUw0TEEzZzVleTBtSHJfS0d2LVMwZWlKNzVFMnVHMm9UVEx5VjBDWmNKSmV6YlhrMnQ0aEJtbzFNVzNuQ1dHNnRTVVVzWXBtV043c1JBNmlmag?oc=5\" target=\"_blank\" rel=\"nofollow noopener\">Un zurbar\u00e1n in\u00e9dito en el Museo de Antequera<\/a>&nbsp;&nbsp;ARS Magazine<\/li>\n<li><a href=\"https:\/\/news.google.com\/rss\/articles\/CBMi2wFBVV95cUxPRTVaYU1jTHhkdklqUWt4cHRvWERSODk5ZlRtbVNzd0VHNWRJd09yMGxIVEpIRFNocXhkZUh2ajdyazFIVU9JbmUzcmRJR1lVLWhNa0VHUmdCVVJHZWw1dkVfRVlpNzk0SklFRm5kVk10NEFsV2E3X1hwcXFaallBRE1aZUQ2NUpEZjhBYS1XWkxCTmpkaHpxNW5ZUlkzSENEdGpoSjNqdUp5N2M5cXkzTUFGRzhiZXpYekFBbWZUUnoyRmlwa0RJUnhPLUpERVR0TDlXQ1Q2MmlTRWPSAe8BQVVfeXFMTlZPZ3JTX1lBaDJ3OURuWXl1Zm9kOW9vbmdKdmhRNDdGclJzbXhaYXJDd0x3dU5IN2RYNDFWZjdKZEQyak9EXzZFUkNObnJfandTT3Z3cG1ndlZSanJ3aDZzV0tGR3JZNlZmcUhDdWF6ZzliMGFlclNlR1k3T2YwQ0d4M2lVMmwwa25hM19WeTV4a3N6eDRYaEtzR0I1aE43aXdxYjNCMnJmY3FkTHpaeU0tVHozcFpLWVM1MlRyOFZzSDNFVVIyZUNpb0tIc0tteFkyS3hLOGdleHd2UU5Ma2RUeTQzbGZzTWFJNG11am8?oc=5\" target=\"_blank\" rel=\"nofollow noopener\">Atribuyen a Zurbar\u00e1n un cuadro desconocido de la \u00faltimos a\u00f1os del pintor en Madrid<\/a>&nbsp;&nbsp;La Raz\u00f3n<\/li>\n<li><a href=\"https:\/\/news.google.com\/rss\/articles\/CBMiwAFBVV95cUxQNjdob3hPbnBxZnFlaW0tNEdsRmh2dW9pYWVGUjRvZnFhM2tjc093bXFscTN0M0pjWXRvWVBPQU5kTkJBX19jZnJFZ2g0Y2dwTWZIU2dPNXlzQjVyVU9mNVBTNDdZdjBKck05ZURidGhXQjRmRjh4RVhybDJCR0ZiS2JnTlpqZlpiTlFXQnhDQS1lUFRrRE9kZTFYUmlyc2N6c0RyOXdpRWRLdUhMM3ZUVUt1YmZXR3JFaFpwRnZVcmfSAcYBQVVfeXFMT1BhcUtBWTY1MHlhVE0wY0pDYlBDelMzcm5VbTVoUkpNXzFFa0t3bXF3X2ZjZTU2bGZZVC1BSzVUam14VHZZYXJYUWhFQmVETi1MNjgxSmJzRzAwQjhyX0pIUWhQMDljaDJrMnlwdzhJSlNNWkVGeEhsVXlTRUtscmUzVUlWamlCYnpxSGFfRVBRRDZtdTVLWTRqaF9ZWnB1am5zVWJBTV9pcUpQU0t5V09udGdibEpNU1BxSmpHZEtTN0dIZkx3?oc=5\" target=\"_blank\" rel=\"nofollow noopener\">Un Zurbar\u00e1n in\u00e9dito ampl\u00eda la colecci\u00f3n pict\u00f3rica del Museo de Antequera<\/a>&nbsp;&nbsp;La Opini\u00f3n de M\u00e1laga<\/li>\n<li><a href=\"https:\/\/news.google.com\/rss\/articles\/CBMixwFBVV95cUxNOEQyMmoxa2NWTmJmLTZXRFp6LWdnN2VLUTdnOHJzOFh6cElXcEo1ZFFzdEZlOUo3MENnZ2IxRGJOa3RNR3VtRGgybnpSbFE0WG9qNEtMMDlhUkdxVEZhc2VYY0tvYlFHUmR1andxWDNLdWJWdVotLWVRUTNRODU5Z1ZoYVZNNHVIMzRRYlJDLS1xTHlZRE9PRURpdS1ydzdIajlGM0J0Y0dEYVNpaDNFai1iNnE3eU1tRVp0eVQwT1pjR3Q3M2Rn?oc=5\" target=\"_blank\" rel=\"nofollow noopener\">La &#8216;Colecci\u00f3n Delgado&#8217; enriquece con un \u2018Zurbar\u00e1n\u2019 la galer\u00eda pict\u00f3rica del Museo de Antequera<\/a>&nbsp;&nbsp;El Sol de Antequera<\/li>\n<li><a href=\"https:\/\/news.google.com\/rss\/articles\/CBMi6gFBVV95cUxON3ZINlNXZTVmRUwxNGp4MjFBT3NjbEU2c1FDLXludTdMTkhVQlQzS3lqbExWQWtYNG9TSGtCbFI3Y1dockticzAzeTk2SnVYdklPSGNaODdGa3BHUFlZa0ZTMW84NUdDVXpmV2t1QUM1M0RpRUtGbk54R3dxV3NwSUc5Nm10cTFIRDhfYnB1R3RPRGk5M0o3SERsMHRGQmU2UFlhdi1vUGhMbVJpTkk5elh5ckNudE1sQmg3Z1Nyc2NhdUlQWDQ3NDR3WHVUMHJqUUJ5VFhscTRvbUZaLVNlV1NUM2lLdjBGclE?oc=5\" target=\"_blank\" rel=\"nofollow noopener\">Atribuyen a Zurbar\u00e1n un cuadro desconocido hasta ahora, denominado \u2018La Virgen con el Ni\u00f1o sosteniendo la cruz\u2019<\/a>&nbsp;&nbsp;La Cr\u00f3nica de Hoy<\/li>\n<\/ol>\n","protected":false},"excerpt":{"rendered":"Un zurbar\u00e1n in\u00e9dito en el Museo de Antequera&nbsp;&nbsp;ARS Magazine Atribuyen a Zurbar\u00e1n un cuadro desconocido de la \u00faltimos&hellip;\n","protected":false},"author":2,"featured_media":232263,"comment_status":"","ping_status":"","sticky":false,"template":"","format":"standard","meta":{"footnotes":""},"categories":[173],"tags":[229,233,231,230,232,234,146,147,25,24,23],"class_list":{"0":"post-232262","1":"post","2":"type-post","3":"status-publish","4":"format-standard","5":"has-post-thumbnail","7":"category-arte-y-diseno","8":"tag-arte","9":"tag-arte-y-diseno","10":"tag-arts","11":"tag-arts-and-design","12":"tag-design","13":"tag-diseno","14":"tag-entertainment","15":"tag-entretenimiento","16":"tag-es","17":"tag-espana","18":"tag-spain"},"share_on_mastodon":{"url":"https:\/\/pubeurope.com\/@es\/115537686229048859","error":""},"_links":{"self":[{"href":"https:\/\/www.europesays.com\/es\/wp-json\/wp\/v2\/posts\/232262","targetHints":{"allow":["GET"]}}],"collection":[{"href":"https:\/\/www.europesays.com\/es\/wp-json\/wp\/v2\/posts"}],"about":[{"href":"https:\/\/www.europesays.com\/es\/wp-json\/wp\/v2\/types\/post"}],"author":[{"embeddable":true,"href":"https:\/\/www.europesays.com\/es\/wp-json\/wp\/v2\/users\/2"}],"replies":[{"embeddable":true,"href":"https:\/\/www.europesays.com\/es\/wp-json\/wp\/v2\/comments?post=232262"}],"version-history":[{"count":0,"href":"https:\/\/www.europesays.com\/es\/wp-json\/wp\/v2\/posts\/232262\/revisions"}],"wp:featuredmedia":[{"embeddable":true,"href":"https:\/\/www.europesays.com\/es\/wp-json\/wp\/v2\/media\/232263"}],"wp:attachment":[{"href":"https:\/\/www.europesays.com\/es\/wp-json\/wp\/v2\/media?parent=232262"}],"wp:term":[{"taxonomy":"category","embeddable":true,"href":"https:\/\/www.europesays.com\/es\/wp-json\/wp\/v2\/categories?post=232262"},{"taxonomy":"post_tag","embeddable":true,"href":"https:\/\/www.europesays.com\/es\/wp-json\/wp\/v2\/tags?post=232262"}],"curies":[{"name":"wp","href":"https:\/\/api.w.org\/{rel}","templated":true}]}}