{"id":232282,"date":"2025-11-12T16:51:08","date_gmt":"2025-11-12T16:51:08","guid":{"rendered":"https:\/\/www.europesays.com\/es\/232282\/"},"modified":"2025-11-12T16:51:08","modified_gmt":"2025-11-12T16:51:08","slug":"angel-ayora-persigue-el-complicado-reto-de-la-tarjeta-del-pga-tour","status":"publish","type":"post","link":"https:\/\/www.europesays.com\/es\/232282\/","title":{"rendered":"\u00c1ngel Ayora persigue el complicado reto de la tarjeta del PGA Tour"},"content":{"rendered":"<p data-mrf-recirculation=\"Links P\u00e1rrafos\" class=\"ue-c-article__paragraph paragraph ue-c-article--first-letter-highlighted\">Hace aproximadamente un a\u00f1o <strong>\u00c1ngel Ayora<\/strong> estaba jugando la final del Challenge Tour (fue segundo) y doce meses despu\u00e9s est\u00e1 en el <strong>DP World Tour Championship<\/strong>, es decir, la final del circuito de categor\u00eda superior. El ascenso de \u00c1ngel desde que se hizo profesional en enero de 2024 ha sido tan r\u00e1pido que llega al playoff por el t\u00edtulo del DPWT <strong>con opciones de conseguir una de las 10 tarjetas del PGA Tour<\/strong> que otorga el circuito a los 10 mejores de la Race to Dubai que no sean ya miembros de la gira estadounidense.<\/p>\n<p data-mrf-recirculation=\"Links P\u00e1rrafos\" class=\"ue-c-article__paragraph paragraph\">El malague\u00f1o de <strong>21 a\u00f1os<\/strong> opta tambi\u00e9n a convertirse en el rookie del a\u00f1o, aunque el objetivo es el PGA Tour. Ahora mismo <strong>ocupa el puesto 23 de la Race, pero a 472 puntos del decimoquinto, Jordan Smith<\/strong>, que es el d\u00e9cimo y \u00faltimo jugador que ahora obtendr\u00eda una de esas tarjetas. La batalla se presenta apasionante, con otros j\u00f3venes en esta pelea como <strong>Martin Couvra, Rasmus Neergaard-Petersen o Nicolai Hojgaard<\/strong>. Hay que tener en cuenta que el ganador recibe <strong>2000 puntos<\/strong>; el segundo <strong>1335<\/strong>; el tercero <strong>752<\/strong>; el cuarto <strong>600<\/strong>; el quinto <strong>509<\/strong>.<\/p>\n<p data-mrf-recirculation=\"Links P\u00e1rrafos\" class=\"ue-c-article__paragraph paragraph\">El golfista marbell\u00ed, formado en La Ca\u00f1ada Golf Club, no tendr\u00e1 nada f\u00e1cil llegar a la meta, pues deber\u00eda como m\u00ednimo quedar entre los cinco primeros y esperar el resultado de los otros contendientes. <strong>\u00c9l hizo los deberes en Abu Dhabi hace unos d\u00edas acabando noveno tras una ronda final de 63<\/strong>, pero no fue el \u00fanico que aprovech\u00f3 el gran bot\u00edn de puntos que ofrec\u00eda el primer torneo de los playoff, pues Hojgaard y Hillier quedaron por delante.<\/p>\n<p data-mrf-recirculation=\"Links P\u00e1rrafos\" class=\"ue-c-article__paragraph paragraph\">A esto hay que a\u00f1adir la cantidad de nombres importantes que disputan el torneo y que ya hacen que un \u2018top 5\u2019 parezca casi imposible: <strong>Rory McIlroy, Ludvig Aberg, Shane Lowry, Justin Rose, Matt Fitzpatrick, Tommy Fleetwood, Robert McIntyre, Tyrrell Hatton o Marco Penge<\/strong>. Tambi\u00e9n en el torneo est\u00e1n los espa\u00f1oles <strong>Nacho Elvira, Jorge Campillo y Eugenio-L\u00f3pez Chacarra<\/strong>.<\/p>\n","protected":false},"excerpt":{"rendered":"Hace aproximadamente un a\u00f1o \u00c1ngel Ayora estaba jugando la final del Challenge Tour (fue segundo) y doce meses&hellip;\n","protected":false},"author":2,"featured_media":232283,"comment_status":"","ping_status":"","sticky":false,"template":"","format":"standard","meta":{"footnotes":""},"categories":[275],"tags":[168,25,24,329,23,167],"class_list":{"0":"post-232282","1":"post","2":"type-post","3":"status-publish","4":"format-standard","5":"has-post-thumbnail","7":"category-golf","8":"tag-deportes","9":"tag-es","10":"tag-espana","11":"tag-golf","12":"tag-spain","13":"tag-sports"},"share_on_mastodon":{"url":"https:\/\/pubeurope.com\/@es\/115537765037760325","error":""},"_links":{"self":[{"href":"https:\/\/www.europesays.com\/es\/wp-json\/wp\/v2\/posts\/232282","targetHints":{"allow":["GET"]}}],"collection":[{"href":"https:\/\/www.europesays.com\/es\/wp-json\/wp\/v2\/posts"}],"about":[{"href":"https:\/\/www.europesays.com\/es\/wp-json\/wp\/v2\/types\/post"}],"author":[{"embeddable":true,"href":"https:\/\/www.europesays.com\/es\/wp-json\/wp\/v2\/users\/2"}],"replies":[{"embeddable":true,"href":"https:\/\/www.europesays.com\/es\/wp-json\/wp\/v2\/comments?post=232282"}],"version-history":[{"count":0,"href":"https:\/\/www.europesays.com\/es\/wp-json\/wp\/v2\/posts\/232282\/revisions"}],"wp:featuredmedia":[{"embeddable":true,"href":"https:\/\/www.europesays.com\/es\/wp-json\/wp\/v2\/media\/232283"}],"wp:attachment":[{"href":"https:\/\/www.europesays.com\/es\/wp-json\/wp\/v2\/media?parent=232282"}],"wp:term":[{"taxonomy":"category","embeddable":true,"href":"https:\/\/www.europesays.com\/es\/wp-json\/wp\/v2\/categories?post=232282"},{"taxonomy":"post_tag","embeddable":true,"href":"https:\/\/www.europesays.com\/es\/wp-json\/wp\/v2\/tags?post=232282"}],"curies":[{"name":"wp","href":"https:\/\/api.w.org\/{rel}","templated":true}]}}