{"id":232304,"date":"2025-11-12T17:05:10","date_gmt":"2025-11-12T17:05:10","guid":{"rendered":"https:\/\/www.europesays.com\/es\/232304\/"},"modified":"2025-11-12T17:05:10","modified_gmt":"2025-11-12T17:05:10","slug":"me-pregunto-si-cuando-todo-calla-encuentras-paz-o-solo-mas-ruido","status":"publish","type":"post","link":"https:\/\/www.europesays.com\/es\/232304\/","title":{"rendered":"\u00abMe pregunto si, cuando todo calla, encuentras paz o solo m\u00e1s ruido\u00bb"},"content":{"rendered":"<p style=\"\">Hace poco m\u00e1s de un a\u00f1o, el<strong> Papa Francisco<\/strong> nombr\u00f3 obispo de Sant Feliu de Llobregat al sacerdote dominico <strong>Xabier G\u00f3mez Garc\u00eda<\/strong>, quien ejerc\u00eda como director del departamento de Migraciones de la Conferencia Episcopal Espa\u00f1ola.<\/p>\n<p style=\"\">Esta semana, el religioso se ha convertido  &#8230; en noticia despu\u00e9s de publicar una carta abierta a la cantante<strong> Rosal\u00eda<\/strong>. Lo ha hecho a trav\u00e9s de la hoja dominical de este domingo, en la que G\u00f3mez Garc\u00eda<a href=\"https:\/\/www.abc.es\/recreo\/rosalia-revela-historia-inspiro-cristo-parecio-bonito-20251112171857-nt.html\" target=\"_self\" data-voc-vtm-id=\"in-text-traffic\" title=\" analiza &#039;Lux&#039;\" data-mrf-link=\"www.abc.es\" rel=\"nofollow noopener\"> analiza &#8216;Lux&#8217;<\/a>, el nuevo disco de la artista en el que habla abiertamente sobre su espiritualidad y reflexiona sobre la fe.<\/p>\n<p class=\"voc-p\" style=\"\">\u00abTe escribo desde esta portada como quien lanza en el mar un mensaje dentro de una botella; quien sabe si te podr\u00e1 llegar\u00bb, comienza diciendo el sacerdote. \u00abNo consigo entenderte, pero me gustar\u00eda hacerlo. Tu arte, hipn\u00f3ticamente ecl\u00e9ctico y performativo, y t\u00fa misma, me generan preguntas. Quiz\u00e1s no hay que entenderlo. Pero me pregunto qu\u00e9 hay dentro de tuyo, en tu mundo interior en esta etapa o ciclo de tu vida como mujer y artista\u00bb, reflexiona sobre las canciones del disco. <\/p>\n<p>\nTraves\u00eda espiritual\n<\/p>\n<p class=\"voc-p\" style=\"\">\u00abCuando hablas de<a href=\"https:\/\/www.abc.es\/recreo\/rosalia-revela-historia-inspiro-cristo-parecio-bonito-20251112171857-nt.html\" target=\"_self\" data-voc-vtm-id=\"in-text-traffic\" title=\" una \u00absed\u00bb que el mundo no puede satisfacer\" data-mrf-link=\"www.abc.es\" rel=\"nofollow noopener\"> una \u00absed\u00bb que el mundo no puede satisfacer<\/a>, que solo Dios puede llenar este vac\u00edo, me viene a la cabeza la investigaci\u00f3n del sentido que atraviesa la pel\u00edcula Andrei Rublev de <strong>Tarkovsky<\/strong>. El pintor ruso, en medio de la oscuridad y la violencia, busca la luz, la belleza, la fe, a pesar de no encontrar respuestas f\u00e1ciles. C\u00f3mo \u00e9l, t\u00fa pareces vivir el arte como una traves\u00eda espiritual, donde la creaci\u00f3n es una forma de peregrinaje hacia aquello que transciende. Pero, no acabas de hacerlo&#8230; y sin soltar amarras no ser\u00e1 f\u00e1cil llegar al puerto que anhelas. Si es que quisieras llegar\u00bb, opina sobre algunas de sus letras. <\/p>\n<p class=\"voc-p\" style=\"\">\u00abTus letras me desconciertan, pero tambi\u00e9n me abren a la posibilidad de un di\u00e1logo sobre <a href=\"https:\/\/www.abc.es\/recreo\/rosalia-revela-historia-inspiro-cristo-parecio-bonito-20251112171857-nt.html\" target=\"_self\" data-voc-vtm-id=\"in-text-traffic\" title=\"la complejidad de la experiencia humana\" data-mrf-link=\"www.abc.es\" rel=\"nofollow noopener\">la complejidad de la experiencia humana<\/a>. Entiendes el amor como una fuerza que puede ser dolorosa, liberadora, incluso divina. Tu arte es un espacio donde la vulnerabilidad y la fuerza conviven, donde el deseo y la fe se pueden encontrar\u00bb, a\u00f1ade.<\/p>\n<p class=\"voc-p\" style=\"\">Y finaliza diciendo: \u00ab<strong>Hay silencios que hablan m\u00e1s que mil canciones<\/strong>. Me pregunto si, cuando todo calla, encuentras paz o solo m\u00e1s ruido. Quiz\u00e1s la respuesta no est\u00e1 fuera, sino dentro tuyo\u00bb.<\/p>\n","protected":false},"excerpt":{"rendered":"Hace poco m\u00e1s de un a\u00f1o, el Papa Francisco nombr\u00f3 obispo de Sant Feliu de Llobregat al sacerdote&hellip;\n","protected":false},"author":2,"featured_media":232305,"comment_status":"","ping_status":"","sticky":false,"template":"","format":"standard","meta":{"footnotes":""},"categories":[91],"tags":[26282,2471,60645,146,147,25,24,60644,55586,35960,11506,20233,4147,3107,8729,1138,23],"class_list":{"0":"post-232304","1":"post","2":"type-post","3":"status-publish","4":"format-standard","5":"has-post-thumbnail","7":"category-entretenimiento","8":"tag-calla","9":"tag-carta","10":"tag-encuentras","11":"tag-entertainment","12":"tag-entretenimiento","13":"tag-es","14":"tag-espana","15":"tag-feliu","16":"tag-llobregat","17":"tag-obispo","18":"tag-paz","19":"tag-pregunto","20":"tag-rosalia","21":"tag-ruido","22":"tag-sant","23":"tag-solo","24":"tag-spain"},"share_on_mastodon":{"url":"https:\/\/pubeurope.com\/@es\/115537820076644010","error":""},"_links":{"self":[{"href":"https:\/\/www.europesays.com\/es\/wp-json\/wp\/v2\/posts\/232304","targetHints":{"allow":["GET"]}}],"collection":[{"href":"https:\/\/www.europesays.com\/es\/wp-json\/wp\/v2\/posts"}],"about":[{"href":"https:\/\/www.europesays.com\/es\/wp-json\/wp\/v2\/types\/post"}],"author":[{"embeddable":true,"href":"https:\/\/www.europesays.com\/es\/wp-json\/wp\/v2\/users\/2"}],"replies":[{"embeddable":true,"href":"https:\/\/www.europesays.com\/es\/wp-json\/wp\/v2\/comments?post=232304"}],"version-history":[{"count":0,"href":"https:\/\/www.europesays.com\/es\/wp-json\/wp\/v2\/posts\/232304\/revisions"}],"wp:featuredmedia":[{"embeddable":true,"href":"https:\/\/www.europesays.com\/es\/wp-json\/wp\/v2\/media\/232305"}],"wp:attachment":[{"href":"https:\/\/www.europesays.com\/es\/wp-json\/wp\/v2\/media?parent=232304"}],"wp:term":[{"taxonomy":"category","embeddable":true,"href":"https:\/\/www.europesays.com\/es\/wp-json\/wp\/v2\/categories?post=232304"},{"taxonomy":"post_tag","embeddable":true,"href":"https:\/\/www.europesays.com\/es\/wp-json\/wp\/v2\/tags?post=232304"}],"curies":[{"name":"wp","href":"https:\/\/api.w.org\/{rel}","templated":true}]}}