{"id":232308,"date":"2025-11-12T17:08:19","date_gmt":"2025-11-12T17:08:19","guid":{"rendered":"https:\/\/www.europesays.com\/es\/232308\/"},"modified":"2025-11-12T17:08:19","modified_gmt":"2025-11-12T17:08:19","slug":"manifestantes-indigenas-se-enfrentan-a-la-seguridad-en-la-cop30","status":"publish","type":"post","link":"https:\/\/www.europesays.com\/es\/232308\/","title":{"rendered":"manifestantes ind\u00edgenas se enfrentan a la seguridad en la COP30"},"content":{"rendered":"<p style=\"\">Decenas de manifestantes ind\u00edgenas <strong>se han enfrentado este martes con guardias de seguridad<\/strong> en <a href=\"https:\/\/www.abc.es\/sociedad\/alemania-reino-unido-desconfian-fondo-climatico-propuesto-20251110204603-nt.html\" target=\"_self\" data-voc-vtm-id=\"in-text-traffic\" title=\"la COP30\" rel=\"nofollow noopener\">la COP30<\/a>, la Conferencia de las Naciones Unidas sobre el Cambio Clim\u00e1tico que<a href=\"https:\/\/www.abc.es\/sociedad\/cumbre-clima-empieza-brasil-rodeada-protestas-manifestaciones-20251110185823-nt.html\" target=\"_self\" data-voc-vtm-id=\"in-text-traffic\" title=\" se realiza en Bel\u00e9m do Par\u00e1,\" rel=\"nofollow noopener\"> se realiza en Bel\u00e9m do Par\u00e1,<\/a> cuando trataban de acceder a la zona de negociaciones,  &#8230; para lo que es necesario contar con una acreditaci\u00f3n especial. El incidente ha causado varios heridos leves en un inusual incidente de violencia durante las negociaciones clim\u00e1ticas.<\/p>\n<p class=\"voc-p\" style=\"\">La COP30 ha marcado un r\u00e9cord al recibir l<strong>a mayor participaci\u00f3n de pueblos ind\u00edgenas<\/strong> de todas las ediciones de la cumbre, desde 1995. Se estima que unos 3.000 representantes de diversas etnias de Brasil y del mundo han acudido a esta capital Amaz\u00f3nica para tratar de hacerse o\u00edr ante la crisis clim\u00e1tica global. Sin embargo, solo una minor\u00eda de ellos ha logrado tener acceso a la zona de negociaciones.<\/p>\n<p class=\"voc-p\" style=\"\">En entrevista exclusiva a ABC, la presidenta de la Fundaci\u00f3n Nacional de los Pueblos Ind\u00edgenas (Funai) de Brasil, Jo\u00eania Wapichana, enfatiz\u00f3 la importancia de esta edici\u00f3n del evento para los pueblos originarios del mundo. \u00abLa COP siempre fue un<strong> espacio estrat\u00e9gico<\/strong> para los pueblos ind\u00edgenas muestren sus buenas pr\u00e1cticas y acciones, pero principalmente la importancia incluir a los pueblos y los territorios ind\u00edgenas como NDC (contribuci\u00f3n nacionalmente determinada)\u00bb, afirm\u00f3 la abogada ind\u00edgena, la primera a presidir esa entidad en la historia de su pa\u00eds. <\/p>\n<p class=\"voc-p\" style=\"\">Pese al aumento de la participaci\u00f3n, la organizaci\u00f3n Articulaci\u00f3n de los Pueblos Ind\u00edgenas de Brasil (APIB), inform\u00f3 que esa presencia masiva contrasta con la cantidad de personas que est\u00e1n m\u00e1s cercanas a los espacios de poder, y que<strong> solo un 14% d<\/strong>e los ind\u00edgenas presentes en Bel\u00e9m han conseguido credenciales para la Zona Azul, el \u00e1rea restringida donde tienen lugar las negociaciones oficiales y se toman las decisiones cruciales.<\/p>\n<p class=\"voc-p\" style=\"\">La activista argentina Nadia G\u00f3mez, miembro del pueblo Huarpe, de la FSC Indigenous Foundation y del Caucus Ind\u00edgena, subraya la urgencia de cambiar esta <strong>din\u00e1mica de exclusi\u00f3n<\/strong>. \u00abQueremos estar presentes en las negociaciones, que nuestra voz sea escuchada, pero tambi\u00e9n que nuestras propuestas con las que venimos manteniendo a nuestros territorios, a nuestras monta\u00f1as, no sirvan para paliar las crisis que los grandes estados desarrollados est\u00e1n intentando llevar adelante en Latinoam\u00e9rica\u00bb, asegur\u00f3 G\u00f3mez, destacando la preocupaci\u00f3n por las pol\u00edticas extractivistas.<\/p>\n<p>\nDesaf\u00edo\n<\/p>\n<p class=\"voc-p\" style=\"\">La desproporci\u00f3n en el acceso a los espacios formales es el principal desaf\u00edo para los pueblos originarios en la primera COP en una ciudad amaz\u00f3nica, al mismo tiempo en que los grupos vienen fortaleci\u00e9ndose en la acci\u00f3n pol\u00edtica. En Brasil, el Gobierno ha creado el primer Ministerio de los Pueblos Ind\u00edgenas, liderado por la ministra S\u00f4nia Guajajara, que ha impulsado diversas iniciativas para esta conferencia, como la Cumbre de los Pueblos, una novedad en las COPs para ampliar la escucha a las demandas ind\u00edgenas. <\/p>\n<p class=\"voc-p\" style=\"\">El coordinador ejecutivo de la APIB, Dinaman Tux\u00e1, se\u00f1al\u00f3 que, ante las limitaciones de la Zona Azul, las comunidades <strong>han generado sus propios espacios de debate<\/strong> y presi\u00f3n, como la Aldea COP30 o la Cumbre de los Pueblos.<\/p>\n<p class=\"voc-p\" style=\"\">En Brasil, datos del \u00faltimo censo, de 2022 indican que la poblaci\u00f3n ind\u00edgena en el pa\u00eds ha ascendido a 1,7 millones, un impresionante aumento del 88,82% en doce a\u00f1os, muy por encima del 6,5% de la poblaci\u00f3n total. La raz\u00f3n principal para ese crecimiento ha sido, seg\u00fan el censo, porque pasaron a identificarse y tener orgullo de ser ind\u00edgenas, algo que antes los avergonzaba, por el racismo que enfrentaban. <\/p>\n<p class=\"voc-p\" style=\"\">Una investigaci\u00f3n de la Wildlife Conservation Society (WCS) &#8211; Sociedad para la Conservaci\u00f3n de la Vida Silvestre &#8211; y la Agencia de los Estados Unidos para el Desarrollo Internacional, revel\u00f3 que el 36% de los paisajes forestales intactos que quedan en el mundo se encuentran en las tierras de los pueblos ind\u00edgenas, lo que fortalece el papel de estas poblaciones en el planeta.<\/p>\n","protected":false},"excerpt":{"rendered":"Decenas de manifestantes ind\u00edgenas se han enfrentado este martes con guardias de seguridad en la COP30, la Conferencia&hellip;\n","protected":false},"author":2,"featured_media":232309,"comment_status":"","ping_status":"","sticky":false,"template":"","format":"standard","meta":{"footnotes":""},"categories":[42],"tags":[17,18,40605,37873,13,14,11,13937,61,62,63,64,19,20,16734,9,10,15,16,585,12,21,22,65,66,67],"class_list":{"0":"post-232308","1":"post","2":"type-post","3":"status-publish","4":"format-standard","5":"has-post-thumbnail","7":"category-internacional","8":"tag-breaking-news","9":"tag-breakingnews","10":"tag-cop30","11":"tag-enfrentan","12":"tag-featured-news","13":"tag-featurednews","14":"tag-headlines","15":"tag-indigenas","16":"tag-internacional","17":"tag-international","18":"tag-international-news","19":"tag-internationalnews","20":"tag-latest-news","21":"tag-latestnews","22":"tag-manifestantes","23":"tag-news","24":"tag-noticias","25":"tag-noticias-destacadas","26":"tag-noticiasdestacadas","27":"tag-seguridad","28":"tag-titulares","29":"tag-ultimas-noticias","30":"tag-ultimasnoticias","31":"tag-world","32":"tag-world-news","33":"tag-worldnews"},"share_on_mastodon":{"url":"https:\/\/pubeurope.com\/@es\/115537831820354142","error":""},"_links":{"self":[{"href":"https:\/\/www.europesays.com\/es\/wp-json\/wp\/v2\/posts\/232308","targetHints":{"allow":["GET"]}}],"collection":[{"href":"https:\/\/www.europesays.com\/es\/wp-json\/wp\/v2\/posts"}],"about":[{"href":"https:\/\/www.europesays.com\/es\/wp-json\/wp\/v2\/types\/post"}],"author":[{"embeddable":true,"href":"https:\/\/www.europesays.com\/es\/wp-json\/wp\/v2\/users\/2"}],"replies":[{"embeddable":true,"href":"https:\/\/www.europesays.com\/es\/wp-json\/wp\/v2\/comments?post=232308"}],"version-history":[{"count":0,"href":"https:\/\/www.europesays.com\/es\/wp-json\/wp\/v2\/posts\/232308\/revisions"}],"wp:featuredmedia":[{"embeddable":true,"href":"https:\/\/www.europesays.com\/es\/wp-json\/wp\/v2\/media\/232309"}],"wp:attachment":[{"href":"https:\/\/www.europesays.com\/es\/wp-json\/wp\/v2\/media?parent=232308"}],"wp:term":[{"taxonomy":"category","embeddable":true,"href":"https:\/\/www.europesays.com\/es\/wp-json\/wp\/v2\/categories?post=232308"},{"taxonomy":"post_tag","embeddable":true,"href":"https:\/\/www.europesays.com\/es\/wp-json\/wp\/v2\/tags?post=232308"}],"curies":[{"name":"wp","href":"https:\/\/api.w.org\/{rel}","templated":true}]}}