{"id":232310,"date":"2025-11-12T17:09:11","date_gmt":"2025-11-12T17:09:11","guid":{"rendered":"https:\/\/www.europesays.com\/es\/232310\/"},"modified":"2025-11-12T17:09:11","modified_gmt":"2025-11-12T17:09:11","slug":"el-gobierno-prohibe-la-cria-de-aves-de-corral-al-aire-libre","status":"publish","type":"post","link":"https:\/\/www.europesays.com\/es\/232310\/","title":{"rendered":"el Gobierno prohibe la cr\u00eda de aves de corral al aire libre"},"content":{"rendered":"<p class=\"c-paragraph\">La gripe aviar vuelve a encender las alertas en Espa\u00f1a. A partir del pasado lunes, 10 de noviembre, el Ministerio de Agricultura y Pesca (MAMA)<b> orden\u00f3 el confinamiento obligatorio de todas las gallinas criadas al aire libre<\/b> en las zonas catalogadas como de mayor riesgo, ante el repunte de contagios.<\/p>\n<p class=\"c-paragraph\">Seg\u00fan los datos notificados a trav\u00e9s de ADIS, entre el 1 de julio y el 5 de noviembre de 2025 <b>se han registrado 139 focos de Influenza Aviar de Alta Patogenicidad (IAAP) en aves de corral<\/b>, 708 en aves silvestres y 33 en aves cautivas. La vigilancia epidemiol\u00f3gica refleja un goteo constante que, en las \u00faltimas semanas, se ha acelerado.<\/p>\n<p class=\"c-paragraph\">\u00abEn las \u00faltimas semanas, se ha producido un aumento en el n\u00famero de casos detectados, tanto en aves silvestres como en aves de corral, lo que indica una tendencia al empeoramiento de la situaci\u00f3n\u00bb, se\u00f1al\u00f3 el ministerio espa\u00f1ol en una nota fechada el mi\u00e9rcoles. Pero, \u00bfd\u00f3nde se ubica el riesgo de esta gripe aviar?<\/p>\n<p>Las zonas de alto riesgo de Espa\u00f1a<\/p>\n<p class=\"c-paragraph\">Las zonas de especial riesgo se\u00f1aladas en el BOE se concentran principalmente a lo largo de los grandes corredores migratorios y \u00e1reas costeras, donde <b>confluyen aves silvestres y explotaciones av\u00edcolas.\u00a0<\/b><\/p>\n<p class=\"c-paragraph\">Destacan Andaluc\u00eda, la Comunitat Valenciana y Catalu\u00f1a por su elevada densidad de municipios afectados, especialmente en<b> entornos de marismas, humedales y deltas fluviales como Do\u00f1ana, el delta del Ebro<\/b> o l\u2019Albufera, espacios cr\u00edticos por su biodiversidad y la presencia constante de aves acu\u00e1ticas.\u00a0<\/p>\n<p class=\"c-paragraph\">Tambi\u00e9n sobresalen<b> \u00e1reas agr\u00edcolas y periurbanas con intensa actividad ganadera y log\u00edstica<\/b>, factores que pueden facilitar la circulaci\u00f3n del virus entre aves dom\u00e9sticas y silvestres.<\/p>\n<p class=\"c-paragraph\">Mientras,<b> regiones interiores como Arag\u00f3n, Castilla y Le\u00f3n o parte de Castilla-La Mancha<\/b> presentan numerosos municipios incluidos por su cercan\u00eda a humedales, canales de regad\u00edo y zonas de paso migratorio que atraviesan la pen\u00ednsula hacia Francia.\u00a0<\/p>\n<p class=\"c-paragraph\">Provincias como <b>Huesca, Zaragoza, Palencia o Zamora muestran una alta concentraci\u00f3n de localidades clasificadas<\/b>, reflejando su papel como nudo de tr\u00e1nsito de aves en rutas atl\u00e1nticas y mediterr\u00e1neas.\u00a0<\/p>\n<p class=\"c-paragraph\">En menor proporci\u00f3n, pero tambi\u00e9n incluidas, figuran enclaves estrat\u00e9gicos en <b>Illes Balears, Galicia, Pa\u00eds Vasco, Murcia, Ceuta y Melilla<\/b>, lo que confirma una distribuci\u00f3n amplia y multic\u00e9ntrica del riesgo que abarca pr\u00e1cticamente todo el territorio peninsular e insular.<\/p>\n<p>Medidas adoptadas por el Ministerio de Agricultura<\/p>\n<p class=\"c-paragraph\">La expansi\u00f3n de la gripe aviar en Espa\u00f1a ha llevado al Ministerio de Agricultura, Pesca y Alimentaci\u00f3n (MAPA) a endurecer las restricciones en las zonas de especial riesgo y vigilancia. Con la entrada en vigor de la nueva Orden el <b>10 de noviembre de 2025<\/b>, el Gobierno busca reforzar la bioseguridad y frenar la propagaci\u00f3n del virus entre aves silvestres y de corral.<\/p>\n<ol>\n<li><b>Supresi\u00f3n de excepciones previas en bioseguridad.\u00a0<\/b>Se eliminan las autorizaciones incluidas en normativas anteriores. Entre sus efectos, queda prohibido el uso de aves de los \u00f3rdenes Anseriformes y Charadriiformes como se\u00f1uelo, as\u00ed como la cr\u00eda conjunta de patos y gansos con otras especies de corral.<\/li>\n<li><b>Prohibici\u00f3n de la cr\u00eda de aves de corral al aire libre.\u00a0<\/b>Se establece la obligaci\u00f3n de mantener a las aves dentro de instalaciones cerradas. Cuando esto no sea viable, la autoridad competente podr\u00e1 permitir su mantenimiento exterior siempre que haya medidas estrictas de protecci\u00f3n (como telas pajareras) que impidan el contacto con aves silvestres. Adem\u00e1s, la alimentaci\u00f3n y el abrevar deber\u00e1n realizarse en espacios interiores o refugios protegidos.<\/li>\n<li><b>Control del uso de agua de bebida.\u00a0<\/b>No se podr\u00e1 administrar a las aves agua procedente de dep\u00f3sitos accesibles a fauna silvestre, salvo que haya sido tratada para garantizar la inactivaci\u00f3n del virus. Los dep\u00f3sitos situados al aire libre, cuando sean necesarios por bienestar animal, deber\u00e1n contar con protecci\u00f3n suficiente frente a aves acu\u00e1ticas.<\/li>\n<li><b>Prohibici\u00f3n de concentraciones de aves.<\/b> Se proh\u00edbe la presencia de aves de corral o cautivas en centros de concentraci\u00f3n de animales, cert\u00e1menes ganaderos, ferias, exhibiciones, celebraciones culturales o cualquier reuni\u00f3n al aire libre. Podr\u00e1n autorizarse \u00fanicamente si se realiza una evaluaci\u00f3n de riesgo con resultado favorable por parte de la autoridad competente.<\/li>\n<\/ol>\n","protected":false},"excerpt":{"rendered":"La gripe aviar vuelve a encender las alertas en Espa\u00f1a. A partir del pasado lunes, 10 de noviembre,&hellip;\n","protected":false},"author":2,"featured_media":232311,"comment_status":"","ping_status":"","sticky":false,"template":"","format":"standard","meta":{"footnotes":""},"categories":[8],"tags":[3196,29997,17,18,25,24,13,14,7749,11,19,20,23373,9,10,15,16,1288,3215,23,12,21,22,7996],"class_list":{"0":"post-232310","1":"post","2":"type-post","3":"status-publish","4":"format-standard","5":"has-post-thumbnail","7":"category-espana","8":"tag-alto","9":"tag-aviar","10":"tag-breaking-news","11":"tag-breakingnews","12":"tag-es","13":"tag-espana","14":"tag-featured-news","15":"tag-featurednews","16":"tag-gripe","17":"tag-headlines","18":"tag-latest-news","19":"tag-latestnews","20":"tag-mapa","21":"tag-news","22":"tag-noticias","23":"tag-noticias-destacadas","24":"tag-noticiasdestacadas","25":"tag-riesgo","26":"tag-seo20","27":"tag-spain","28":"tag-titulares","29":"tag-ultimas-noticias","30":"tag-ultimasnoticias","31":"tag-zonas"},"share_on_mastodon":{"url":"https:\/\/pubeurope.com\/@es\/115537835653427999","error":""},"_links":{"self":[{"href":"https:\/\/www.europesays.com\/es\/wp-json\/wp\/v2\/posts\/232310","targetHints":{"allow":["GET"]}}],"collection":[{"href":"https:\/\/www.europesays.com\/es\/wp-json\/wp\/v2\/posts"}],"about":[{"href":"https:\/\/www.europesays.com\/es\/wp-json\/wp\/v2\/types\/post"}],"author":[{"embeddable":true,"href":"https:\/\/www.europesays.com\/es\/wp-json\/wp\/v2\/users\/2"}],"replies":[{"embeddable":true,"href":"https:\/\/www.europesays.com\/es\/wp-json\/wp\/v2\/comments?post=232310"}],"version-history":[{"count":0,"href":"https:\/\/www.europesays.com\/es\/wp-json\/wp\/v2\/posts\/232310\/revisions"}],"wp:featuredmedia":[{"embeddable":true,"href":"https:\/\/www.europesays.com\/es\/wp-json\/wp\/v2\/media\/232311"}],"wp:attachment":[{"href":"https:\/\/www.europesays.com\/es\/wp-json\/wp\/v2\/media?parent=232310"}],"wp:term":[{"taxonomy":"category","embeddable":true,"href":"https:\/\/www.europesays.com\/es\/wp-json\/wp\/v2\/categories?post=232310"},{"taxonomy":"post_tag","embeddable":true,"href":"https:\/\/www.europesays.com\/es\/wp-json\/wp\/v2\/tags?post=232310"}],"curies":[{"name":"wp","href":"https:\/\/api.w.org\/{rel}","templated":true}]}}