{"id":232312,"date":"2025-11-12T17:20:09","date_gmt":"2025-11-12T17:20:09","guid":{"rendered":"https:\/\/www.europesays.com\/es\/232312\/"},"modified":"2025-11-12T17:20:09","modified_gmt":"2025-11-12T17:20:09","slug":"ultima-hora-de-las-atp-finals-alcaraz-sinner-en-directo-la-pica-de-as","status":"publish","type":"post","link":"https:\/\/www.europesays.com\/es\/232312\/","title":{"rendered":"\u00daltima hora de las ATP Finals: Alcaraz, Sinner&#8230;| En directo: \u2018La Pica de AS\u2019"},"content":{"rendered":"<p class=\"\">Hoy tienes una cita con \u2018La Pica de AS\u2019, el espacio diario de AS en <a href=\"https:\/\/www.twitch.tv\/diario_as\" rel=\"nofollow noopener\" target=\"_blank\">Twitch<\/a>, de la mano de Pepe Rodr\u00edguez (Pepe Bras\u00edn). Cada d\u00eda, analizamos lo que est\u00e1 dando de s\u00ed la actualidad polideportiva con especial atenci\u00f3n a los grandes eventos de la semana.<\/p>\n<p>Noticias relacionadas<\/p>\n<p class=\"\"><b>Hoy abordamos la actualidad del tenis, que pasa por las ATP Finals y el pase a semifinales de Carlos Alcaraz, adem\u00e1s del resto de partidos del torneo.<\/b><\/p>\n<p class=\"\">\u2018La Pica de AS\u2019, constar\u00e1 de hora y media de actualidad polideportiva en Twitch, de lunes a jueves, de 16:30 a 18:00, conducido por <a href=\"https:\/\/twitter.com\/PepeBrasin\" rel=\"nofollow noopener\" target=\"_blank\">Pepe Rodr\u00edguez<\/a>, acompa\u00f1ado del enorme m\u00fasculo que conforman todo el elenco de periodistas y expertos de la redacci\u00f3n de AS, El Pa\u00eds y la SER.<\/p>\n<p><script async src=\"https:\/\/platform.twitter.com\/widgets.js\" charset=\"utf-8\"><\/script><\/p>\n","protected":false},"excerpt":{"rendered":"Hoy tienes una cita con \u2018La Pica de AS\u2019, el espacio diario de AS en Twitch, de la&hellip;\n","protected":false},"author":2,"featured_media":232313,"comment_status":"","ping_status":"","sticky":false,"template":"","format":"standard","meta":{"footnotes":""},"categories":[274],"tags":[168,25,24,23,167,327,326],"class_list":{"0":"post-232312","1":"post","2":"type-post","3":"status-publish","4":"format-standard","5":"has-post-thumbnail","7":"category-tenis","8":"tag-deportes","9":"tag-es","10":"tag-espana","11":"tag-spain","12":"tag-sports","13":"tag-tenis","14":"tag-tennis"},"share_on_mastodon":{"url":"https:\/\/pubeurope.com\/@es\/115537879188327216","error":""},"_links":{"self":[{"href":"https:\/\/www.europesays.com\/es\/wp-json\/wp\/v2\/posts\/232312","targetHints":{"allow":["GET"]}}],"collection":[{"href":"https:\/\/www.europesays.com\/es\/wp-json\/wp\/v2\/posts"}],"about":[{"href":"https:\/\/www.europesays.com\/es\/wp-json\/wp\/v2\/types\/post"}],"author":[{"embeddable":true,"href":"https:\/\/www.europesays.com\/es\/wp-json\/wp\/v2\/users\/2"}],"replies":[{"embeddable":true,"href":"https:\/\/www.europesays.com\/es\/wp-json\/wp\/v2\/comments?post=232312"}],"version-history":[{"count":0,"href":"https:\/\/www.europesays.com\/es\/wp-json\/wp\/v2\/posts\/232312\/revisions"}],"wp:featuredmedia":[{"embeddable":true,"href":"https:\/\/www.europesays.com\/es\/wp-json\/wp\/v2\/media\/232313"}],"wp:attachment":[{"href":"https:\/\/www.europesays.com\/es\/wp-json\/wp\/v2\/media?parent=232312"}],"wp:term":[{"taxonomy":"category","embeddable":true,"href":"https:\/\/www.europesays.com\/es\/wp-json\/wp\/v2\/categories?post=232312"},{"taxonomy":"post_tag","embeddable":true,"href":"https:\/\/www.europesays.com\/es\/wp-json\/wp\/v2\/tags?post=232312"}],"curies":[{"name":"wp","href":"https:\/\/api.w.org\/{rel}","templated":true}]}}