{"id":232314,"date":"2025-11-12T17:21:18","date_gmt":"2025-11-12T17:21:18","guid":{"rendered":"https:\/\/www.europesays.com\/es\/232314\/"},"modified":"2025-11-12T17:21:18","modified_gmt":"2025-11-12T17:21:18","slug":"mathieu-van-der-poel-sorprende-con-un-posible-debut-en-una-disciplina-muy-dura","status":"publish","type":"post","link":"https:\/\/www.europesays.com\/es\/232314\/","title":{"rendered":"\u00a1Mathieu van der Poel sorprende con un posible debut en una disciplina muy dura!"},"content":{"rendered":"<p>A d\u00eda de hoy, pocos ciclistas (por no decir ninguno), son tan completos como <a href=\"https:\/\/ciclismoaldia.es\/mathieu-van-der-poel\" title=\"Mathieu van der Poel\" rel=\"nofollow noopener\" target=\"_blank\">Mathieu van der Poel<\/a>. La estrella de <a href=\"https:\/\/ciclismoaldia.es\/alpecin-deceuninck\" title=\"Alpecin-Deceuninck\" rel=\"nofollow noopener\" target=\"_blank\">Alpecin-Deceuninck<\/a> domina la carretera, el ciclocross, el gravel y est\u00e1 intentando hacer lo propio con el Mountain Bike (el \u00fanico donde a\u00fan no ha conseguido el maillot arco\u00edris). Pero la ambici\u00f3n del neerland\u00e9s no se queda ah\u00ed, ya que est\u00e1 pensando debutar en una nueva disciplina.<\/p>\n<p>Fuera de la bici, Van der Poel tambi\u00e9n es un deportista nato. Practica golf con regularidad y ahora no descarta probar pronto el \u00a1triatl\u00f3n! En Instagram ha vuelto a dejar caer una posible participaci\u00f3n en un Ironman, animado por sus amigos m\u00e1s cercanos.<\/p>\n<p>El youtuber Average Rob, en el p\u00f3dcast Lamber &amp; Albert, ya hab\u00eda invitado al neerland\u00e9s a competir en uno este noviembre, algo que van der Poel parece tener muchas ganas de hacer: \u00abMathieu casi compite en un Half Ironman en Portugal. Lo mir\u00f3 seriamente, pero para un ciclista profesional no es algo que puedas encajar sin m\u00e1s\u00bb.<\/p>\n<p>La idea, no obstante, ya est\u00e1 plantada y en alg\u00fan momento del futuro es casi seguro que suceda.<\/p>\n<p><img decoding=\"async\" width=\"500\" height=\"280\" loading=\"lazy\" src=\"https:\/\/www.europesays.com\/es\/wp-content\/uploads\/2025\/11\/mathieuvanderpoel-2-69145c6b65c2f.jpg@webp.webp\" class=\"w-auto h-auto\" alt=\"Mathieu van der Poel se plantea debutar en el triatl\u00f3n\"\/><\/p>\n<p>Mathieu van der Poel se plantea debutar en el triatl\u00f3n<\/p>\n<p>\u00abPrometi\u00f3 hacer un Ironman completo con nosotros alg\u00fan d\u00eda, pero creo que ser\u00e1 dentro de cuatro, cinco, seis o diez a\u00f1os. Para despu\u00e9s de su carrera. O cuando est\u00e9 en una fase m\u00e1s relajada y quiera usarlo como entrenamiento. Por lo visto, nada mucho mejor de lo que la gente cree. Es un tipo que hace bien todo. Un fen\u00f3meno\u00bb.<\/p>\n<p>El motivo para so\u00f1arAun as\u00ed, la posibilidad de ver a Van der Poel, corredor activo a pie \u2014como se ve a menudo en Strava y tambi\u00e9n por sus obligaciones en ciclocross\u2014 afrontando un triatl\u00f3n ha vuelto a ganar fuerza despu\u00e9s de que su compa\u00f1ero de entrenamiento Freddy Ovett publicara un v\u00eddeo en <a href=\"https:\/\/www.instagram.com\/p\/DQ615gdjPWL\" target=\"_blank\" rel=\"nofollow noopener\">Instagram<\/a> con el pie: \u00abMVDP confirma que har\u00e1 un Ironman si este reel llega a 100k \u2018likes\u2019\u00bb.<\/p>\n<p>En el momento de escribir estas l\u00edneas, 19 horas tras la publicaci\u00f3n, suma 58.000 \u2018likes\u2019. Se percibe un claro inter\u00e9s por parte del l\u00edder de Alpecin-Deceuninck en probar una nueva disciplina deportiva, aunque dentro del ciclismo profesional ya brille a la vez en cuatro especialidades y haya sido campe\u00f3n del mundo en tres de ellas.<\/p>\n<p><script async src=\"\/\/www.instagram.com\/embed.js\"><\/script><\/p>\n","protected":false},"excerpt":{"rendered":"A d\u00eda de hoy, pocos ciclistas (por no decir ninguno), son tan completos como Mathieu van der Poel.&hellip;\n","protected":false},"author":2,"featured_media":232315,"comment_status":"","ping_status":"","sticky":false,"template":"","format":"standard","meta":{"footnotes":""},"categories":[273],"tags":[313,312,168,25,24,23,167],"class_list":{"0":"post-232314","1":"post","2":"type-post","3":"status-publish","4":"format-standard","5":"has-post-thumbnail","7":"category-ciclismo","8":"tag-ciclismo","9":"tag-cycling","10":"tag-deportes","11":"tag-es","12":"tag-espana","13":"tag-spain","14":"tag-sports"},"share_on_mastodon":{"url":"https:\/\/pubeurope.com\/@es\/115537883123152482","error":""},"_links":{"self":[{"href":"https:\/\/www.europesays.com\/es\/wp-json\/wp\/v2\/posts\/232314","targetHints":{"allow":["GET"]}}],"collection":[{"href":"https:\/\/www.europesays.com\/es\/wp-json\/wp\/v2\/posts"}],"about":[{"href":"https:\/\/www.europesays.com\/es\/wp-json\/wp\/v2\/types\/post"}],"author":[{"embeddable":true,"href":"https:\/\/www.europesays.com\/es\/wp-json\/wp\/v2\/users\/2"}],"replies":[{"embeddable":true,"href":"https:\/\/www.europesays.com\/es\/wp-json\/wp\/v2\/comments?post=232314"}],"version-history":[{"count":0,"href":"https:\/\/www.europesays.com\/es\/wp-json\/wp\/v2\/posts\/232314\/revisions"}],"wp:featuredmedia":[{"embeddable":true,"href":"https:\/\/www.europesays.com\/es\/wp-json\/wp\/v2\/media\/232315"}],"wp:attachment":[{"href":"https:\/\/www.europesays.com\/es\/wp-json\/wp\/v2\/media?parent=232314"}],"wp:term":[{"taxonomy":"category","embeddable":true,"href":"https:\/\/www.europesays.com\/es\/wp-json\/wp\/v2\/categories?post=232314"},{"taxonomy":"post_tag","embeddable":true,"href":"https:\/\/www.europesays.com\/es\/wp-json\/wp\/v2\/tags?post=232314"}],"curies":[{"name":"wp","href":"https:\/\/api.w.org\/{rel}","templated":true}]}}