{"id":232318,"date":"2025-11-12T17:24:13","date_gmt":"2025-11-12T17:24:13","guid":{"rendered":"https:\/\/www.europesays.com\/es\/232318\/"},"modified":"2025-11-12T17:24:13","modified_gmt":"2025-11-12T17:24:13","slug":"el-deportivo-desvela-detalles-del-acuerdo-con-cvc-y-cifra-el-gasto-en-las-obras-de-abegondo","status":"publish","type":"post","link":"https:\/\/www.europesays.com\/es\/232318\/","title":{"rendered":"El Deportivo desvela detalles del acuerdo con CVC y cifra el gasto en las obras de Abegondo"},"content":{"rendered":"<p class=\"ft-text\"><a class=\"ft-link ft-link--decoration\" href=\"https:\/\/www.laopinioncoruna.es\/deportivo\/2025\/11\/11\/deportivo-celebrara-junta-general-accionistas-123618425.html\" rel=\"nofollow noopener\" target=\"_blank\">El <\/a><a class=\"ft-link ft-link--decoration\" href=\"https:\/\/www.laopinioncoruna.es\/deportivo\/2025\/11\/11\/deportivo-celebrara-junta-general-accionistas-123618425.html\" rel=\"nofollow noopener\" target=\"_blank\"><strong>Deportivo <\/strong><\/a><a class=\"ft-link ft-link--decoration\" href=\"https:\/\/www.laopinioncoruna.es\/deportivo\/2025\/11\/11\/deportivo-celebrara-junta-general-accionistas-123618425.html\" rel=\"nofollow noopener\" target=\"_blank\">cita a sus accionistas el pr\u00f3ximo 11 de diciembre<\/a> para hacer balance y presentar las cuentas de la temporada 2024-25, las primeras del regreso al <a class=\"ft-link ft-link--decoration\" href=\"https:\/\/www.laopinioncoruna.es\/tags\/futbol\/\" rel=\"nofollow noopener\" target=\"_blank\">f\u00fatbol<\/a> profesional y tras<a class=\"ft-link ft-link--decoration\" href=\"https:\/\/www.laopinioncoruna.es\/deportivo\/2024\/09\/18\/deportivo-da-cerrado-concurso-acreedores-108295400.html\" rel=\"nofollow noopener\" target=\"_blank\"> la salida del concurso de acreedores<\/a>, que muestran otra dimensi\u00f3n del club coru\u00f1\u00e9s, despu\u00e9s de ese periodo negro de cuatro temporadas entre <a class=\"ft-link ft-link--decoration\" href=\"https:\/\/www.laopinioncoruna.es\/tags\/segunda-b\/\" rel=\"nofollow noopener\" target=\"_blank\">Segunda B<\/a> y Primera RFEF. La memoria que facilita el consejo a sus due\u00f1os para informar del estado de la sociedad ofrece detalles de acuerdos estrat\u00e9gicos como el de <a class=\"ft-link ft-link--decoration\" href=\"https:\/\/www.laopinioncoruna.es\/deportivo\/2025\/01\/16\/deportivo-firmo-fondo-cvc-113422977.html\" rel=\"nofollow noopener\" target=\"_blank\"><strong>LaLiga Impulso-CVC <\/strong><\/a>y tambi\u00e9n muestra la magnitud de <a class=\"ft-link ft-link--decoration\" href=\"https:\/\/www.laopinioncoruna.es\/deportivo\/2025\/10\/06\/modelo-cantera-abegondo-deportivo-ilusion-122347459.html\" rel=\"nofollow noopener\" target=\"_blank\">la apuesta por <\/a><a class=\"ft-link ft-link--decoration\" href=\"https:\/\/www.laopinioncoruna.es\/deportivo\/2025\/10\/06\/modelo-cantera-abegondo-deportivo-ilusion-122347459.html\" rel=\"nofollow noopener\" target=\"_blank\"><strong>Abegondo<\/strong><\/a><strong>.<\/strong>La entidad reconoce p\u00e9rdidas de 6,9 millones, en la 24-25, de las que el 60% imputa a inversi\u00f3n en la cantera<\/p>\n<p class=\"ft-text\">Las obligaciones con terceros pasaron de 4,7 millones en junio de 2024 a 12,7 en el mismo mes de 2025, algo que achaca a \u00abdeudas a largo plazo con entidades deportivas, varios acreedores y el pr\u00e9stamo bancario <strong>CVC<\/strong>\u00bb. La memoria pone n\u00fameros al acuerdo promovido por Laliga: tendr\u00e1 acceso a \u00ab33,6\u00bb millones a disponer \u00aba lo largo de las pr\u00f3ximas tres temporadas\u00bb. Como todo pr\u00e9stamo tendr\u00e1 que ser devuelto y da detalles: \u00abSer\u00e1 amortizado a lo largo de los pr\u00f3ximos 47 a\u00f1os a cuotas constantes, devenga un tipo de inter\u00e9s \u20180\u2019 y paga un importe anual del 1,5% de los derechos televisivos\u00bb. Apunta, adem\u00e1s, que dispuso de 8,8 millones para nueva financiaci\u00f3n. Esta apuesta fue aprobada el pasado 11 de octubre e influy\u00f3 en el l\u00edmite salarial tanto el pasado enero como este verano.<\/p>\n<p class=\"ft-text\">En el cap\u00edtulo sobre <strong>inmovilizado material <\/strong>(bienes f\u00edsicos titularidad de la empresa), pasa de 5,7 a millones a 18,4 en tan solo un a\u00f1o en el ep\u00edgrafe de \u00abconstrucciones\u00bb, como consecuencia de la ampliaci\u00f3n y reforma de <strong>Abegondo<\/strong>, que seguir\u00e1 en obras hasta 2027 y en donde invertir\u00e1 unos 40 millones. En la memoria apunta que \u00abse han dado de alta construcciones por valor de 13,05 millones debido a que el club se encuentra en proceso de reforma de toda la <strong>Ciudad Deportiva<\/strong>\u00bb. Es la cantidad que se ha gastado en la temporada 2024-25 en el gran proyecto de club desde el desembarco de <strong>Abanca<\/strong>, quien posee el \u00ab99,73% del capital social\u00bb de la entidad.<\/p>\n<p class=\"ft-text\">Las obras en <a class=\"ft-link ft-link--decoration\" href=\"https:\/\/www.laopinioncoruna.es\/tags\/riazor\/\" rel=\"nofollow noopener\" target=\"_blank\"><strong>Riazor<\/strong><\/a> para el museo y para el saneamiento de muchas dependencias del estadio son posteriores al cierre de este balance, pero ya hay dinero asignado. <a class=\"ft-link ft-link--decoration\" href=\"https:\/\/www.laopinioncoruna.es\/deportivo\/2025\/10\/28\/deportivo-espera-abrir-museo-publico-123103621.html\" rel=\"nofollow noopener\" target=\"_blank\">El club, seg\u00fan fuentes consultadas, cifra en cinco millones la inversi\u00f3n, de los que un mill\u00f3n ir\u00e1 a tres salas musealizadas que servir\u00e1n de complementos para las <\/a><a class=\"ft-link ft-link--decoration\" href=\"https:\/\/www.laopinioncoruna.es\/deportivo\/2025\/10\/28\/deportivo-espera-abrir-museo-publico-123103621.html\" rel=\"nofollow noopener\" target=\"_blank\"><strong>zonas VIP<\/strong><\/a><a class=\"ft-link ft-link--decoration\" href=\"https:\/\/www.laopinioncoruna.es\/deportivo\/2025\/10\/28\/deportivo-espera-abrir-museo-publico-123103621.html\" rel=\"nofollow noopener\" target=\"_blank\"> y para el tour del estadio<\/a>. Unas actuaciones que ver\u00e1n la luz en el mes de enero.<\/p>\n<p class=\"ft-text\">En ese sentido, como suele ser habitual, aparece recogido el acuerdo con el <strong>Concello de A Coru\u00f1a <\/strong>para la cesi\u00f3n de <strong>Riazor<\/strong>, ahora mismo vigente hasta 2049, que club quiere extender en el tiempo. El Deportivo reconoce un valor de 1,1 millones de euros anuales por esta cesi\u00f3n gratuita de la ciudad al imputarla \u00aba resultados\u00bb.<\/p>\n<p class=\"ft-text\">La salud de la entidad es la mejor de los \u00faltimos a\u00f1os y, de hecho, su patrimonio neto pasa de 28,5 a 55,7 millones en doce meses \u00abdebido al incremento de capital y a la prima de emisi\u00f3n\u00bb de la reducci\u00f3n y ampliaci\u00f3n de capital, que le llev\u00f3 en 2024 a deuda cero despu\u00e9s de la salida del concurso de acreedores para no entrar en causa de disoluci\u00f3n en su vuelta al f\u00fatbol profesional.<\/p>\n<p>P\u00e9rdidas<\/p>\n<p class=\"ft-text\">En el balance, que presentar\u00e1 a sus socios en un mes la sociedad, arroja un balance negativo de 6,9 millones. Son p\u00e9rdidas en el ejercicio 2024-25, imputadas, en gran medida, a la inversi\u00f3n en la cantera, que se lleva 4 millones de estos n\u00fameros rojos, seg\u00fan viene reflejado en la documentaci\u00f3n ofrecida a los accionistas. Todo ha aumentado con la vuelta al f\u00fatbol profesional: los gastos, los ingresos totales, por abonados y en muchos conceptos&#8230;<\/p>\n<p class=\"ft-text\">El gasto de personal deportivo pas\u00f3 en una campa\u00f1a, en la vuelta a <strong>Segunda<\/strong>, de 10,6 millones a 17,5, aunque es un montante que afecta a los dos primeros conjuntos profesionales y a la cantera. En el apartado de ingresos por competiciones del primer equipo masculino , se mantiene en 1,6 millones, pero en el resto todo se dispara. Por abonos pasa de 3,8 a 5 millones, por retransmisiones pasa de 244.364 euros a casi seis millones y por ingresos de publicidad de 4,3 a 6,7. El club asegura que la cifra de negocio se ha incrementado un \u00ab102%\u00bb y el gasto en personal en los dos primeros equipos, \u00abun 59%\u00bb. En el caso del conjunto masculino, pasa de 5,3 millones a 9,7 en Segunda en sueldos y salarios de la plantilla deportiva y de 1,8 a 2,8 en sueldos y salarios del personal no deportivo.<\/p>\n<p class=\"ft-text\">Esa nueva dimensi\u00f3n en la que ha entrado el <strong>Deportivo <\/strong>como <strong>SAD <\/strong>tambi\u00e9n se nota en que ten\u00eda 144 trabajadores en 2024 y ahora cuenta con 185 en 2025 y en que siguen firmes esas m\u00e1s de 200 pe\u00f1as deportivistas que han generado en torno a 90 actos, seg\u00fan aduce en su balance social de la entidad. El club remarca su car\u00e1cter de entidad de cantera y reafirma que ese va a ser el futuro de la entidad.<\/p>\n","protected":false},"excerpt":{"rendered":"El Deportivo cita a sus accionistas el pr\u00f3ximo 11 de diciembre para hacer balance y presentar las cuentas&hellip;\n","protected":false},"author":2,"featured_media":232319,"comment_status":"","ping_status":"","sticky":false,"template":"","format":"standard","meta":{"footnotes":""},"categories":[268],"tags":[945,60646,168,412,4083,7510,25,24,280,282,281,23,167],"class_list":{"0":"post-232318","1":"post","2":"type-post","3":"status-publish","4":"format-standard","5":"has-post-thumbnail","7":"category-futbol","8":"tag-acuerdo","9":"tag-cvc","10":"tag-deportes","11":"tag-deportivo","12":"tag-desvela","13":"tag-detalles","14":"tag-es","15":"tag-espana","16":"tag-football","17":"tag-futbol","18":"tag-soccer","19":"tag-spain","20":"tag-sports"},"share_on_mastodon":{"url":"https:\/\/pubeurope.com\/@es\/115537894771533359","error":""},"_links":{"self":[{"href":"https:\/\/www.europesays.com\/es\/wp-json\/wp\/v2\/posts\/232318","targetHints":{"allow":["GET"]}}],"collection":[{"href":"https:\/\/www.europesays.com\/es\/wp-json\/wp\/v2\/posts"}],"about":[{"href":"https:\/\/www.europesays.com\/es\/wp-json\/wp\/v2\/types\/post"}],"author":[{"embeddable":true,"href":"https:\/\/www.europesays.com\/es\/wp-json\/wp\/v2\/users\/2"}],"replies":[{"embeddable":true,"href":"https:\/\/www.europesays.com\/es\/wp-json\/wp\/v2\/comments?post=232318"}],"version-history":[{"count":0,"href":"https:\/\/www.europesays.com\/es\/wp-json\/wp\/v2\/posts\/232318\/revisions"}],"wp:featuredmedia":[{"embeddable":true,"href":"https:\/\/www.europesays.com\/es\/wp-json\/wp\/v2\/media\/232319"}],"wp:attachment":[{"href":"https:\/\/www.europesays.com\/es\/wp-json\/wp\/v2\/media?parent=232318"}],"wp:term":[{"taxonomy":"category","embeddable":true,"href":"https:\/\/www.europesays.com\/es\/wp-json\/wp\/v2\/categories?post=232318"},{"taxonomy":"post_tag","embeddable":true,"href":"https:\/\/www.europesays.com\/es\/wp-json\/wp\/v2\/tags?post=232318"}],"curies":[{"name":"wp","href":"https:\/\/api.w.org\/{rel}","templated":true}]}}