{"id":232342,"date":"2025-11-12T17:48:15","date_gmt":"2025-11-12T17:48:15","guid":{"rendered":"https:\/\/www.europesays.com\/es\/232342\/"},"modified":"2025-11-12T17:48:15","modified_gmt":"2025-11-12T17:48:15","slug":"no-se-cuantas-veces-mas-podre-soportarlo","status":"publish","type":"post","link":"https:\/\/www.europesays.com\/es\/232342\/","title":{"rendered":"\u201cNo s\u00e9 cu\u00e1ntas veces m\u00e1s podr\u00e9 soportarlo\u201d"},"content":{"rendered":"<p data-mrf-recirculation=\"Links P\u00e1rrafos\" class=\"ue-c-article__paragraph paragraph xai-icon-container ue-c-article--first-letter-highlighted\">El silencio que sigui\u00f3 al final del partido fue m\u00e1s elocuente que cualquier palabra. <strong>\u00c1lex de Mi\u00f1aur<\/strong> se march\u00f3 de la pista central de las ATP Finals con la cabeza baja, el gesto desencajado y la sensaci\u00f3n amarga de haber dejado escapar una oportunidad irrepetible<strong>. El australiano, uno de los jugadores m\u00e1s consistentes del circuito, hab\u00eda estado a solo unos juegos de derrotar a Lorenzo Musetti, pero el italiano logr\u00f3 darle la vuelta al marcador en un final que roz\u00f3 lo cruel.<\/strong><\/p>\n<p data-mrf-recirculation=\"Links P\u00e1rrafos\" class=\"ue-c-article__paragraph paragraph xai-icon-container\">La derrota, m\u00e1s all\u00e1 de los n\u00fameros, dej\u00f3 una huella emocional profunda en De Mi\u00f1aur, que compareci\u00f3 en rueda de prensa visiblemente afectado y con un discurso inusualmente sincero. <strong>\u201cEs mejor que no exprese lo que siento ahora mismo porque mis pensamientos son bastante oscuros\u201d, comenz\u00f3 diciendo, con la voz entrecortada.<\/strong> \u201cEste a\u00f1o he tenido un mont\u00f3n de partidos que deber\u00eda haber ganado y no lo hice. Esto no puede seguir ocurriendo. Si quiero seguir mejorando, no puedo perder estos partidos. Me est\u00e1 afectando mucho mentalmente. No s\u00e9 cu\u00e1ntas veces m\u00e1s podr\u00e9 soportar una derrota como esta. Debo solucionarlo cuanto antes.\u201d<\/p>\n<p><img decoding=\"async\" width=\"1980\" height=\"1320\" class=\"ue-c-article__image lazyload\" alt=\"De Mi\u00f1aur resta una pelota.\" loading=\"lazy\" src=\"https:\/\/www.europesays.com\/es\/wp-content\/uploads\/2025\/11\/69137a65d7e81.jpeg\"\/><\/p>\n<p>De Mi\u00f1aur resta una pelota.<\/p>\n<p data-mrf-recirculation=\"Links P\u00e1rrafos\" class=\"ue-c-article__paragraph paragraph xai-icon-container\">Sus palabras resonaron con fuerza. No es habitual que un jugador de su nivel, uno de los m\u00e1s trabajadores y disciplinados del circuito, hable con tanta honestidad emocional sobre el coste mental del deporte de \u00e9lite.<\/p>\n<p>Un partido que duele m\u00e1s que una derrota<\/p>\n<p data-mrf-recirculation=\"Links P\u00e1rrafos\" class=\"ue-c-article__paragraph paragraph xai-icon-container\">De Mi\u00f1aur comenz\u00f3 el encuentro titubeante, perdiendo el primer set ante un Musetti inspirado por el apoyo del p\u00fablico local. <strong>Sin embargo, el australiano reaccion\u00f3 con la determinaci\u00f3n que lo caracteriza, igualando el marcador y dominando el arranque del tercero<\/strong>. Con un break de ventaja y el ritmo del partido en su mano, todo apuntaba a una victoria que lo mantendr\u00eda con opciones reales de clasificaci\u00f3n a semifinales. Pero el guion cambi\u00f3 de golpe.<\/p>\n<p data-mrf-recirculation=\"Links P\u00e1rrafos\" class=\"ue-c-article__paragraph paragraph xai-icon-container\"><strong>Musetti, alentado por un p\u00fablico volcado, rompi\u00f3 el servicio de De Mi\u00f1aur en el momento clave y termin\u00f3 imponi\u00e9ndose en un desenlace fren\u00e9tico.<\/strong> La frustraci\u00f3n del australiano no viene dada solo por la derrota, sino por la repetici\u00f3n de un patr\u00f3n que viene arrastrando todo el a\u00f1o. De Mi\u00f1aur ha perdido varios partidos en los que estuvo a punto de ganar, una tendencia que ha minado su confianza y su estabilidad mental.<\/p>\n<p><img decoding=\"async\" width=\"3000\" height=\"2000\" class=\"ue-c-article__image lazyload\" alt=\"Musetti pega de rev\u00e9s.\" loading=\"lazy\" src=\"https:\/\/www.europesays.com\/es\/wp-content\/uploads\/2025\/11\/1762969695_147_6911f75771fae.jpeg\"\/><\/p>\n<p>Musetti pega de rev\u00e9s.Antonio Calanni<\/p>\n<p data-mrf-recirculation=\"Links P\u00e1rrafos\" class=\"ue-c-article__paragraph paragraph xai-icon-container\">Con esta derrota, De Mi\u00f1aur queda en una posici\u00f3n delicada dentro de su grupo de las ATP Finals. <strong>Para mantener vivas sus opciones de avanzar a semifinales, deber\u00e1 vencer a Taylor Fritz en su \u00faltimo partido y esperar que Carlos Alcaraz derrote a Musetti<\/strong>. Un escenario complicado, pero no imposible.<\/p>\n","protected":false},"excerpt":{"rendered":"El silencio que sigui\u00f3 al final del partido fue m\u00e1s elocuente que cualquier palabra. \u00c1lex de Mi\u00f1aur se&hellip;\n","protected":false},"author":2,"featured_media":224820,"comment_status":"","ping_status":"","sticky":false,"template":"","format":"standard","meta":{"footnotes":""},"categories":[274],"tags":[168,25,24,23,167,327,326],"class_list":{"0":"post-232342","1":"post","2":"type-post","3":"status-publish","4":"format-standard","5":"has-post-thumbnail","7":"category-tenis","8":"tag-deportes","9":"tag-es","10":"tag-espana","11":"tag-spain","12":"tag-sports","13":"tag-tenis","14":"tag-tennis"},"share_on_mastodon":{"url":"https:\/\/pubeurope.com\/@es\/115537989513107206","error":""},"_links":{"self":[{"href":"https:\/\/www.europesays.com\/es\/wp-json\/wp\/v2\/posts\/232342","targetHints":{"allow":["GET"]}}],"collection":[{"href":"https:\/\/www.europesays.com\/es\/wp-json\/wp\/v2\/posts"}],"about":[{"href":"https:\/\/www.europesays.com\/es\/wp-json\/wp\/v2\/types\/post"}],"author":[{"embeddable":true,"href":"https:\/\/www.europesays.com\/es\/wp-json\/wp\/v2\/users\/2"}],"replies":[{"embeddable":true,"href":"https:\/\/www.europesays.com\/es\/wp-json\/wp\/v2\/comments?post=232342"}],"version-history":[{"count":0,"href":"https:\/\/www.europesays.com\/es\/wp-json\/wp\/v2\/posts\/232342\/revisions"}],"wp:featuredmedia":[{"embeddable":true,"href":"https:\/\/www.europesays.com\/es\/wp-json\/wp\/v2\/media\/224820"}],"wp:attachment":[{"href":"https:\/\/www.europesays.com\/es\/wp-json\/wp\/v2\/media?parent=232342"}],"wp:term":[{"taxonomy":"category","embeddable":true,"href":"https:\/\/www.europesays.com\/es\/wp-json\/wp\/v2\/categories?post=232342"},{"taxonomy":"post_tag","embeddable":true,"href":"https:\/\/www.europesays.com\/es\/wp-json\/wp\/v2\/tags?post=232342"}],"curies":[{"name":"wp","href":"https:\/\/api.w.org\/{rel}","templated":true}]}}