{"id":232348,"date":"2025-11-12T17:53:05","date_gmt":"2025-11-12T17:53:05","guid":{"rendered":"https:\/\/www.europesays.com\/es\/232348\/"},"modified":"2025-11-12T17:53:05","modified_gmt":"2025-11-12T17:53:05","slug":"el-actor-james-van-der-beek-subasta-piezas-de-dawson-crece-para-pagar-su-tratamiento-contra-el-cancer-gente","status":"publish","type":"post","link":"https:\/\/www.europesays.com\/es\/232348\/","title":{"rendered":"El actor James Van Der Beek subasta piezas de \u2018Dawson crece\u2019 para pagar su tratamiento contra el c\u00e1ncer | Gente"},"content":{"rendered":"<p class=\"\">El actor protagonista de <a href=\"https:\/\/elpais.com\/elpais\/2018\/01\/22\/album\/1516624070_271597.html\" target=\"_blank\" rel=\"noreferrer nofollow noopener\" title=\"https:\/\/elpais.com\/elpais\/2018\/01\/22\/album\/1516624070_271597.html\">la serie Dawson crece<\/a>, James Van Der Beek, de 48 a\u00f1os, ofrecer\u00e1 la oportunidad a los seguidores del drama adolescente de finales de los a\u00f1os noventa de adquirir objetos preciados de su colecci\u00f3n personal. El 100% de lo que recaude lo destinar\u00e1 a pagar los costosos gastos de su tratamiento contra el c\u00e1ncer de col\u00f3n, enfermedad de la que <a href=\"https:\/\/elpais.com\/gente\/2024-11-04\/james-van-der-beek-actor-de-dawson-crece-revela-que-tiene-cancer-de-colon-hay-motivos-para-el-optimismo-y-me-siento-bien.html\" target=\"_blank\" rel=\"noreferrer nofollow noopener\" title=\"https:\/\/elpais.com\/gente\/2024-11-04\/james-van-der-beek-actor-de-dawson-crece-revela-que-tiene-cancer-de-colon-hay-motivos-para-el-optimismo-y-me-siento-bien.html\">fue diagnosticado en etapa 3 en noviembre de 2024.<\/a> \u201cHe guardado estos tesoros durante a\u00f1os, esperando el momento adecuado para hacer algo con ellos, y con todos los giros inesperados que la vida me ha deparado \u00faltimamente, est\u00e1 claro que ese momento ha llegado\u201d, contaba el actor en exclusiva <a href=\"https:\/\/people.com\/james-van-der-beek-auctions-dawsons-creek-varsity-blues-memorabilia-exclusive-11847179\" target=\"_blank\" rel=\"noreferrer nofollow noopener\" title=\"https:\/\/people.com\/james-van-der-beek-auctions-dawsons-creek-varsity-blues-memorabilia-exclusive-11847179\">a la revista People este martes.<\/a><\/p>\n<p class=\"\">Sus objetos ser\u00e1n parte de la subasta titulada<a href=\"https:\/\/propstoreauction.com\/auctions\/info\/id\/462.\" target=\"_blank\" rel=\"noreferrer nofollow noopener\" title=\"https:\/\/propstoreauction.com\/auctions\/info\/id\/462.\"> Winter Entertainment Memorabilia Live Auction,<\/a> y entre sus piezas se incluye vestuario, utiler\u00eda y elementos del decorado del set que rememoran los momentos m\u00e1s importantes de la serie. El evento, que tendr\u00e1 art\u00edculos que se muestran al p\u00fablico por primera vez, se celebrar\u00e1 del 5 al 7 de diciembre. \u201cAunque me inunda la nostalgia al desprenderme de estos objetos, me complace poder ofrecerlos a trav\u00e9s de la subasta de Propstore y compartirlos con quienes han apoyado mi trabajo a lo largo de los a\u00f1os\u201d, coment\u00f3 a la citada publicaci\u00f3n.<\/p>\n<p>M\u00e1s informaci\u00f3n<\/p>\n<p class=\"\">Los seguidores de la serie de seis temporadas que se emiti\u00f3 entre 1998 y 2003 podr\u00e1n tener la oportunidad de adquirir el collar que Dawson Leery, el papel que interpreta Van Der Beek, le regal\u00f3 a Joey Potter, interpretada por Katie Holmes, para su baile de graduaci\u00f3n. Su precio estimado oscila entre los 26.400 d\u00f3lares y los 52.800. Tambi\u00e9n se pondr\u00e1 a la venta el atuendo de Dawson del episodio piloto, que incluye una camisa marr\u00f3n de franela que se espera que recaude 4.000 d\u00f3lares, aproximadamente. <\/p>\n<p class=\"\">Tambi\u00e9n estar\u00e1n disponibles piezas de la pel\u00edcula Juego de campeones (Varsity Blues), que protagoniz\u00f3 en 1999. Sus seguidores podr\u00e1n pujar por los zapatos de f\u00fatbol que us\u00f3 en el rodaje del filme, que retrata una historia inspiradora de f\u00fatbol americano, y la gorra del equipo, los West California Coyotes. El a\u00f1o pasado, el actor revel\u00f3 que estaba cubriendo parte de los gastos de su tratamiento con la venta de camisetas de f\u00fatbol firmadas durante el 25\u00ba aniversario de esta pel\u00edcula. En <a href=\"https:\/\/www.instagram.com\/vanderjames\/\" target=\"_blank\" rel=\"noreferrer nofollow noopener\" title=\"https:\/\/www.instagram.com\/vanderjames\/\">su perfil de Instagram, <\/a>el que acumula casi dos millones de seguidores, escribi\u00f3: \u201cEl 100% de mis ganancias netas se destinar\u00e1n a familias que se recuperan de la carga financiera del c\u00e1ncer (incluida la m\u00eda)\u201d. Y a\u00f1ad\u00eda: \u201cHa sido un a\u00f1o dif\u00edcil\u2026 y estoy agradecido por todo. Por el enorme cambio de rumbo que el c\u00e1ncer ha supuesto en mi vida, por el regalo de saber lo que se siente al contar con el apoyo incondicional de mis amigos, de maneras que jam\u00e1s habr\u00eda podido imaginar si no hubiera estado pasando por esta enfermedad\u201d.<\/p>\n<p class=\"\">El pasado mes de septiembre, el int\u00e9rprete tuvo que cancelar su <a href=\"https:\/\/elpais.com\/gente\/2025-09-23\/asi-ha-sido-el-reencuentro-de-los-actores-de-dawson-crece-con-aparicion-sorpresa-en-video-de-james-van-der-beek.html\" target=\"_blank\" rel=\"nofollow noopener\" title=\"https:\/\/elpais.com\/gente\/2025-09-23\/asi-ha-sido-el-reencuentro-de-los-actores-de-dawson-crece-con-aparicion-sorpresa-en-video-de-james-van-der-beek.html\">aparici\u00f3n en el reencuentro <\/a>de los actores de Dawson crece en Nueva York. Aunque <a href=\"https:\/\/elpais.com\/gente\/2025-09-22\/dawson-no-acudira-al-reencuentro-de-dawson-crece-no-podre-dar-las-gracias-por-acompanarme-en-mi-lucha-contra-el-cancer.html\" target=\"_blank\" rel=\"nofollow noopener\" title=\"https:\/\/elpais.com\/gente\/2025-09-22\/dawson-no-acudira-al-reencuentro-de-dawson-crece-no-podre-dar-las-gracias-por-acompanarme-en-mi-lucha-contra-el-cancer.html\">no asistiera f\u00edsicamente por problemas de salud<\/a>, apareci\u00f3 por sorpresa en un v\u00eddeo que caus\u00f3 preocupaci\u00f3n entre los seguidores por su delgada apariencia. El objetivo de la reuni\u00f3n fue precisamente recaudar fondos para la organizaci\u00f3n Fuck Cancer. En el evento, su amigo Lin Manuel Miranda lo suplant\u00f3 para la lectura del guion, y su esposa y seis hijos tambi\u00e9n estuvieron en representaci\u00f3n del actor. En el v\u00eddeo, Van Der Beek agradeci\u00f3 a los seguidores de la serie por estar ah\u00ed y comprar entradas con fines ben\u00e9ficos. \u201cSolo quiero subir al escenario y agradecer a cada persona del teatro por estar aqu\u00ed esta noche. Desde el elenco hasta el equipo, pasando por todos los que est\u00e1n haciendo algo y han sido tan generosos, y especialmente a cada uno de ustedes: son los mejores fans del mundo\u201d, asegur\u00f3 en el v\u00eddeo.<\/p>\n<p><script async src=\"\/\/www.instagram.com\/embed.js\"><\/script><\/p>\n","protected":false},"excerpt":{"rendered":"El actor protagonista de la serie Dawson crece, James Van Der Beek, de 48 a\u00f1os, ofrecer\u00e1 la oportunidad&hellip;\n","protected":false},"author":2,"featured_media":232349,"comment_status":"","ping_status":"","sticky":false,"template":"","format":"standard","meta":{"footnotes":""},"categories":[174],"tags":[1014,1066,255,1293,146,147,25,24,256,260,42167,8189,23,21362,2214],"class_list":{"0":"post-232348","1":"post","2":"type-post","3":"status-publish","4":"format-standard","5":"has-post-thumbnail","7":"category-famosos","8":"tag-actores","9":"tag-cancer","10":"tag-celebrities","11":"tag-enfermedades","12":"tag-entertainment","13":"tag-entretenimiento","14":"tag-es","15":"tag-espana","16":"tag-famosos","17":"tag-gente","18":"tag-james-van-der-beek","19":"tag-series-television","20":"tag-spain","21":"tag-subastas","22":"tag-tratamiento-medico"},"share_on_mastodon":{"url":"https:\/\/pubeurope.com\/@es\/115538008986799480","error":""},"_links":{"self":[{"href":"https:\/\/www.europesays.com\/es\/wp-json\/wp\/v2\/posts\/232348","targetHints":{"allow":["GET"]}}],"collection":[{"href":"https:\/\/www.europesays.com\/es\/wp-json\/wp\/v2\/posts"}],"about":[{"href":"https:\/\/www.europesays.com\/es\/wp-json\/wp\/v2\/types\/post"}],"author":[{"embeddable":true,"href":"https:\/\/www.europesays.com\/es\/wp-json\/wp\/v2\/users\/2"}],"replies":[{"embeddable":true,"href":"https:\/\/www.europesays.com\/es\/wp-json\/wp\/v2\/comments?post=232348"}],"version-history":[{"count":0,"href":"https:\/\/www.europesays.com\/es\/wp-json\/wp\/v2\/posts\/232348\/revisions"}],"wp:featuredmedia":[{"embeddable":true,"href":"https:\/\/www.europesays.com\/es\/wp-json\/wp\/v2\/media\/232349"}],"wp:attachment":[{"href":"https:\/\/www.europesays.com\/es\/wp-json\/wp\/v2\/media?parent=232348"}],"wp:term":[{"taxonomy":"category","embeddable":true,"href":"https:\/\/www.europesays.com\/es\/wp-json\/wp\/v2\/categories?post=232348"},{"taxonomy":"post_tag","embeddable":true,"href":"https:\/\/www.europesays.com\/es\/wp-json\/wp\/v2\/tags?post=232348"}],"curies":[{"name":"wp","href":"https:\/\/api.w.org\/{rel}","templated":true}]}}