{"id":232350,"date":"2025-11-12T17:54:25","date_gmt":"2025-11-12T17:54:25","guid":{"rendered":"https:\/\/www.europesays.com\/es\/232350\/"},"modified":"2025-11-12T17:54:25","modified_gmt":"2025-11-12T17:54:25","slug":"caminando-por-el-sendero-del-arte-de-la-pintura-la-obra-de-trinidad-romero-en-alcala-de-henares","status":"publish","type":"post","link":"https:\/\/www.europesays.com\/es\/232350\/","title":{"rendered":"&#8216;Caminando por el sendero del arte de la pintura&#8217;: la obra de Trinidad Romero en Alcal\u00e1 de Henares"},"content":{"rendered":"<p>La Biblioteca P\u00fablica Municipal \u2018Cardenal Cisneros\u2019 ya acoge la exposici\u00f3n permanente con pinturas de la artista Trinidad Romero. Esta muestra es fruto de una donaci\u00f3n de la pintora a la ciudad, con la que quiere mostrar a los visitantes, a la biblioteca y al Archivo Municipal, as\u00ed como al p\u00fablico en general, lo que representa el proceso y la evoluci\u00f3n del arte de la pintura, a partir de su propia experiencia como creadora.<\/p>\n<p>La inauguraci\u00f3n de esta exposici\u00f3n, titulada \u2018Caminando por el sendero del arte de la pintura\u2019, estuvo presidida por la alcaldesa, Judith Piquet, que estuvo acompa\u00f1ada por el concejal de Cultura e Igualdad, Santiago Alonso, y por la propia artista.<\/p>\n<p>La obra de Trinidad Romero<\/p>\n<p>Formada en Bellas Artes en la Universidad de Sevilla y en Restauraci\u00f3n en la Escuela Taller de Alcal\u00e1 de Henares, Trinidad Romero ha donado a la ciudad, para ser expuestos en la Biblioteca Cisneros, un total de 14 cuadros, entre los que se cuentan retratos, paisajes y bodegones.<\/p>\n<p>Se trata de obras que recogen el largo recorrido experimental que ha seguido a lo largo de las \u00faltimas d\u00e9cadas la pintora en cuanto al manejo de t\u00e9cnicas, colores y composici\u00f3n.\u00a0<\/p>\n<p>Romero, que ha expuesto sus creaciones en museos, salas de exposiciones y galer\u00edas de toda Espa\u00f1a, tambi\u00e9n se ha formado en Artes Esc\u00e9nicas y ha encontrado en la literatura otro cauce de expresi\u00f3n con la publicaci\u00f3n de dos poemarios: \u2018Mon\u00f3logos con Dios\u2019 y \u2018Soy un ser paralelo a m\u00ed, ambos ilustrados por ella misma.<\/p>\n<p><img fetchpriority=\"high\" decoding=\"async\" width=\"1024\" height=\"683\" data-id=\"300256\" src=\"https:\/\/www.europesays.com\/es\/wp-content\/uploads\/2025\/11\/trinidad_romero-2-1024x683.jpg\" alt=\"\" class=\"wp-image-300256\"  \/><\/p>\n<p><img loading=\"lazy\" decoding=\"async\" width=\"1024\" height=\"683\" data-id=\"300253\" src=\"https:\/\/www.europesays.com\/es\/wp-content\/uploads\/2025\/11\/trinidad_romero-3-1024x683.jpg\" alt=\"\" class=\"wp-image-300253\"  \/><\/p>\n<p><img loading=\"lazy\" decoding=\"async\" width=\"1024\" height=\"683\" data-id=\"300255\" src=\"https:\/\/www.europesays.com\/es\/wp-content\/uploads\/2025\/11\/trinidad_romero-4-1024x683.jpg\" alt=\"\" class=\"wp-image-300255\"  \/><\/p>\n<p><img loading=\"lazy\" decoding=\"async\" width=\"1024\" height=\"683\" data-id=\"300254\" src=\"https:\/\/www.europesays.com\/es\/wp-content\/uploads\/2025\/11\/trinidad_romero-8-1024x683.jpg\" alt=\"\" class=\"wp-image-300254\"  \/><\/p>\n<p>\u201cUna mujer entregada a la vida y al arte\u201d<\/p>\n<p>La alcaldesa ha agradecido a Romero \u201csu generosidad y su sensibilidad\u201d a la hora de seleccionar algunas de las mejores obras de su extensa colecci\u00f3n para el disfrute de toda la ciudad. El acto tambi\u00e9n ha contado con la presencia de la teniente de alcaldesa Isabel Ruiz Maldonado y los concejales Antonio Salda\u00f1a y V\u00edctor Cobo.<\/p>\n<p>\u201cElla es sevillana de cuna y nunca va a renunciar a sus ra\u00edces, aunque lleva d\u00e9cadas viviendo y sintiendo Alcal\u00e1, ciudad por la que siempre que tiene la oportunidad declara y demuestra su amor incondicional. Por eso, nosotros la consideramos una alcala\u00edna m\u00e1s\u201d, ha se\u00f1alado Piquet, que adem\u00e1s de este cari\u00f1o por Alcal\u00e1 ha reconocido en la artista \u201cuna gran pasi\u00f3n por aprender, por explorar y por descubrir\u201d.<\/p>\n<p>\u201cTrinidad es una mujer entregada a la vida y al arte, y con su vida y con su arte ha hecho m\u00e1s a\u00fan m\u00e1s grande esta ciudad abierta, acogedora y humana y esta capital de la Lengua, las Artes y las Letras que es Alcal\u00e1 de Henares\u201d, ha apostillado la regidora.<\/p>\n<p><img loading=\"lazy\" decoding=\"async\" width=\"1024\" height=\"683\" data-id=\"300257\" src=\"https:\/\/www.europesays.com\/es\/wp-content\/uploads\/2025\/11\/trinidad_romero-1-1024x683.jpg\" alt=\"\" class=\"wp-image-300257\"  \/><\/p>\n<p><img loading=\"lazy\" decoding=\"async\" width=\"1024\" height=\"682\" data-id=\"300258\" src=\"https:\/\/www.europesays.com\/es\/wp-content\/uploads\/2025\/11\/trinidad_romero-5-1024x682.jpg\" alt=\"\" class=\"wp-image-300258\"  \/><\/p>\n<p><img loading=\"lazy\" decoding=\"async\" width=\"1024\" height=\"682\" data-id=\"300259\" src=\"https:\/\/www.europesays.com\/es\/wp-content\/uploads\/2025\/11\/trinidad_romero-6-1024x682.jpg\" alt=\"\" class=\"wp-image-300259\"  \/><\/p>\n<p>D\u00f3nde est\u00e1<\/p>\n<p><strong>Biblioteca P\u00fablica Municipal Cardenal Cisneros<\/strong><\/p>\n<p><strong>Direcci\u00f3n:\u00a0<\/strong><a href=\"https:\/\/www.google.com\/maps\/place\/\/data=!4m2!3m1!1s0xd42491267d0db13:0x528d4763d1a2d1c4?sa=X&amp;ved=1t:8290&amp;ictx=111\" target=\"_blank\" rel=\"noreferrer noopener nofollow\">Pl. San Juli\u00e1n, 1, Alcal\u00e1 de Henares<\/a><br \/><strong>Tel\u00e9fono:\u00a0<\/strong><a href=\"https:\/\/www.google.com\/search?q=bpm+cardenal+cisneros&amp;sca_esv=b51b2d73c9f7d5a8&amp;rlz=1C1ONGR_esES1165ES1165&amp;sxsrf=AE3TifOxh0vWThXHwOr4I93ph51P9VpXGg%3A1762939019401&amp;ei=i1AUabaVGLuE7NYP99LMiAo&amp;gs_ssp=eJzj4tFP1zc0rLBMSqooNzFgtFIxqEgxMTKxNDQyM08xSEkyNLYyqDA1skgxMTczTjFMNEoxTDbxEk0qyFVITixKSc1LzFFIzizOSy3KLwYAEsEWXQ&amp;oq=bpm+car&amp;gs_lp=Egxnd3Mtd2l6LXNlcnAiB2JwbSBjYXIqAggAMg4QLhiABBjHARiOBRivATIFEAAYgAQyBRAAGIAEMgUQABiABDIFEAAYgAQyBRAAGIAEMgUQABiABDIFEAAYgAQyBRAAGIAEMgUQABiABDIdEC4YgAQYxwEYjgUYrwEYlwUY3AQY3gQY4ATYAQFIjilQwwdY8iJwBXgBkAEAmAGAAaABuAeqAQMzLja4AQPIAQD4AQGYAgugAvoHqAIUwgIKECMYgAQYJxiKBcICChAAGIAEGEMYigXCAhQQLhiABBixAxjRAxiDARjHARiKBcICCBAAGIAEGLEDwgILEAAYgAQYsQMYgwHCAgcQIxgnGOoCwgIKECMY8AUYJxjqAsICDRAjGPAFGCcYyQIY6gLCAhAQABgDGLQCGOoCGI8B2AEBwgIEECMYJ8ICDhAAGIAEGLEDGIMBGIoFwgIREC4YgAQYsQMY0QMYgwEYxwHCAg4QLhiABBixAxjRAxjHAcICEBAAGIAEGLEDGEMYgwEYigXCAgoQLhiABBhDGIoFwgITEC4YgAQYsQMY0QMYQxjHARiKBcICFhAuGIAEGLEDGNEDGEMYgwEYxwEYigXCAg0QABiABBixAxhDGIoFmAMW8QX1j0EAAe9OWYgGAboGBggBEAEYCpIHAzUuNqAH_lWyBwMzLja4B-AHwgcJMC41LjUuMC4xyAc3&amp;sclient=gws-wiz-serp#\" rel=\"nofollow noopener\" target=\"_blank\">918 77 08 84<\/a><\/p>\n<p><strong>Horario<\/strong>: de lunes a viernes de 8:25 a 21:00 horas. S\u00e1bados de 10:15 a 13:45 horas. Domingos cerrado.<\/p>\n<p> <strong>Sigue disfrutando de Dream Alcal\u00e1:<\/strong><\/p>\n<ul>\n<li><strong>Telegram:<\/strong> Recibe nuestras noticias y contenido exclusivo (<a href=\"https:\/\/t.me\/DreamAlcala\" target=\"_blank&quot;\" rel=\"nofollow\">clic aqu\u00ed<\/a>).<\/li>\n<li><strong>Newsletter:<\/strong> Recibe cada tarde un correo con nuestras \u00faltimas noticias (<a href=\"https:\/\/www.dream-alcala.com\/suscribete-a-dream-alcala\/\" rel=\"nofollow noopener\" target=\"_blank\">clic aqu\u00ed<\/a>). <\/li>\n<li><strong>YouTube:<\/strong> Suscr\u00edbete para ver nuestros mejores v\u00eddeos (<a href=\"https:\/\/www.youtube.com\/dreamalcala?sub_confirmation=1\" target=\"_blank&quot;\" rel=\"nofollow noopener\">clic aqu\u00ed<\/a>).<\/li>\n<\/ul>\n<p><a href=\"http:\/\/bit.ly\/TelegramRedaccion\" rel=\"nofollow noopener\" target=\"_blank\"><img decoding=\"async\" align=\"left\" src=\"https:\/\/www.europesays.com\/es\/wp-content\/uploads\/2025\/07\/Telegram_logo_20x20.png\"\/><\/a><strong>\u00a0S\u00e9 t\u00fa el periodista:<\/strong> env\u00edanos tus fotos o noticias <a href=\"http:\/\/bit.ly\/TelegramRedaccion\" rel=\"nofollow noopener\" target=\"_blank\">a trav\u00e9s de Telegram<\/a>.Nos encantar\u00eda conocer tu opini\u00f3n:<\/p>\n","protected":false},"excerpt":{"rendered":"La Biblioteca P\u00fablica Municipal \u2018Cardenal Cisneros\u2019 ya acoge la exposici\u00f3n permanente con pinturas de la artista Trinidad Romero.&hellip;\n","protected":false},"author":2,"featured_media":232351,"comment_status":"","ping_status":"","sticky":false,"template":"","format":"standard","meta":{"footnotes":""},"categories":[173],"tags":[229,233,231,230,232,234,146,147,25,24,23],"class_list":{"0":"post-232350","1":"post","2":"type-post","3":"status-publish","4":"format-standard","5":"has-post-thumbnail","7":"category-arte-y-diseno","8":"tag-arte","9":"tag-arte-y-diseno","10":"tag-arts","11":"tag-arts-and-design","12":"tag-design","13":"tag-diseno","14":"tag-entertainment","15":"tag-entretenimiento","16":"tag-es","17":"tag-espana","18":"tag-spain"},"share_on_mastodon":{"url":"https:\/\/pubeurope.com\/@es\/115538013090235856","error":""},"_links":{"self":[{"href":"https:\/\/www.europesays.com\/es\/wp-json\/wp\/v2\/posts\/232350","targetHints":{"allow":["GET"]}}],"collection":[{"href":"https:\/\/www.europesays.com\/es\/wp-json\/wp\/v2\/posts"}],"about":[{"href":"https:\/\/www.europesays.com\/es\/wp-json\/wp\/v2\/types\/post"}],"author":[{"embeddable":true,"href":"https:\/\/www.europesays.com\/es\/wp-json\/wp\/v2\/users\/2"}],"replies":[{"embeddable":true,"href":"https:\/\/www.europesays.com\/es\/wp-json\/wp\/v2\/comments?post=232350"}],"version-history":[{"count":0,"href":"https:\/\/www.europesays.com\/es\/wp-json\/wp\/v2\/posts\/232350\/revisions"}],"wp:featuredmedia":[{"embeddable":true,"href":"https:\/\/www.europesays.com\/es\/wp-json\/wp\/v2\/media\/232351"}],"wp:attachment":[{"href":"https:\/\/www.europesays.com\/es\/wp-json\/wp\/v2\/media?parent=232350"}],"wp:term":[{"taxonomy":"category","embeddable":true,"href":"https:\/\/www.europesays.com\/es\/wp-json\/wp\/v2\/categories?post=232350"},{"taxonomy":"post_tag","embeddable":true,"href":"https:\/\/www.europesays.com\/es\/wp-json\/wp\/v2\/tags?post=232350"}],"curies":[{"name":"wp","href":"https:\/\/api.w.org\/{rel}","templated":true}]}}