{"id":232354,"date":"2025-11-12T17:57:17","date_gmt":"2025-11-12T17:57:17","guid":{"rendered":"https:\/\/www.europesays.com\/es\/232354\/"},"modified":"2025-11-12T17:57:17","modified_gmt":"2025-11-12T17:57:17","slug":"asi-fue-el-encuentro-con-sus-fans","status":"publish","type":"post","link":"https:\/\/www.europesays.com\/es\/232354\/","title":{"rendered":"as\u00ed fue el encuentro con sus fans"},"content":{"rendered":"<p><strong>Liam Gallagher<\/strong>, el vocalista de la m\u00edtica banda brit\u00e1nica Oasis,<strong> ya arrib\u00f3 a Argentina<\/strong> y tuvo el <strong>primer reencuentro con los fan\u00e1ticos locales <\/strong>en la previa de los dos show en el <a href=\"https:\/\/www.clarin.com\/espectaculos\/richard-ashcroft-abrira-shows-oasis-river-plate-publico-argentino-queria_0_855A0l1Aqc.html\" target=\"_blank\" title=\"Estadio River Plate. \" alt=\"Estadio River Plate. \" rel=\"nofollow noopener\">Estadio River Plate. <\/a><\/p>\n<p>La <strong>banda se presentar\u00e1 en el Monumental este s\u00e1bado 15 y domingo 16 de noviembre<\/strong>, como parte de su gira mundial \u201cOasis Live \u201825\u201d, que marca su regreso a los escenarios tras la separaci\u00f3n de los hermanos Gallagher en 2009.<\/p>\n<p>A pocas horas de su llegada, <strong><a href=\"https:\/\/www.clarin.com\/internacional\/excesos-infidelidades-regreso-oasis-desbordada-vida-liam-gallagher_0_IwEMIlHccC.html\" target=\"_blank\" title=\"Liam Gallagher\" alt=\"Liam Gallagher\" rel=\"nofollow noopener\">Liam Gallagher<\/a> se reencontr\u00f3 con fan\u00e1ticos argentinos<\/strong>, tras 16 a\u00f1os desde su \u00faltimo show en River Plate en mayo de 2009, meses antes de su separaci\u00f3n. <\/p>\n<p>En redes sociales se <strong>viralizaron fotos y videos del m\u00fasico saludando a los seguidores<\/strong> en su arribo al aeropuerto de Buenos Aires. El artista se mostr\u00f3 amable y no dud\u00f3 en firmar discos y camisetas. <\/p>\n<blockquote class=\"twitter-tweet\">\n<p lang=\"en\" dir=\"ltr\">Liam Gallagher has landed in Argentina \ud83c\udde6\ud83c\uddf7<a href=\"https:\/\/twitter.com\/hashtag\/oasislive25?src=hash&amp;ref_src=twsrc%5Etfw\" rel=\"nofollow noopener\" target=\"_blank\">#oasislive25<\/a> <a href=\"https:\/\/t.co\/uynAZ1zPnW\" rel=\"nofollow\">pic.twitter.com\/uynAZ1zPnW<\/a><\/p>\n<p>\u2014 Liam Gallagher Fans Club (@liamgfansclub) <a href=\"https:\/\/twitter.com\/liamgfansclub\/status\/1988389747103068182?ref_src=twsrc%5Etfw\" rel=\"nofollow noopener\" target=\"_blank\">November 11, 2025<\/a><\/p><\/blockquote>\n<p>Sin embargo, <strong>Liam Gallagher no se mostr\u00f3 acompa\u00f1ado de su hermano Noel,<\/strong> lo que gener\u00f3 a\u00fan m\u00e1s expectativa entre los fan\u00e1ticos que aguardan el reencuentro de ambos sobre el escenario, en el marco de su gira mundial.<\/p>\n<p>Incluso circularon<strong> especulaciones sobre d\u00f3nde se hospedar\u00e1n los hermanos<\/strong> y qu\u00e9 <strong>lugares de la ciudad podr\u00edan visitar durante su paso por la Argentina<\/strong>. Se mencionan posibles recorridos por sitios tur\u00edsticos y locales gastron\u00f3micos porte\u00f1os, aunque por el momento no hay confirmaciones oficiales al respecto.<\/p>\n<p>Seg\u00fan trascendi\u00f3, los <strong>hermanos Gallagher no se hospedar\u00e1n en el mismo hotel,<\/strong> con el objetivo de mantener la armon\u00eda entre ambos. Seg\u00fan la cuenta de fans @Oasis_arg, Noel se alojar\u00eda en el Palacio Duhau, mientras que Liam permanecer\u00eda en el Four Seasons. <\/p>\n<p>La expectativa en torno al regreso de Oasis es enorme. De hecho, <strong>Argentina es uno de los pa\u00edses que m\u00e1s escucha a la banda en el mundo. <\/strong>Ocupa el octavo puesto global en reproducciones seg\u00fan YouTube Charts, con m\u00e1s de 42 millones de visualizaciones en el \u00faltimo a\u00f1o. Y solo Buenos Aires supera los 10 millones reproducciones, lo que la ubica entre las diez ciudades con m\u00e1s oyentes del mundo. <\/p>\n<p>Con el p\u00fablico argentino listo para corear cl\u00e1sicos como Wonderwall, Don\u2019t Look Back in Anger y Champagne Supernova, el <strong>regreso de Oasis promete ser uno de los eventos musicales m\u00e1s importantes del a\u00f1o. <\/strong><\/p>\n<blockquote class=\"twitter-tweet\">\n<p lang=\"en\" dir=\"ltr\">Liam Gallagher signing for fans today in Argentina \ud83c\udde6\ud83c\uddf7 <a href=\"https:\/\/twitter.com\/hashtag\/oasislive25?src=hash&amp;ref_src=twsrc%5Etfw\" rel=\"nofollow noopener\" target=\"_blank\">#oasislive25<\/a> <a href=\"https:\/\/t.co\/0fRnGbSoHT\" rel=\"nofollow\">pic.twitter.com\/0fRnGbSoHT<\/a><\/p>\n<p>\u2014 Oasis Planet (@OasisPlanet_) <a href=\"https:\/\/twitter.com\/OasisPlanet_\/status\/1988461154843455838?ref_src=twsrc%5Etfw\" rel=\"nofollow noopener\" target=\"_blank\">November 12, 2025<\/a><\/p><\/blockquote>\n<p><script async src=\"https:\/\/platform.twitter.com\/widgets.js\" charset=\"utf-8\"><\/script><\/p>\n","protected":false},"excerpt":{"rendered":"Liam Gallagher, el vocalista de la m\u00edtica banda brit\u00e1nica Oasis, ya arrib\u00f3 a Argentina y tuvo el primer&hellip;\n","protected":false},"author":2,"featured_media":232355,"comment_status":"","ping_status":"","sticky":false,"template":"","format":"standard","meta":{"footnotes":""},"categories":[170],"tags":[146,147,25,24,184,185,23],"class_list":{"0":"post-232354","1":"post","2":"type-post","3":"status-publish","4":"format-standard","5":"has-post-thumbnail","7":"category-musica","8":"tag-entertainment","9":"tag-entretenimiento","10":"tag-es","11":"tag-espana","12":"tag-music","13":"tag-musica","14":"tag-spain"},"share_on_mastodon":{"url":"https:\/\/pubeurope.com\/@es\/115538024660134030","error":""},"_links":{"self":[{"href":"https:\/\/www.europesays.com\/es\/wp-json\/wp\/v2\/posts\/232354","targetHints":{"allow":["GET"]}}],"collection":[{"href":"https:\/\/www.europesays.com\/es\/wp-json\/wp\/v2\/posts"}],"about":[{"href":"https:\/\/www.europesays.com\/es\/wp-json\/wp\/v2\/types\/post"}],"author":[{"embeddable":true,"href":"https:\/\/www.europesays.com\/es\/wp-json\/wp\/v2\/users\/2"}],"replies":[{"embeddable":true,"href":"https:\/\/www.europesays.com\/es\/wp-json\/wp\/v2\/comments?post=232354"}],"version-history":[{"count":0,"href":"https:\/\/www.europesays.com\/es\/wp-json\/wp\/v2\/posts\/232354\/revisions"}],"wp:featuredmedia":[{"embeddable":true,"href":"https:\/\/www.europesays.com\/es\/wp-json\/wp\/v2\/media\/232355"}],"wp:attachment":[{"href":"https:\/\/www.europesays.com\/es\/wp-json\/wp\/v2\/media?parent=232354"}],"wp:term":[{"taxonomy":"category","embeddable":true,"href":"https:\/\/www.europesays.com\/es\/wp-json\/wp\/v2\/categories?post=232354"},{"taxonomy":"post_tag","embeddable":true,"href":"https:\/\/www.europesays.com\/es\/wp-json\/wp\/v2\/tags?post=232354"}],"curies":[{"name":"wp","href":"https:\/\/api.w.org\/{rel}","templated":true}]}}