{"id":232361,"date":"2025-11-12T18:01:15","date_gmt":"2025-11-12T18:01:15","guid":{"rendered":"https:\/\/www.europesays.com\/es\/232361\/"},"modified":"2025-11-12T18:01:15","modified_gmt":"2025-11-12T18:01:15","slug":"lucas-amenaza-con-demandar-a-andy-tras-sus-declaraciones-en-el-hormiguero-pedazo-de-sinverguenza","status":"publish","type":"post","link":"https:\/\/www.europesays.com\/es\/232361\/","title":{"rendered":"Lucas amenaza con demandar a Andy tras sus declaraciones en \u00abEl hormiguero\u00bb: \u00abPedazo de sinverg\u00fcenza\u00bb"},"content":{"rendered":"<p>\t\t\t \t\t \t\t\t\t\t\t\tAndy, de rojo, y Lucas Gonz\u00e1lez, de blanco, en su \u00faltimo concierto juntos <strong class=\"pd-l\">JuanJo Mart\u00edn | EFE  <\/strong><\/p>\n<p>\t\t\t\t\t\tEl artista estar\u00eda planteando tomar acciones legales por da\u00f1os y perjuicios, con una indemnizaci\u00f3n que podr\u00eda ascender a 150.000 euros:\u00a0\u00abEs que es tonto, est\u00e1 muy mal aconsejado\u00bb<br \/>\n\t\t\t\t\t\t\t\t\t\t\t\t<strong>12 nov 2025<\/strong> . Actualizado a las 18:48 h.\t\t\t\t\t\t<\/p>\n<p class=\"first-paragraph txt\">Las <a class=\"link-txt\" href=\"https:\/\/www.lavozdegalicia.es\/noticia\/television\/2025\/11\/11\/confesion-andy-hormiguero-tenido-comprar-entradas-propios-conciertos\/00031762849060060146419.htm\" rel=\"nofollow noopener\" target=\"_blank\">duras acusaciones de <strong>Andy<\/strong> en su reciente visita a El hormiguero<\/a> han hecho\u00a0reaccionar r\u00e1pidamente a su excompa\u00f1ero de d\u00fao.<strong>\u00a0\u00abPedazo de sinverg\u00fcenza\u00bb<\/strong>,\u00a0manifest\u00f3\u00a0Lucas Gonz\u00e1lez en\u00a0declaraciones\u00a0a <strong>El tiempo justo<\/strong>, en la que\u00a0asegur\u00f3 que\u00a0se est\u00e1 <strong>planteando tomar acciones legales<\/strong> contra \u00e9l, as\u00ed como una indemnizaci\u00f3n por da\u00f1os y perjuicios que podr\u00eda ascender a <strong>150.000 euros<\/strong>.\u00a0<\/p>\n<p class=\"txt\">Dolido y decepcionado ante lo que considera una traici\u00f3n por parte de Andy, afirm\u00f3 que durante la pandemia de coronavirus hab\u00eda ayudado a Andy en un momento de necesidad.\u00a0\u00abMe debe la vida. <strong>Necesitaba dinero, le dej\u00e9 yo 60.000 euros y todav\u00eda no me los ha devuelto<\/strong>\u00bb, asegur\u00f3.<\/p>\n<p class=\"txt\">Por eso sus palabras le han sentado especialmente mal. \u00abEs como si t\u00fa le donas a alguien un ri\u00f1\u00f3n y ahora habla mal de ti para subir su carrera\u00bb, ilustr\u00f3 el periodista Carlos Garc\u00eda L\u00f3pez en el programa Y ahora Sonsoles sobre el sentimiento actual de Lucas Gonz\u00e1lez, que comparti\u00f3 con el programa de Antena 3 el documento en el que se establecen las <strong>condiciones del pr\u00e9stamo<\/strong>, firmado con la condici\u00f3n de que se devolviese en un plazo de cinco a\u00f1os.<\/p>\n<p class=\"txt\">\n<p>\t\t\t\t\t\t\t\t\t\t\t\t&#13;<br \/>\n\t\t\t\t\t\t\t\t&#13;<br \/>\n&#13;<br \/>\n&#13;<\/p>\n<p>\t\t\t&#13;<br \/>\n\t&#13;<\/p>\n<p>\t\t\t<a href=\"https:\/\/www.lavozdegalicia.es\/noticia\/television\/2025\/11\/11\/confesion-andy-hormiguero-tenido-comprar-entradas-propios-conciertos\/00031762849060060146419.htm\" data-analytics=\"link-embed\" rel=\"nofollow noopener\" target=\"_blank\">La confesi\u00f3n de Andy en \u00abEl Hormiguero\u00bb:\u00a0\u00abHe tenido que comprar entradas para mis propios conciertos\u00bb<\/a><\/p>\n<p class=\"a-min-author\">\n<p>\t\t\t\t\t\t\t\t\t\t\tM. A.<br \/>\n\t\t\t\t\t\t\t\t\t\t \/  \t\t\t\t\t<\/p>\n<p>\t\t\t\t\t\t\t\t\t\t\tM. P.<\/p>\n<p>\t&#13;<br \/>\n\t&#13;<br \/>\n&#13;<\/p>\n<p class=\"txt\">Como los pagos no se hac\u00edan, revel\u00f3 Lucas, se la iba <strong>descontando por los conciertos<\/strong> de la gira que hab\u00edan dise\u00f1ado para tapar los agujeros econ\u00f3micos de ambos. \u00abPorque \u00e9l <strong>siempre ha sido un vago<\/strong>, y se levanta a las 3\u00bb, desliz\u00f3.<\/p>\n<p class=\"txt\">La gira, adem\u00e1s, no sali\u00f3 todo lo bien que podr\u00eda esperarse. \u00abNada m\u00e1s que la producci\u00f3n vale 40.000 euros, por el escenario, las luces, los v\u00eddeos; as\u00ed que <strong>si metes a 2.000 personas ya das p\u00e9rdidas<\/strong>\u00bb, cont\u00f3 Lucas, que reconoce que han tenido \u00abbatacazos en muchos conciertos\u00bb.<\/p>\n<p class=\"txt\">En este sentido, le afe\u00f3 a su excompa\u00f1ero que\u00a0Andy nunca puso de su parte para que\u00a0su \u00faltima gira\u00a0de conciertos fuese un \u00e9xito, y critica que nunca\u00a0puso \u00abni dinero para carteles ni para vallas ni para adelanto\u00bb, al tiempo que niega, como declar\u00f3 Andy en El hormiguero, que cobrase solo 2.000 euros. <strong>\u00abHa ganado casi 450.000 euros de la gira\u00bb<\/strong>, ha\u00a0dicho, ampar\u00e1ndose en pruebas documentales. \u00abTodo esto lo puedo demostrar con papeles\u00bb, justific\u00f3.\u00a0<\/p>\n<p class=\"txt\">\n<p>\t\t\t\t\t\t\t\t\t\t\t\t&#13;<br \/>\n\t\t\t\t\t\t\t\t&#13;<br \/>\n&#13;<br \/>\n&#13;<\/p>\n<p>\t\t\t&#13;<br \/>\n\t&#13;<\/p>\n<p>\t\t\t<a href=\"https:\/\/www.lavozdegalicia.es\/noticia\/yes\/2025\/10\/18\/duos-estrella-acabaron-estrellados\/0003_202510SY18P20991.htm\" data-analytics=\"link-embed\" rel=\"nofollow noopener\" target=\"_blank\">D\u00faos estrella que acabaron estrellados<\/a><\/p>\n<p class=\"a-min-author\">\n<p>\t\t\t\t\t\t\t\t\t\t\tANDR\u00c9S QUINTI\u00c1N<br \/>\n\t\t\t\t\t\t\t\t\t\t \/  \t\t\t\t\t<\/p>\n<p>\t\t\t\t\t\t\t\t\t\t\tS. F.<\/p>\n<p>\t&#13;<br \/>\n\t&#13;<br \/>\n&#13;<\/p>\n<p class=\"txt\">Adem\u00e1s, ha confirmado que Andy <strong>no podr\u00e1 cantar las canciones del d\u00fao<\/strong>. \u00abSon de Lucas Gonz\u00e1lez, yo he vendido los derechos, pero siguen siendo m\u00edas\u00bb, ha argumentado. En esto que no se confunda\u00bb, a\u00f1adi\u00f3.<\/p>\n<p class=\"txt\">Es en el entorno de Andy\u00a0donde Lucas hace recaer buena parte de la responsabilidad. \u00abEs que <strong>es tonto<\/strong>, est\u00e1 muy mal aconsejado\u00bb, ha indicado, \u00abtiene un s\u00e9quito al lado que es veneno puro\u00bb. Por \u00faltimo, ha concluido defini\u00e9ndolo con una \u00fanica palabra: \u00abEs un p\u00e1jaro, un p\u00e1jaro\u00bb.<\/p>\n<p class=\"ladillo\">Andy zanja la disputa<\/p>\n<p class=\"txt\">A pesar de todas las perlas de su entrevista en El hormiguero, y que ha vuelto a los plat\u00f3s para promocionar su nuevo disco en El tiempo justo, donde pudo\u00a0escuchar la reacci\u00f3n de Lucas, Andy ha optado ahora por no continuar con la confrontaci\u00f3n con su excolega de d\u00fao. <strong>\u00abYo voy a seguir haciendo m\u00fasica, \u00e9l que siga viviendo de esto\u00bb<\/strong>, declar\u00f3. \u00abYo no\u00a0me voy a ganar la vida hablando de los dem\u00e1s.\u00a0No voy a entrar en ese juego. No me interesa\u00bb, a\u00f1adi\u00f3.<\/p>\n<p class=\"txt\">Sobre las canciones del d\u00fao, tambi\u00e9n declar\u00f3 su intenci\u00f3n de seguir cant\u00e1ndolas: \u00abSi tengo que pagar por cantar sus canciones, lo har\u00e9. No le quiero deber nada a nadie\u00bb.<\/p>\n<p>&#13;<br \/>\n\tArchivado en:&#13;<br \/>\n\t\t\t\t\t<a href=\"https:\/\/www.lavozdegalicia.es\/temas\/conciertos\/\" target=\"_blank\" class=\"mg-l\" rel=\"nofollow noopener\">Conciertos<\/a>&#13;<br \/>\n\t&#13;<\/p>\n","protected":false},"excerpt":{"rendered":"Andy, de rojo, y Lucas Gonz\u00e1lez, de blanco, en su \u00faltimo concierto juntos JuanJo Mart\u00edn | EFE El&hellip;\n","protected":false},"author":2,"featured_media":232362,"comment_status":"","ping_status":"","sticky":false,"template":"","format":"standard","meta":{"footnotes":""},"categories":[91],"tags":[208,146,147,25,24,23],"class_list":{"0":"post-232361","1":"post","2":"type-post","3":"status-publish","4":"format-standard","5":"has-post-thumbnail","7":"category-entretenimiento","8":"tag-conciertos","9":"tag-entertainment","10":"tag-entretenimiento","11":"tag-es","12":"tag-espana","13":"tag-spain"},"share_on_mastodon":{"url":"https:\/\/pubeurope.com\/@es\/115538040715138092","error":""},"_links":{"self":[{"href":"https:\/\/www.europesays.com\/es\/wp-json\/wp\/v2\/posts\/232361","targetHints":{"allow":["GET"]}}],"collection":[{"href":"https:\/\/www.europesays.com\/es\/wp-json\/wp\/v2\/posts"}],"about":[{"href":"https:\/\/www.europesays.com\/es\/wp-json\/wp\/v2\/types\/post"}],"author":[{"embeddable":true,"href":"https:\/\/www.europesays.com\/es\/wp-json\/wp\/v2\/users\/2"}],"replies":[{"embeddable":true,"href":"https:\/\/www.europesays.com\/es\/wp-json\/wp\/v2\/comments?post=232361"}],"version-history":[{"count":0,"href":"https:\/\/www.europesays.com\/es\/wp-json\/wp\/v2\/posts\/232361\/revisions"}],"wp:featuredmedia":[{"embeddable":true,"href":"https:\/\/www.europesays.com\/es\/wp-json\/wp\/v2\/media\/232362"}],"wp:attachment":[{"href":"https:\/\/www.europesays.com\/es\/wp-json\/wp\/v2\/media?parent=232361"}],"wp:term":[{"taxonomy":"category","embeddable":true,"href":"https:\/\/www.europesays.com\/es\/wp-json\/wp\/v2\/categories?post=232361"},{"taxonomy":"post_tag","embeddable":true,"href":"https:\/\/www.europesays.com\/es\/wp-json\/wp\/v2\/tags?post=232361"}],"curies":[{"name":"wp","href":"https:\/\/api.w.org\/{rel}","templated":true}]}}