{"id":232366,"date":"2025-11-12T18:04:08","date_gmt":"2025-11-12T18:04:08","guid":{"rendered":"https:\/\/www.europesays.com\/es\/232366\/"},"modified":"2025-11-12T18:04:08","modified_gmt":"2025-11-12T18:04:08","slug":"el-parlamento-de-francia-suspende-la-polemica-reforma-de-la-ley-de-pensiones-de-macron-internacional","status":"publish","type":"post","link":"https:\/\/www.europesays.com\/es\/232366\/","title":{"rendered":"El Parlamento de Francia suspende la pol\u00e9mica reforma de la ley de pensiones de Macron | Internacional"},"content":{"rendered":"<p class=\"\">El Parlamento franc\u00e9s ha suspendido la reforma de la pol\u00e9mica ley de pensiones aprobada en 2023. La medida, una condici\u00f3n innegociable del Partido Socialista para no tumbar el actual Gobierno de <a href=\"https:\/\/elpais.com\/internacional\/2025-10-15\/la-congelacion-de-la-reforma-de-las-pensiones-concede-una-tregua-al-primer-ministro-frances.html\" target=\"_self\" rel=\"nofollow noopener\" title=\"https:\/\/elpais.com\/internacional\/2025-10-15\/la-congelacion-de-la-reforma-de-las-pensiones-concede-una-tregua-al-primer-ministro-frances.html\">S\u00e9bastien Lecornu<\/a>, es una de las mayores derrotas del presidente de la Rep\u00fablica, <a href=\"https:\/\/elpais.com\/opinion\/2025-07-12\/el-gran-fracaso-de-macron.html\" target=\"_self\" rel=\"nofollow noopener\" title=\"https:\/\/elpais.com\/opinion\/2025-07-12\/el-gran-fracaso-de-macron.html\">Emmanuel Macron<\/a>, y de su partido. Este mi\u00e9rcoles el grupo de Renaissance, la formaci\u00f3n de Macron, ha tenido que ponerse de perfil en la votaci\u00f3n de una ley que defendi\u00f3 a capa y espada hace solo dos a\u00f1os. Pero no hab\u00eda alternativa si quer\u00edan evitar una nueva ca\u00edda del ejecutivo. El resultado ha sido de 255 votos a favor la suspensi\u00f3n y 146 en contra. <\/p>\n<p class=\"\">El resultado de la votaci\u00f3n no tiene, por el momento, ning\u00fan efecto oficial en la ley. Sin embargo, el voto que los diputados han emitido el mi\u00e9rcoles por la tarde en la <a href=\"https:\/\/elpais.com\/ideas\/2025-10-19\/en-el-parlamento-espanol-no-se-debate-en-la-asamblea-francesa-si.html\" target=\"_self\" rel=\"nofollow noopener\" title=\"https:\/\/elpais.com\/ideas\/2025-10-19\/en-el-parlamento-espanol-no-se-debate-en-la-asamblea-francesa-si.html\">Asamblea Nacional<\/a> es el primer clavo en el ata\u00fad de la reforma de las pensiones aprobada bajo el Gobierno de \u00c9lisabeth Borne, en 2023. Esta ha sido la primera vez desde entonces que los diputados pod\u00edan expresarse sobre la ley que, entre otras cosas, preve\u00eda retrasar la edad legal de jubilaci\u00f3n de los 62 a los 64 a\u00f1os.<\/p>\n<p class=\"\">La votaci\u00f3n hizo extra\u00f1os compa\u00f1eros de cama y sali\u00f3 adelante gracias al apoyo de socialistas, la ultraderecha de <a href=\"https:\/\/elpais.com\/internacional\/2025-03-30\/marine-le-pen-ante-el-abismo-de-la-inhabilitacion.html\" target=\"_self\" rel=\"nofollow noopener\" title=\"https:\/\/elpais.com\/internacional\/2025-03-30\/marine-le-pen-ante-el-abismo-de-la-inhabilitacion.html\">Marine Le Pen<\/a> y los Ecologistas. Los Republicanos, la derecha gaullista, votaron en contra. Y los macronistas, impulsores de la pol\u00e9mica reforma, se abstuvieron en su gran mayor\u00eda.<\/p>\n<p class=\"\">El ex primer ministro y presidente de Renaissance, Gabriel Attal, cuyo grupo se abstuvo en la votaci\u00f3n, admiti\u00f3 que la suspensi\u00f3n de la reforma \u201cno ser\u00e1 positiva para el Presupuesto\u201d. \u201cNo votamos con alegr\u00eda, sino con lucidez. Somos conscientes de que esta suspensi\u00f3n no es una buena noticia para la econom\u00eda del pa\u00eds. Pero tambi\u00e9n somos conscientes de que no queremos obstaculizar el compromiso alcanzado entre el primer ministro y el grupo socialista sobre esta cuesti\u00f3n\u201d, afirm\u00f3.<\/p>\n<p class=\"\">La votaci\u00f3n forma parte del laborioso examen del proyecto de ley de financiaci\u00f3n de la Seguridad Social, ya que el Gobierno, tal como se hab\u00eda comprometido con el Partido Socialista, ha presentado una enmienda que propone suspender la controvertida reforma. Esta suspensi\u00f3n se mantendr\u00eda hasta las <a href=\"https:\/\/elpais.com\/internacional\/2025-10-31\/la-alianza-de-derechas-avanza-en-francia-mientras-el-parlamento-rompe-por-primera-vez-el-cordon-sanitario.html\" target=\"_self\" rel=\"nofollow noopener\" title=\"https:\/\/elpais.com\/internacional\/2025-10-31\/la-alianza-de-derechas-avanza-en-francia-mientras-el-parlamento-rompe-por-primera-vez-el-cordon-sanitario.html\">elecciones presidenciales de 2027<\/a>.<\/p>\n<p class=\"\">La izquierda est\u00e1 de nuevo dividida ante la medida. De hecho, La Francia Insumisa vot\u00f3 en contra de la suspensi\u00f3n, pese a que rechazaron la reforma en su momento. Una posici\u00f3n, la derogaci\u00f3n o nada, que contrasta con la de la ultraderecha de Marine Le Pen, que vot\u00f3 a favor de la suspensi\u00f3n.<\/p>\n","protected":false},"excerpt":{"rendered":"El Parlamento franc\u00e9s ha suspendido la reforma de la pol\u00e9mica ley de pensiones aprobada en 2023. La medida,&hellip;\n","protected":false},"author":2,"featured_media":232367,"comment_status":"","ping_status":"","sticky":false,"template":"","format":"standard","meta":{"footnotes":""},"categories":[42],"tags":[17,18,4372,730,700,13,14,317,60648,11,61,62,63,64,19,20,9,10,15,16,12865,952,40457,12,21,22,65,66,67],"class_list":{"0":"post-232366","1":"post","2":"type-post","3":"status-publish","4":"format-standard","5":"has-post-thumbnail","7":"category-internacional","8":"tag-breaking-news","9":"tag-breakingnews","10":"tag-crisis-politicas","11":"tag-emmanuel-macron","12":"tag-europa","13":"tag-featured-news","14":"tag-featurednews","15":"tag-francia","16":"tag-gabriel-attal","17":"tag-headlines","18":"tag-internacional","19":"tag-international","20":"tag-international-news","21":"tag-internationalnews","22":"tag-latest-news","23":"tag-latestnews","24":"tag-news","25":"tag-noticias","26":"tag-noticias-destacadas","27":"tag-noticiasdestacadas","28":"tag-pensiones","29":"tag-politica","30":"tag-sebastien-lecornu","31":"tag-titulares","32":"tag-ultimas-noticias","33":"tag-ultimasnoticias","34":"tag-world","35":"tag-world-news","36":"tag-worldnews"},"share_on_mastodon":{"url":"","error":""},"_links":{"self":[{"href":"https:\/\/www.europesays.com\/es\/wp-json\/wp\/v2\/posts\/232366","targetHints":{"allow":["GET"]}}],"collection":[{"href":"https:\/\/www.europesays.com\/es\/wp-json\/wp\/v2\/posts"}],"about":[{"href":"https:\/\/www.europesays.com\/es\/wp-json\/wp\/v2\/types\/post"}],"author":[{"embeddable":true,"href":"https:\/\/www.europesays.com\/es\/wp-json\/wp\/v2\/users\/2"}],"replies":[{"embeddable":true,"href":"https:\/\/www.europesays.com\/es\/wp-json\/wp\/v2\/comments?post=232366"}],"version-history":[{"count":0,"href":"https:\/\/www.europesays.com\/es\/wp-json\/wp\/v2\/posts\/232366\/revisions"}],"wp:featuredmedia":[{"embeddable":true,"href":"https:\/\/www.europesays.com\/es\/wp-json\/wp\/v2\/media\/232367"}],"wp:attachment":[{"href":"https:\/\/www.europesays.com\/es\/wp-json\/wp\/v2\/media?parent=232366"}],"wp:term":[{"taxonomy":"category","embeddable":true,"href":"https:\/\/www.europesays.com\/es\/wp-json\/wp\/v2\/categories?post=232366"},{"taxonomy":"post_tag","embeddable":true,"href":"https:\/\/www.europesays.com\/es\/wp-json\/wp\/v2\/tags?post=232366"}],"curies":[{"name":"wp","href":"https:\/\/api.w.org\/{rel}","templated":true}]}}