{"id":232376,"date":"2025-11-12T18:20:14","date_gmt":"2025-11-12T18:20:14","guid":{"rendered":"https:\/\/www.europesays.com\/es\/232376\/"},"modified":"2025-11-12T18:20:14","modified_gmt":"2025-11-12T18:20:14","slug":"el-torrent-cambia-de-entrenador-tras-conocer-que-jugara-ante-el-betis","status":"publish","type":"post","link":"https:\/\/www.europesays.com\/es\/232376\/","title":{"rendered":"El Torrent cambia de entrenador tras conocer que jugar\u00e1 ante el Betis"},"content":{"rendered":"<p style=\"\">El sorteo de la segunda eliminatoria de la <strong>Copa del Rey 2025-26<\/strong>, ha deparado el enfrentamiento entre el <strong>Torrent CF<\/strong> y el <strong>Real Betis<\/strong>. Un partido sin precedentes y en el que el conjunto verdiblanco pretender\u00e1 pasar a los dieciseisavos de  &#8230; final del torneo del KO. Por su parte, el cuadro valenciano, que compite en el <strong>Grupo 3<\/strong> de <strong>Segunda Federaci\u00f3n<\/strong>, vivir\u00e1 un duelo hist\u00f3rico, ya que nunca se ha enfrentado en Copa del Rey a un equipo de <strong>Primera Divisi\u00f3n<\/strong>. <\/p>\n<p class=\"voc-p\" style=\"\">Pese a ello, el conjunto torrentino pasa por un mal momento en el campeonato liguero. Despu\u00e9s de hacer un gran papel en el curso anterior, donde fue quinto clasificado y cay\u00f3 eliminado en la final de ascenso a Primera Federaci\u00f3n, actualmente es el colista de su grupo. En su \u00faltimo encuentro, el <strong>Torrent CF<\/strong> fue goleado por el Bar\u00e7a Atl\u00e9tic por <strong>4-1<\/strong>, desencadenando as\u00ed la destituci\u00f3n de su entrenador <strong>Xavi Gim\u00e9nez<\/strong> al d\u00eda siguiente. <\/p>\n<p class=\"voc-p\" style=\"\">Este martes, pocas horas despu\u00e9s de conocer que el <strong>Real Betis<\/strong> ser\u00e1 su rival en la segunda ronda de Copa del Rey, el <strong>Torrent CF<\/strong> anunci\u00f3 a trav\u00e9s de sus redes sociales la contrataci\u00f3n de <strong>Toni Seligrat<\/strong> como nuevo t\u00e9cnico del conjunto valenciano: \u00abSeligrat llega al Torrent CF para hacerse cargo del conjunto taronja con la m\u00e1xima ilusi\u00f3n y el firme prop\u00f3sito de revertir la din\u00e1mica actual del equipo en liga, as\u00ed como afrontar con ambici\u00f3n la hist\u00f3rica eliminatoria de Copa del Rey frente al Real Betis Balompi\u00e9\u00bb. <\/p>\n<blockquote class=\"twitter-tweet\">\n<p lang=\"es\" dir=\"ltr\">\ud835\uddd6\ud835\udde2\ud835\udde0\ud835\udde8\ud835\udde1\ud835\udddc\ud835\uddd6\ud835\uddd4\ud835\uddd7\ud835\udde2 \ud835\udde2\ud835\uddd9\ud835\udddc\ud835\uddd6\ud835\udddc\ud835\uddd4\ud835\udddf: \ud835\udde7\ud835\udde2\ud835\udde1\ud835\udddc \ud835\udde6\ud835\uddd8\ud835\udddf\ud835\udddc\ud835\uddda\ud835\udde5\ud835\uddd4\ud835\udde7.<\/p>\n<p>El t\u00e9cnico torrentino, natural de nuestra ciudad, llega a San Gregorio para ponerse al frente del conjunto taronja, tras su paso por el Club Deportivo Lugo en Primera RFEF y por el cuerpo t\u00e9cnico del primer equipo\u2026 <a href=\"https:\/\/t.co\/O43KlE77hU\" rel=\"nofollow\">pic.twitter.com\/O43KlE77hU<\/a><\/p>\n<p>\u2014 Torrent C.F. (@tcf_oficial) <a href=\"https:\/\/twitter.com\/tcf_oficial\/status\/1988306675863089570?ref_src=twsrc%5Etfw\" rel=\"nofollow noopener\" target=\"_blank\">November 11, 2025<\/a><\/p><\/blockquote>\n<p class=\"voc-p\" style=\"\">El nuevo entrenador, natural de la localidad de Torrent, cuenta con una extensa trayectoria en la antigua Segunda Divisi\u00f3n B, en el que dirigi\u00f3 a equipos como el <strong>Lleida CF, Alcoyano, Sabadell y Gimn\u00e0stic de Tarragona<\/strong>. En la campa\u00f1a anterior, estuvo a los mandos del <strong>Club Deportivo Lugo<\/strong> en Primera Federaci\u00f3n, donde dirigi\u00f3 quince encuentros del conjunto gallego. <\/p>\n<p class=\"voc-p\" style=\"\">En el caso de Toni, ser\u00e1 la segunda vez que se enfrente al <strong>Real Betis<\/strong>. En la temporada <strong>2013-14<\/strong>, cuando dirig\u00eda al <strong>Lleida CF<\/strong>, vivi\u00f3 el doble partido de dieciseisavos de final de copa entre el equipo verdiblanco y el catal\u00e1n. En aquella eliminatoria, el <strong>Lleida CF puso sobre las cuerdas al Real Betis en el Benito Villamar\u00edn<\/strong>, que tras la victoria b\u00e9tica en la ida (<strong>1-2<\/strong>), estuvo a un gol de eliminar al conjunto verdiblanco en el encuentro de vuelta (<strong>2-2<\/strong>).<\/p>\n<p><script async src=\"https:\/\/platform.twitter.com\/widgets.js\" charset=\"utf-8\"><\/script><\/p>\n","protected":false},"excerpt":{"rendered":"El sorteo de la segunda eliminatoria de la Copa del Rey 2025-26, ha deparado el enfrentamiento entre el&hellip;\n","protected":false},"author":2,"featured_media":232377,"comment_status":"","ping_status":"","sticky":false,"template":"","format":"standard","meta":{"footnotes":""},"categories":[268],"tags":[1575,291,168,2226,25,24,280,282,524,60653,281,23,167,19182,53945],"class_list":{"0":"post-232376","1":"post","2":"type-post","3":"status-publish","4":"format-standard","5":"has-post-thumbnail","7":"category-futbol","8":"tag-ante","9":"tag-betis","10":"tag-deportes","11":"tag-entrenador","12":"tag-es","13":"tag-espana","14":"tag-football","15":"tag-futbol","16":"tag-nuevo","17":"tag-seligrat","18":"tag-soccer","19":"tag-spain","20":"tag-sports","21":"tag-toni","22":"tag-torrent"},"share_on_mastodon":{"url":"https:\/\/pubeurope.com\/@es\/115538115201754387","error":""},"_links":{"self":[{"href":"https:\/\/www.europesays.com\/es\/wp-json\/wp\/v2\/posts\/232376","targetHints":{"allow":["GET"]}}],"collection":[{"href":"https:\/\/www.europesays.com\/es\/wp-json\/wp\/v2\/posts"}],"about":[{"href":"https:\/\/www.europesays.com\/es\/wp-json\/wp\/v2\/types\/post"}],"author":[{"embeddable":true,"href":"https:\/\/www.europesays.com\/es\/wp-json\/wp\/v2\/users\/2"}],"replies":[{"embeddable":true,"href":"https:\/\/www.europesays.com\/es\/wp-json\/wp\/v2\/comments?post=232376"}],"version-history":[{"count":0,"href":"https:\/\/www.europesays.com\/es\/wp-json\/wp\/v2\/posts\/232376\/revisions"}],"wp:featuredmedia":[{"embeddable":true,"href":"https:\/\/www.europesays.com\/es\/wp-json\/wp\/v2\/media\/232377"}],"wp:attachment":[{"href":"https:\/\/www.europesays.com\/es\/wp-json\/wp\/v2\/media?parent=232376"}],"wp:term":[{"taxonomy":"category","embeddable":true,"href":"https:\/\/www.europesays.com\/es\/wp-json\/wp\/v2\/categories?post=232376"},{"taxonomy":"post_tag","embeddable":true,"href":"https:\/\/www.europesays.com\/es\/wp-json\/wp\/v2\/tags?post=232376"}],"curies":[{"name":"wp","href":"https:\/\/api.w.org\/{rel}","templated":true}]}}