{"id":232388,"date":"2025-11-12T18:27:13","date_gmt":"2025-11-12T18:27:13","guid":{"rendered":"https:\/\/www.europesays.com\/es\/232388\/"},"modified":"2025-11-12T18:27:13","modified_gmt":"2025-11-12T18:27:13","slug":"las-contradicciones-de-de-la-fuente-en-el-caso-lamine-yamal-futbol","status":"publish","type":"post","link":"https:\/\/www.europesays.com\/es\/232388\/","title":{"rendered":"Las contradicciones de De la Fuente en el caso Lamine Yamal | F\u00fatbol"},"content":{"rendered":"<p class=\"loc\">Barcelona<\/p>\n<p>El seleccionador Luis de la Fuente concedi\u00f3 una amplia <a href=\"https:\/\/cadenaser.com\/nacional\/2025\/11\/11\/luis-de-la-fuente-esta-noche-en-el-larguero-cadena-ser\/\" target=\"_blank\" rel=\"noreferrer nofollow noopener\" title=\"https:\/\/cadenaser.com\/nacional\/2025\/11\/11\/luis-de-la-fuente-esta-noche-en-el-larguero-cadena-ser\/\">entrevista en El Larguero<\/a>, en la que se quejaba de que deber\u00edan haberle informado del tratamiento. \u201cAl menos deber\u00edan habernos comunicado qu\u00e9 le quer\u00edan hacer\u201d, pidi\u00f3 el t\u00e9cnico. Fuentes del club aseguran que el domingo ya alertaron de la visita del m\u00e9dico belga y de la posibilidad de realizar un tratamiento a Lamine que le provocar\u00eda una baja m\u00e9dica.<\/p>\n<p>Cuestionado durante la entrevista, De la Fuente asegura que \u00abse entera del tratamiento que le han hecho a Lamine Yamal el lunes a las 22.40 h\u00bb. Pero existe un comunicado de la RFEF que afirma que \u00abel lunes 10 de noviembre a las 13.47 conocen que el jugador ha sido sometido a un procedimiento invasivo de radiofrecuencia\u00bb. Por tanto, el mismo comunicado de la Federaci\u00f3n desmiente la versi\u00f3n del entrenador.<\/p>\n<p><img decoding=\"async\" src=\"https:\/\/www.europesays.com\/es\/wp-content\/uploads\/2025\/11\/https:\/\/sdmedia.playser.cadenaser.com\/playser\/image\/202511\/12\/1762953493054_1762953509_asset_still.p.jpeg\" alt=\"Les contradiccions de De la Fuente en el cas Lamine Yamal\" width=\"655\"   loading=\"lazy\"\/><\/p>\n<p class=\"tit\">Les contradiccions de De la Fuente en el cas Lamine Yamal<\/p>\n<p>00:00:0006:49<\/p>\n<p>El c\u00f3digo iframe se ha copiado en el portapapeles<\/p>\n<p>FacebookTwitterLinkedinWhatsAppCerrar<\/p>\n<p>Tambi\u00e9n lo hace el director deportivo, Aitor Karanka, quien explica que el lunes habl\u00f3 con el director deportivo del Bar\u00e7a, Deco, \u00abal mediod\u00eda y por la noche\u00bb, una vez ya hab\u00edan intervenido Lamine. Esta versi\u00f3n tambi\u00e9n pone en duda el argumento del seleccionador.<\/p>\n<p>M\u00e1s informaci\u00f3n<\/p>\n<p>Adem\u00e1s, el propio Luis de la Fuente, en otro momento de la entrevista en El Larguero, admite que se enter\u00f3 el lunes. Le preguntan por el momento de la noche del domingo, cuando da la lista definitiva en funci\u00f3n de si hay lesionados nuevos o no. \u201cEsperamos hasta las doce de la noche para saber si algo pasaba con alg\u00fan futbolista, y no pas\u00f3 nada\u201d, dijo De la Fuente. \u00abPara m\u00ed, la sorpresa fue despertarme con la noticia el lunes\u00bb, reconoci\u00f3.<\/p>\n<p>M\u00e1s all\u00e1 de los tempos de la decisi\u00f3n, De la Fuente insisti\u00f3 ayer en que \u201cno sab\u00eda nada de la pubalgia, que solo ten\u00eda constancia de una lumbalgia\u201d. Pero cuando en septiembre le pinchan Voltaren, los fisioterapeutas de la selecci\u00f3n env\u00edan mensajes a los servicios m\u00e9dicos del Bar\u00e7a explicando que sufr\u00eda un dolor lumbar provocado por una lesi\u00f3n en el pubis, en la regi\u00f3n sacroil\u00edaca. Por tanto, como m\u00ednimo, los fisioterapeutas del staff de Luis de la Fuente estaban al corriente.<\/p>\n","protected":false},"excerpt":{"rendered":"Barcelona El seleccionador Luis de la Fuente concedi\u00f3 una amplia entrevista en El Larguero, en la que se&hellip;\n","protected":false},"author":2,"featured_media":232389,"comment_status":"","ping_status":"","sticky":false,"template":"","format":"standard","meta":{"footnotes":""},"categories":[93],"tags":[17309,168,25,24,881,1058,60658,280,20112,60659,31678,1212,60660,1215,60661,20115,20116,29119,23,60662,167,18524,6674,60663,36417],"class_list":{"0":"post-232388","1":"post","2":"type-post","3":"status-publish","4":"format-standard","5":"has-post-thumbnail","7":"category-deportes","8":"tag-date","9":"tag-deportes","10":"tag-es","11":"tag-espana","12":"tag-fc-barcelona","13":"tag-final","14":"tag-final-match","15":"tag-football","16":"tag-jose-breton","17":"tag-july-14","18":"tag-location","19":"tag-match","20":"tag-miguel-de-la-fuente","21":"tag-nurphoto","22":"tag-olympiastadion","23":"tag-pics-action","24":"tag-player","25":"tag-right-winger","26":"tag-spain","27":"tag-spain-vs-england","28":"tag-sports","29":"tag-tournament","30":"tag-uefa","31":"tag-uefa-euro-2024","32":"tag-victory"},"share_on_mastodon":{"url":"https:\/\/pubeurope.com\/@es\/115538142824363419","error":""},"_links":{"self":[{"href":"https:\/\/www.europesays.com\/es\/wp-json\/wp\/v2\/posts\/232388","targetHints":{"allow":["GET"]}}],"collection":[{"href":"https:\/\/www.europesays.com\/es\/wp-json\/wp\/v2\/posts"}],"about":[{"href":"https:\/\/www.europesays.com\/es\/wp-json\/wp\/v2\/types\/post"}],"author":[{"embeddable":true,"href":"https:\/\/www.europesays.com\/es\/wp-json\/wp\/v2\/users\/2"}],"replies":[{"embeddable":true,"href":"https:\/\/www.europesays.com\/es\/wp-json\/wp\/v2\/comments?post=232388"}],"version-history":[{"count":0,"href":"https:\/\/www.europesays.com\/es\/wp-json\/wp\/v2\/posts\/232388\/revisions"}],"wp:featuredmedia":[{"embeddable":true,"href":"https:\/\/www.europesays.com\/es\/wp-json\/wp\/v2\/media\/232389"}],"wp:attachment":[{"href":"https:\/\/www.europesays.com\/es\/wp-json\/wp\/v2\/media?parent=232388"}],"wp:term":[{"taxonomy":"category","embeddable":true,"href":"https:\/\/www.europesays.com\/es\/wp-json\/wp\/v2\/categories?post=232388"},{"taxonomy":"post_tag","embeddable":true,"href":"https:\/\/www.europesays.com\/es\/wp-json\/wp\/v2\/tags?post=232388"}],"curies":[{"name":"wp","href":"https:\/\/api.w.org\/{rel}","templated":true}]}}