{"id":232400,"date":"2025-11-12T18:44:11","date_gmt":"2025-11-12T18:44:11","guid":{"rendered":"https:\/\/www.europesays.com\/es\/232400\/"},"modified":"2025-11-12T18:44:11","modified_gmt":"2025-11-12T18:44:11","slug":"han-hecho-que-tenga-dudas-de-que-pueda-ganar-otro-grand-slam","status":"publish","type":"post","link":"https:\/\/www.europesays.com\/es\/232400\/","title":{"rendered":"Han hecho que tenga dudas de que pueda ganar otro Grand Slam"},"content":{"rendered":"\n<ul class=\"bodyList bodyList--unordered\">\n<li class=\"bodyList__item\"><a href=\"https:\/\/www.elconfidencial.com\/deportes\/tenis\/2025-11-12\/alcaraz-musetti-horario-y-donde-ver-atp-finals-2025_4246029\/\" target=\"_self\" rel=\"nofollow noopener\">Alcaraz vs. Musetti: horario y d\u00f3nde ver por TV y online el partido de las ATP Finals 2025<\/a><\/li>\n<li class=\"bodyList__item\"><a href=\"https:\/\/www.elconfidencial.com\/deportes\/tenis\/2025-11-12\/carlos-alcaraz-atp-finals-taylor-fritz-turin_4245542\/\" target=\"_self\" rel=\"nofollow noopener\">\u00abNo sab\u00eda qu\u00e9 ten\u00eda que hacer\u00bb: c\u00f3mo Alcaraz super\u00f3 la prueba ante Fritz y se acerca a romper la maldici\u00f3n<\/a><\/li>\n<\/ul>\n<p> Con la <strong>retirada de <\/strong><a href=\"https:\/\/www.elconfidencial.com\/deportes\/tenis\/2025-11-08\/djokovic-comparacion-alcaraz-sinner-federer-nadal-murray-yo-merecemos-respeto_4244170\/\" target=\"_self\" rel=\"nofollow noopener\">Roger Federer, Rafa Nadal o Andy Murray<\/a>, todo parec\u00eda que podr\u00eda ser un camino m\u00e1s allanado para <a href=\"https:\/\/www.elconfidencial.com\/deportes\/tenis\/2025-11-10\/dojokovic-futuro-pudiera-retirarme-juegos-olimpicos-2028-bandera-serbio-estupendo_4244853\/\" target=\"_self\" rel=\"nofollow noopener\">Novak Djokovic<\/a>. En <strong>2023 <\/strong>hegemoniz\u00f3 las conquistas en los torneos de Grand Slam. El serbio se coron\u00f3 en el<strong> Open de Australia, Roland Garros y el US Open<\/strong>, pero <a href=\"https:\/\/www.elconfidencial.com\/deportes\/tenis\/2025-11-12\/carlos-alcaraz-atp-finals-taylor-fritz-turin_4245542\/\" target=\"_self\" rel=\"nofollow noopener\">Carlos Alcaraz<\/a> le arrebat\u00f3 en la final de Wimbledon que pudiera conseguir un p\u00f3ker hist\u00f3rico. <\/p>\n<p> Desde <strong>2024<\/strong>, tanto el <strong>espa\u00f1ol como <\/strong><a href=\"https:\/\/www.elconfidencial.com\/deportes\/tenis\/2025-11-11\/djokovic-positivo-sinner-la-nube-que-le-persiguira-siempre_4245348\/\" target=\"_self\" rel=\"nofollow noopener\">Jannik Sinner<\/a><strong> han ganado todos <\/strong>los Grand Slam en juego, cerrando al balc\u00e1nico la opci\u00f3n de sumar su 25\u00ba gran t\u00edtulo en sus vitrinas. Novak es muy consciente de lo dif\u00edcil que ser\u00e1 volver a ganar uno con los dos j\u00f3venes tenistas a este nivel. <\/p>\n<p> Durante una entrevista con Piers Morgan, <strong>Djokovic <\/strong>asegur\u00f3 que ambos est\u00e1n un escal\u00f3n por encima de \u00e9l: \u00abSoy consciente de que, ahora mismo, <strong>los dos son mejores que yo. Esa es la realidad<\/strong>\u00ab. <\/p>\n<p>              <img decoding=\"async\" class=\"inTextNews__img\" alt=\"Foto: djokovic-comparacion-alcaraz-sinner-federer-nadal-murray-yo-merecemos-respeto\" src=\"https:\/\/www.europesays.com\/es\/wp-content\/uploads\/2025\/11\/f.elconfidencial.com\/original\/184\/838\/147\/184838147c038acd16bc4b59f17b96a9.jpg\"  \/>     <\/p>\n<p>TE PUEDE INTERESAR<\/p>\n<p>      <a class=\"inTextNews__title\" href=\"https:\/\/www.elconfidencial.com\/deportes\/tenis\/2025-11-08\/djokovic-comparacion-alcaraz-sinner-federer-nadal-murray-yo-merecemos-respeto_4244170\/\" onclick=\"window.ECCO.emit(&#039;amplitude&#039;, { dataEventName: &#039;click_related_article_module&#039;, data: { related_article_url: &#039;https:\/\/www.elconfidencial.com\/deportes\/tenis\/2025-11-08\/djokovic-comparacion-alcaraz-sinner-federer-nadal-murray-yo-merecemos-respeto_4244170\/&#039;, related_article_author: &#039;\u00c1lvaro El\u00edas&#039;, related_article_section: &#039;tenis&#039; } })\" rel=\"nofollow noopener\" target=\"_blank\"> Novak Djokovic, sobre la comparaci\u00f3n con Alcaraz y Sinner: \u00abEl &#8216;Big Four&#8217; merecemos un respeto\u00bb <\/a>   <\/p>\n<p>    El Confidencial   <\/p>\n<p> Nole es ambicioso, pero es consciente de la edad que tiene y de la dificultad de conseguir grandes objetivos: \u00ab<strong>Durante gran parte de mi carrera, he cre\u00eddo en cosas que eran imposibles de conseguir<\/strong>, pero siempre he sido muy positivo a la hora de conseguir mis objetivos. Conf\u00edo mucho en el poder de los pensamientos, pero al mismo tiempo tambi\u00e9n creo en la biolog\u00eda,<strong> tengo 38 a\u00f1os y el desgaste es real<\/strong>. Y me he llevado un<strong> par de bofetadas de realidad este \u00faltimo a\u00f1o<\/strong>\u00ab, no tuvo reparos en reconocer. <\/p>\n<p> Ahora mismo, el serbio no conf\u00eda en ganar m\u00e1s grandes t\u00edtulos por culpa de Alcaraz y Sinner: <strong>\u00abAmbos han hecho que tenga dudas de que pueda ganar otro Grand Slam\u00bb<\/strong>. Aun as\u00ed, no tira la toalla: \u00abPero cuando entro en pista,<strong> no me importa qui\u00e9n tengo delante, siempre siento que soy mejor<\/strong> y que voy a ganar y que voy a darlo todo para conseguirlo. Sigo teniendo la mentalidad de un ganador y solo espero seguir manteniendo mi cuerpo en forma\u00bb. <\/p>\n<p> El balc\u00e1nico sab\u00eda que llegar\u00eda el d\u00eda en los j\u00f3venes le podr\u00edan superar: \u00ab<strong>Sab\u00eda que esto pasar\u00eda tarde o temprano en mi carrera<\/strong>, es un progreso natural y evolutivo. La aparici\u00f3n de<strong> Alcaraz y Sinner<\/strong> es incre\u00edble para nuestro deporte, ya <strong>han jugado uno de los partidos m\u00e1s \u00e9picos de la historia del deporte en la final de Roland Garros<\/strong>\u00ab. <\/p>\n<p> Sobre ese partido en Par\u00eds, Novak reconoci\u00f3 que lo mantuvieron pegado a la tele toda la tarde: \u00abEse d\u00eda,<strong> me engancharon a la televisi\u00f3n<\/strong>, aunque cuando yo pierdo en un torneo me gusta desconectar del tenis. Pero mi mujer y mi hijo son unos amantes del tenis y lo quer\u00edan ver. Yo les dije que nos fu\u00e9semos a dar un paseo y a comer fuera de casa. Pero insistieron y les dije: &#8216;Vale, vemos un set y nos vamos&#8217;. Yo pensaba que el partido iba a durar dos horas y media o as\u00ed, y cuando volvimos a casa segu\u00edan jugando y <strong>nos quedamos viendo las dos \u00faltimas horas del partido<\/strong>\u00ab, desvel\u00f3. <\/p>\n","protected":false},"excerpt":{"rendered":"Alcaraz vs. Musetti: horario y d\u00f3nde ver por TV y online el partido de las ATP Finals 2025&hellip;\n","protected":false},"author":2,"featured_media":232401,"comment_status":"","ping_status":"","sticky":false,"template":"","format":"standard","meta":{"footnotes":""},"categories":[274],"tags":[168,25,24,23,167,327,326],"class_list":{"0":"post-232400","1":"post","2":"type-post","3":"status-publish","4":"format-standard","5":"has-post-thumbnail","7":"category-tenis","8":"tag-deportes","9":"tag-es","10":"tag-espana","11":"tag-spain","12":"tag-sports","13":"tag-tenis","14":"tag-tennis"},"share_on_mastodon":{"url":"https:\/\/pubeurope.com\/@es\/115538209558454061","error":""},"_links":{"self":[{"href":"https:\/\/www.europesays.com\/es\/wp-json\/wp\/v2\/posts\/232400","targetHints":{"allow":["GET"]}}],"collection":[{"href":"https:\/\/www.europesays.com\/es\/wp-json\/wp\/v2\/posts"}],"about":[{"href":"https:\/\/www.europesays.com\/es\/wp-json\/wp\/v2\/types\/post"}],"author":[{"embeddable":true,"href":"https:\/\/www.europesays.com\/es\/wp-json\/wp\/v2\/users\/2"}],"replies":[{"embeddable":true,"href":"https:\/\/www.europesays.com\/es\/wp-json\/wp\/v2\/comments?post=232400"}],"version-history":[{"count":0,"href":"https:\/\/www.europesays.com\/es\/wp-json\/wp\/v2\/posts\/232400\/revisions"}],"wp:featuredmedia":[{"embeddable":true,"href":"https:\/\/www.europesays.com\/es\/wp-json\/wp\/v2\/media\/232401"}],"wp:attachment":[{"href":"https:\/\/www.europesays.com\/es\/wp-json\/wp\/v2\/media?parent=232400"}],"wp:term":[{"taxonomy":"category","embeddable":true,"href":"https:\/\/www.europesays.com\/es\/wp-json\/wp\/v2\/categories?post=232400"},{"taxonomy":"post_tag","embeddable":true,"href":"https:\/\/www.europesays.com\/es\/wp-json\/wp\/v2\/tags?post=232400"}],"curies":[{"name":"wp","href":"https:\/\/api.w.org\/{rel}","templated":true}]}}