{"id":232410,"date":"2025-11-12T18:52:16","date_gmt":"2025-11-12T18:52:16","guid":{"rendered":"https:\/\/www.europesays.com\/es\/232410\/"},"modified":"2025-11-12T18:52:16","modified_gmt":"2025-11-12T18:52:16","slug":"juan-del-val-acusa-a-tve-de-manipular-la-informacion-e-incendia-la-batalla-de-las-audiencias","status":"publish","type":"post","link":"https:\/\/www.europesays.com\/es\/232410\/","title":{"rendered":"Juan del Val acusa a TVE de manipular la informaci\u00f3n e incendia la batalla de las audiencias"},"content":{"rendered":"<p class=\"ft-text\">Un d\u00eda despu\u00e9s de la <a class=\"ft-link ft-link--decoration\" href=\"https:\/\/www.elperiodico.com\/es\/tele\/yotele\/20251111\/broncano-arrasa-rosalia-record-historico-hormiguero-andy-123588748\" target=\"_blank\" rel=\"nofollow noopener\">hist\u00f3rica victoria de &#8216;La revuelta&#8217; sobre &#8216;El hormiguero&#8217; <\/a>con las visitas de <a class=\"ft-link ft-link--decoration\" href=\"https:\/\/www.elperiodico.com\/es\/personajes\/rosalia-41834\" target=\"_blank\" rel=\"nofollow noopener\">Rosal\u00eda<\/a> y <strong>Andy<\/strong>, Juan del Val ech\u00f3 le\u00f1a al fuego en la batalla de las audiencias acusando a TVE de manipular la informaci\u00f3n.<\/p>\n<p class=\"ft-text\">El programa de <strong>Pablo Motos<\/strong> abord\u00f3 en sus \u00faltimos minutos la dimisi\u00f3n del director general de la BBC, Tim Davie, tras acusaciones de parcialidad y manipulaci\u00f3n. Una noticia que sirvi\u00f3 para entrar de lleno a opinar sobre la l\u00ednea editorial de la cadena p\u00fablica.<\/p>\n<p class=\"ft-text\">\u00abPodemos protestar todo lo que queramos con esto, y estoy totalmente de acuerdo, pero\u00a0tambi\u00e9n creo que <strong>la culpa la tenemos los ciudadanos<\/strong>\u00ab, comenzaba su reflexi\u00f3n el reciente ganador del Premio Planeta.<\/p>\n<p class=\"ft-text\">\u00abLos ciudadanos deber\u00edamos ser igual de cr\u00edticos cuando ves que una televisi\u00f3n p\u00fablica est\u00e1 <strong>manipulando<\/strong> la informaci\u00f3n&#8230; <strong>Es lo que sucede ahora en TVE<\/strong>, sin ninguna duda, y en la mayor\u00eda de\u00a0auton\u00f3micas, por no decir en todas\u00bb, apuntaba el escritor.<\/p>\n<p class=\"ft-text\">\u00abEs un instrumento pol\u00edtico y los ciudadanos lo toleramos. Deber\u00edamos no tolerarlo, ser igual de beligerantes.\u00a0Ahora mismo, un votante del PSOE podr\u00eda ser igual de beligerante con Telemadrid que con TVE. Esto es lo que no se puede consentir y la culpa la tenemos nosotros\u00bb, se quejaba desde la tertulia de &#8216;El hormiguero&#8217;.<\/p>\n","protected":false},"excerpt":{"rendered":"Un d\u00eda despu\u00e9s de la hist\u00f3rica victoria de &#8216;La revuelta&#8217; sobre &#8216;El hormiguero&#8217; con las visitas de Rosal\u00eda&hellip;\n","protected":false},"author":2,"featured_media":232411,"comment_status":"","ping_status":"","sticky":false,"template":"","format":"standard","meta":{"footnotes":""},"categories":[171],"tags":[6630,4040,5813,146,147,25,24,1667,409,60665,23,214,3156,32693],"class_list":{"0":"post-232410","1":"post","2":"type-post","3":"status-publish","4":"format-standard","5":"has-post-thumbnail","7":"category-tv","8":"tag-acusa","9":"tag-antena-3","10":"tag-el-hormiguero","11":"tag-entertainment","12":"tag-entretenimiento","13":"tag-es","14":"tag-espana","15":"tag-informacion","16":"tag-juan","17":"tag-manipular","18":"tag-spain","19":"tag-tv","20":"tag-tve","21":"tag-val"},"share_on_mastodon":{"url":"https:\/\/pubeurope.com\/@es\/115538240970771683","error":""},"_links":{"self":[{"href":"https:\/\/www.europesays.com\/es\/wp-json\/wp\/v2\/posts\/232410","targetHints":{"allow":["GET"]}}],"collection":[{"href":"https:\/\/www.europesays.com\/es\/wp-json\/wp\/v2\/posts"}],"about":[{"href":"https:\/\/www.europesays.com\/es\/wp-json\/wp\/v2\/types\/post"}],"author":[{"embeddable":true,"href":"https:\/\/www.europesays.com\/es\/wp-json\/wp\/v2\/users\/2"}],"replies":[{"embeddable":true,"href":"https:\/\/www.europesays.com\/es\/wp-json\/wp\/v2\/comments?post=232410"}],"version-history":[{"count":0,"href":"https:\/\/www.europesays.com\/es\/wp-json\/wp\/v2\/posts\/232410\/revisions"}],"wp:featuredmedia":[{"embeddable":true,"href":"https:\/\/www.europesays.com\/es\/wp-json\/wp\/v2\/media\/232411"}],"wp:attachment":[{"href":"https:\/\/www.europesays.com\/es\/wp-json\/wp\/v2\/media?parent=232410"}],"wp:term":[{"taxonomy":"category","embeddable":true,"href":"https:\/\/www.europesays.com\/es\/wp-json\/wp\/v2\/categories?post=232410"},{"taxonomy":"post_tag","embeddable":true,"href":"https:\/\/www.europesays.com\/es\/wp-json\/wp\/v2\/tags?post=232410"}],"curies":[{"name":"wp","href":"https:\/\/api.w.org\/{rel}","templated":true}]}}