{"id":232412,"date":"2025-11-12T18:53:17","date_gmt":"2025-11-12T18:53:17","guid":{"rendered":"https:\/\/www.europesays.com\/es\/232412\/"},"modified":"2025-11-12T18:53:17","modified_gmt":"2025-11-12T18:53:17","slug":"directo-de-slayer-crimson-glory-en-el-kabiefest-november-metal-fest","status":"publish","type":"post","link":"https:\/\/www.europesays.com\/es\/232412\/","title":{"rendered":"Directo de SLAYER. CRIMSON GLORY en el Kabiefest. November Metal Fest."},"content":{"rendered":"<p>\u00a0<\/p>\n<p style=\"text-align: center;\"><strong><a href=\"#SLAYER\">Directo de SLAYER<\/a> \u2013 <a href=\"#GLORY\">CRIMSON GLORY en el Kabiefest<\/a> \u2013 <a href=\"#November\">November Metal Fest<\/a>.<\/strong><\/p>\n<p>El pr\u00f3ximo 12 de diciembre saldr\u00e1 a trav\u00e9s de Blue-Line un directo de <strong>SLAYER<\/strong> titulado \u201cLost And Found (Radio Broadcast Archives)\u201d.<\/p>\n<p>Estos son los temas que incluye:<\/p>\n<p>Cara A<\/p>\n<ol>\n<li>Bitter Peace<\/li>\n<li>Deaths Head<\/li>\n<li>War Ensemble<\/li>\n<li>Evil Has No Boundaries<\/li>\n<li>Hell Awaits<\/li>\n<\/ol>\n<p>Cara B<\/p>\n<ol>\n<li>Born Of Fire<\/li>\n<li>Stain Of Mind<\/li>\n<li>Postmortem<\/li>\n<li>Raining Blood<\/li>\n<li>Dittohead<\/li>\n<li>Die By The Sword<\/li>\n<\/ol>\n<p>Sale en vinilo de color e incluye una retransmisi\u00f3n radiof\u00f3nica grabada en Las Vegas en 1999.<\/p>\n<p><img fetchpriority=\"high\" decoding=\"async\" src=\"https:\/\/www.europesays.com\/es\/wp-content\/uploads\/2025\/11\/SlayerLost.jpg\" alt=\"SLAYER.\" width=\"500\" height=\"500\"\/><\/p>\n<p>En esta <a href=\"https:\/\/www.rafabasa.com\/2025\/09\/21\/slayer-overkill-gary-hoey-lita-ford\/#SLAYER\" rel=\"nofollow noopener\" target=\"_blank\">noticia<\/a> ten\u00e9is v\u00eddeos de su nueva gira.<\/p>\n<p>El guitarrista <strong>Kerry King<\/strong> <a href=\"https:\/\/www.rafabasa.com\/2024\/12\/10\/slayer-gojira-robin-mcauley-retador\/#SLAYER\" target=\"_blank\" rel=\"noopener nofollow\">ha descartado en diferentes ocasiones<\/a> un nuevo disco o una gira.<\/p>\n<p>M\u00e1s sobre la banda en este <a href=\"https:\/\/www.rafabasa.com\/2025\/08\/03\/slayer-creed-violator-wacken-open-air\/#SLAYER\" rel=\"nofollow noopener\" target=\"_blank\">bloque<\/a>.<\/p>\n<p>\u00a0<\/p>\n<p>\u00a0<\/p>\n<p><a href=\"https:\/\/www.facebook.com\/crimsonglory\" target=\"_blank\" rel=\"noopener nofollow\"><strong>CRIMSON GLORY<\/strong><\/a> encabezar\u00e1n la pr\u00f3xima edici\u00f3n del <strong>Kabiefest<\/strong>, la cual se celebrar\u00e1 el d\u00eda 12 de junio en Santurce, Vizcaya. La entrada es gratuita.<\/p>\n<p><a href=\"https:\/\/www.facebook.com\/crimsonglory\" target=\"_blank\" rel=\"noopener nofollow\"><strong>CRIMSON GLORY<\/strong><\/a> tocan en ROCK IMPERIUM.<\/p>\n<p>En principio est\u00e1n ultimando su <a href=\"https:\/\/www.rafabasa.com\/2025\/05\/05\/accept-crimson-glory-absu\/#GLORY\" rel=\"nofollow noopener\" target=\"_blank\">disco de regreso<\/a>.<\/p>\n<p>La banda estren\u00f3 en enero de 2024 su <a href=\"https:\/\/www.rafabasa.com\/2024\/01\/20\/crimson-glory-estrena-su-nuevo-sencillo-triskaideka\/\" target=\"_blank\" rel=\"noopener nofollow\">nuevo sencillo<\/a> \u201cTriskaideka\u201d.<\/p>\n<p>\u00a0<\/p>\n<p>\u00a0<\/p>\n<p>El d\u00eda 22 de noviembre se celebrar\u00e1 en la sala Urban Rock Concept de Vitoria la quinta entrega del <strong>November Metal Fest<\/strong>.<\/p>\n<p>Estas son las bandas participantes:<\/p>\n<ul>\n<li>SCANNER<\/li>\n<li>Elisa C. Martin<\/li>\n<li>LETHARGUS<\/li>\n<li>NOVEMBER<\/li>\n<\/ul>\n<p>M\u00e1s detalles en este <a href=\"https:\/\/www.facebook.com\/urbanrockconcept\" target=\"_blank\" rel=\"noopener nofollow\">enlace<\/a>.<\/p>\n<p>\u00a0<\/p>\n","protected":false},"excerpt":{"rendered":"\u00a0 Directo de SLAYER \u2013 CRIMSON GLORY en el Kabiefest \u2013 November Metal Fest. El pr\u00f3ximo 12 de&hellip;\n","protected":false},"author":2,"featured_media":232413,"comment_status":"","ping_status":"","sticky":false,"template":"","format":"standard","meta":{"footnotes":""},"categories":[170],"tags":[27243,146,147,25,24,184,185,60666,481,23],"class_list":{"0":"post-232412","1":"post","2":"type-post","3":"status-publish","4":"format-standard","5":"has-post-thumbnail","7":"category-musica","8":"tag-crimson-glory","9":"tag-entertainment","10":"tag-entretenimiento","11":"tag-es","12":"tag-espana","13":"tag-music","14":"tag-musica","15":"tag-november-metal-fest","16":"tag-slayer","17":"tag-spain"},"share_on_mastodon":{"url":"https:\/\/pubeurope.com\/@es\/115538245040613975","error":""},"_links":{"self":[{"href":"https:\/\/www.europesays.com\/es\/wp-json\/wp\/v2\/posts\/232412","targetHints":{"allow":["GET"]}}],"collection":[{"href":"https:\/\/www.europesays.com\/es\/wp-json\/wp\/v2\/posts"}],"about":[{"href":"https:\/\/www.europesays.com\/es\/wp-json\/wp\/v2\/types\/post"}],"author":[{"embeddable":true,"href":"https:\/\/www.europesays.com\/es\/wp-json\/wp\/v2\/users\/2"}],"replies":[{"embeddable":true,"href":"https:\/\/www.europesays.com\/es\/wp-json\/wp\/v2\/comments?post=232412"}],"version-history":[{"count":0,"href":"https:\/\/www.europesays.com\/es\/wp-json\/wp\/v2\/posts\/232412\/revisions"}],"wp:featuredmedia":[{"embeddable":true,"href":"https:\/\/www.europesays.com\/es\/wp-json\/wp\/v2\/media\/232413"}],"wp:attachment":[{"href":"https:\/\/www.europesays.com\/es\/wp-json\/wp\/v2\/media?parent=232412"}],"wp:term":[{"taxonomy":"category","embeddable":true,"href":"https:\/\/www.europesays.com\/es\/wp-json\/wp\/v2\/categories?post=232412"},{"taxonomy":"post_tag","embeddable":true,"href":"https:\/\/www.europesays.com\/es\/wp-json\/wp\/v2\/tags?post=232412"}],"curies":[{"name":"wp","href":"https:\/\/api.w.org\/{rel}","templated":true}]}}