{"id":232414,"date":"2025-11-12T18:54:10","date_gmt":"2025-11-12T18:54:10","guid":{"rendered":"https:\/\/www.europesays.com\/es\/232414\/"},"modified":"2025-11-12T18:54:10","modified_gmt":"2025-11-12T18:54:10","slug":"el-primer-trailer-de-el-diablo-viste-a-la-moda-2%e2%80%b2-miranda-y-andy-se-reunen-despues-de-20-anos","status":"publish","type":"post","link":"https:\/\/www.europesays.com\/es\/232414\/","title":{"rendered":"El primer tr\u00e1iler de \u2018El diablo viste a la moda 2\u2032: Miranda y Andy se re\u00fanen despu\u00e9s de 20 a\u00f1os"},"content":{"rendered":"<p>Meryl Streep y Anne Hathaway regresan en el primer vistazo de &#8216;El Diablo viste a la moda 2&#8217;<br \/>\n(20th Century Studios LA)<\/p>\n<p class=\"paragraph\">La ic\u00f3nica Miranda Priestly ha vuelto a los pasillos de Runway. A casi dos d\u00e9cadas del estreno de<b> <\/b><b>El diablo viste a la moda<\/b> (2006), 20th Century Studios present\u00f3 el primer adelanto oficial de su esperada secuela, The Devil Wears Prada 2 (El diablo viste a la moda 2).<\/p>\n<p class=\"paragraph\">El breve clip de 52 segundos, lanzado este mi\u00e9rcoles 12 de noviembre, retrata el reencuentro de<b> Meryl Streep (76) y Anne Hathaway<\/b> (42) en los papeles que definieron sus carreras. El metraje adelanta la atm\u00f3sfera de lujo y tensi\u00f3n que remite de inmediato al esp\u00edritu de la original.<\/p>\n<p class=\"paragraph\">Al ritmo del famoso tema \u201cVogue\u201d de Madonna, la c\u00e1mara sigue el andar elegante de Miranda Priestly, quien camina con sus caracter\u00edsticos tacones rojos por las oficinas de la revista. <\/p>\n<p class=\"paragraph\">Justo al ingresar al ascensor, aparece Andy Sachs, su exasistente, interpretada nuevamente por Hathaway.<\/p>\n<p><img alt=\"El breve teaser fue musicalizado\" class=\"global-image\" decoding=\"async\" fetchpriority=\"low\" height=\"1080\" loading=\"lazy\" src=\"https:\/\/www.europesays.com\/es\/wp-content\/uploads\/2025\/11\/C26ZXZI2SRCJRH2RGW4AZFIU3Q.jpg\" width=\"1920\"\/>El breve teaser fue musicalizado con un tema de Madonna (Captura de video)<\/p>\n<p class=\"paragraph\">\u201cTardaste lo suficiente\u201d, murmura Miranda con su habitual tono cortante. Andy responde con una sonrisa y se coloca unas gafas de sol negras antes de que las puertas del ascensor se cierren. <\/p>\n<p class=\"paragraph\">Este breve intercambio muestra que la din\u00e1mica entre ambas no ha perdido su peculiaridad. \u00bfPero c\u00f3mo vuelve Andy a relacionarse con Runway? Eso se explicar\u00e1 pronto. <\/p>\n<p class=\"paragraph\">Lo que se sabe por el momento de la trama es que <b>El diablo viste a la moda 2<\/b> seguir\u00e1 a Miranda Priestly mientras intenta mantener su poder en una industria que ha cambiado radicalmente.<\/p>\n<p class=\"paragraph\">En un mundo donde el periodismo impreso agoniza, la temida editora en jefe de Runway deber\u00e1 medir fuerzas con su antigua asistente, Emily Charlton (<b>Emily Blunt<\/b>), quien ahora es una ejecutiva de alto nivel en un conglomerado de lujo que controla valiosos contratos publicitarios, describe la premisa que Variety adelant\u00f3 meses atr\u00e1s. <\/p>\n<p class=\"paragraph\">\u201cMiranda se enfrenta a una batalla profesional en la que el prestigio ya no basta para sobrevivir\u201d, resume el medio. <\/p>\n<p><img alt=\"La secuela llegar\u00e1 a los\" class=\"global-image\" decoding=\"async\" fetchpriority=\"low\" height=\"1000\" loading=\"lazy\" src=\"https:\/\/www.europesays.com\/es\/wp-content\/uploads\/2025\/11\/3VGOURKL7RHHNPJ5ZWKPFFPLN4.jpeg\" width=\"1500\"\/>La secuela llegar\u00e1 a los cines a 20 a\u00f1os del estreno de la primera pel\u00edcula (Captura de video)<\/p>\n<p class=\"paragraph\">Adem\u00e1s de Streep, Hathaway y Blunt,<b> <\/b>The Devil Wears Prada 2 traer\u00e1 de vuelta a <b>Stanley Tucci<\/b> como Nigel, el carism\u00e1tico director de arte de la revista;<b> Tracie Thoms <\/b>como Lily, la mejor amiga de Andy; y<b> Tibor Feldman <\/b>como Irv, el presidente de la editorial.<\/p>\n<p class=\"paragraph\">Entre los nuevos nombres del reparto se encuentran <b>Kenneth Branagh<\/b>, quien interpretar\u00e1 al esposo de Miranda Priestly, y <b>Simone Ashley<\/b>, en un papel a\u00fan no revelado. Tambi\u00e9n se suman Lucy Liu, B.J. Novak, Justin Theroux y Pauline Chalamet.<\/p>\n<p class=\"paragraph\">La revista PEOPLE confirm\u00f3 adem\u00e1s la incorporaci\u00f3n de <b>Patrick Brammall <\/b>como el nuevo inter\u00e9s amoroso de Andy, y la participaci\u00f3n de Rachel Bloom, Caleb Hearon, y las figuras de Broadway Helen J. Shen y Conrad Ricamora.<\/p>\n<p class=\"paragraph\"><b>Adrian Grenier<\/b>, quien interpret\u00f3 a Nate, el novio de Andy en la primera pel\u00edcula, no regresar\u00e1 para esta continuaci\u00f3n.<\/p>\n<p><img alt=\"Anne Hathaway y Patrick Brammall\" class=\"global-image\" decoding=\"async\" fetchpriority=\"low\" height=\"900\" loading=\"lazy\" src=\"https:\/\/www.europesays.com\/es\/wp-content\/uploads\/2025\/11\/6LFE4A35ONCKFBWKTNSAJ64OZU.JPG\" width=\"1600\"\/>Anne Hathaway y Patrick Brammall fueron vistos en el rodaje de \u00abThe Devil Wears Prada 2\u00bb (Splash News\/The Grosby Group)<\/p>\n<p class=\"paragraph\">El diablo viste a la moda, comedia basada en la novela hom\u00f3nima de Lauren Weisberger, se estren\u00f3 en 2006 y recaud\u00f3 m\u00e1s de 326 millones de d\u00f3lares en la taquilla mundial. <\/p>\n<p class=\"paragraph\">El largometraje fue dirigido por<b> David Frankel<\/b> y trascendi\u00f3 como un referente de la cultura pop gracias a su retrato del mundo editorial de la moda, sus frases memorables y la \u00e1cida qu\u00edmica de su tr\u00edo protagonista.<\/p>\n<p class=\"paragraph\">El \u00e9xito de la pel\u00edcula original le vali\u00f3 a Streep una <b>nominaci\u00f3n al \u00d3scar como mejor actriz<\/b> y consolid\u00f3 a Hathaway como una de las estrellas emergentes de Hollywood.<\/p>\n<p class=\"paragraph\">Como destaca el teaser tr\u00e1iler, la pel\u00edcula puede presumir que<b> sus cuatro actores principales se convirtieron en estrellas laureadas en la industria:<\/b> tanto Streep como Hathaway tienen estatuillas del Oscar en su poder; mientras Emily Blunt y Stanley Tucci fueron nominados por la Academia.<\/p>\n<p><img alt=\"Stanley Tucci fue nominado al\" class=\"global-image\" decoding=\"async\" fetchpriority=\"low\" height=\"4396\" loading=\"lazy\" src=\"https:\/\/www.europesays.com\/es\/wp-content\/uploads\/2025\/11\/Z3TQ2N2WZRGGVF5EVZHGTIS2JI.jpg\" width=\"6500\"\/>Stanley Tucci fue nominado al \u00d3scar en 2010, por la pel\u00edcula \u00abThe Lovely Bones\u00bb  (Finnbarr Webster\/Pool via REUTERS)<\/p>\n<p class=\"paragraph\">El regreso de <b>El diablo viste a la moda 2<\/b><b> <\/b>est\u00e1 previsto para el <b>1 de mayo de 2026<\/b> en Estados Unidos<b> y el 30 de abril <\/b>en Am\u00e9rica Latina. Se espera que pr\u00f3ximamente se difundan m\u00e1s detalles de la trama y la sinopsis oficial. <\/p>\n","protected":false},"excerpt":{"rendered":"Meryl Streep y Anne Hathaway regresan en el primer vistazo de &#8216;El Diablo viste a la moda 2&#8217;&hellip;\n","protected":false},"author":2,"featured_media":232415,"comment_status":"","ping_status":"","sticky":false,"template":"","format":"standard","meta":{"footnotes":""},"categories":[169],"tags":[45,8141,60667,60668,177,19121,32220,60669,12562,146,147,25,24,9375,60670,176,32221,34530,32222,32223,175,3120,49523,32224,14071,32225,32226,32227,32228,23,3786,32229,4450],"class_list":{"0":"post-232414","1":"post","2":"type-post","3":"status-publish","4":"format-standard","5":"has-post-thumbnail","7":"category-cine","8":"tag-45","9":"tag-anne-hathaway","10":"tag-anne-hathaway-and-patrick-brammall","11":"tag-aug-05","12":"tag-cine","13":"tag-couple","14":"tag-dance-scene","15":"tag-devil-wears-prada-2","16":"tag-editors_choice","17":"tag-entertainment","18":"tag-entretenimiento","19":"tag-es","20":"tag-espana","21":"tag-fashion","22":"tag-felipe-ramales","23":"tag-film","24":"tag-film-production","25":"tag-film-set","26":"tag-glamorous-look","27":"tag-movie-sequel","28":"tag-movies","29":"tag-new-york","30":"tag-nyc","31":"tag-on-set","32":"tag-paparazzi","33":"tag-patrick-brammall","34":"tag-purple-silver-dress","35":"tag-romantic-dinner","36":"tag-sidewalk-fashion","37":"tag-spain","38":"tag-style","39":"tag-the-devil-wears-prada-2","40":"tag-usa"},"share_on_mastodon":{"url":"","error":"Validation failed: Text character limit of 500 exceeded"},"_links":{"self":[{"href":"https:\/\/www.europesays.com\/es\/wp-json\/wp\/v2\/posts\/232414","targetHints":{"allow":["GET"]}}],"collection":[{"href":"https:\/\/www.europesays.com\/es\/wp-json\/wp\/v2\/posts"}],"about":[{"href":"https:\/\/www.europesays.com\/es\/wp-json\/wp\/v2\/types\/post"}],"author":[{"embeddable":true,"href":"https:\/\/www.europesays.com\/es\/wp-json\/wp\/v2\/users\/2"}],"replies":[{"embeddable":true,"href":"https:\/\/www.europesays.com\/es\/wp-json\/wp\/v2\/comments?post=232414"}],"version-history":[{"count":0,"href":"https:\/\/www.europesays.com\/es\/wp-json\/wp\/v2\/posts\/232414\/revisions"}],"wp:featuredmedia":[{"embeddable":true,"href":"https:\/\/www.europesays.com\/es\/wp-json\/wp\/v2\/media\/232415"}],"wp:attachment":[{"href":"https:\/\/www.europesays.com\/es\/wp-json\/wp\/v2\/media?parent=232414"}],"wp:term":[{"taxonomy":"category","embeddable":true,"href":"https:\/\/www.europesays.com\/es\/wp-json\/wp\/v2\/categories?post=232414"},{"taxonomy":"post_tag","embeddable":true,"href":"https:\/\/www.europesays.com\/es\/wp-json\/wp\/v2\/tags?post=232414"}],"curies":[{"name":"wp","href":"https:\/\/api.w.org\/{rel}","templated":true}]}}