{"id":232420,"date":"2025-11-12T18:57:13","date_gmt":"2025-11-12T18:57:13","guid":{"rendered":"https:\/\/www.europesays.com\/es\/232420\/"},"modified":"2025-11-12T18:57:13","modified_gmt":"2025-11-12T18:57:13","slug":"lista-completa-de-los-concursantes-del-nuevo-programa-de-tve","status":"publish","type":"post","link":"https:\/\/www.europesays.com\/es\/232420\/","title":{"rendered":"lista completa de los concursantes del nuevo programa de TVE"},"content":{"rendered":"<p style=\"\">Un nuevo programa pasa a formar parte de la parrilla televisiva en nuestro pa\u00eds. <strong>&#8216;Hasta el fin del mundo&#8217;<\/strong> es la nueva apuesta de Televisi\u00f3n Espa\u00f1ola, proponiendo a los espectadores <a href=\"https:\/\/www.abc.es\/gente\/concursantes-reality-fin-mundo-rtve-comienzan-aventura-20250818133323-vi.html\" title=\"www.abc.es\" data-voc-vtm-id=\"in-text-traffic\" data-mrf-link=\"www.abc.es\" rel=\"nofollow noopener\" target=\"_blank\">un reality de aventuras <\/a>que ya muchos comparan con &#8216;Pek\u00edn Express&#8217; por la  &#8230; din\u00e1mica del concurso.<\/p>\n<p class=\"voc-p\" style=\"\">La encargada de guiar esta carrera por diferentes zonas de Am\u00e9rica Latina es<strong> Paula V\u00e1zquez<\/strong>, quien ya tiene experiencia en este tipo de programas y repite en La 1 despu\u00e9s de haber sido la presentadora del pasado &#8216;Benidorm Fest&#8217; y &#8216;Bake Off: Famosos al horno&#8217;<\/p>\n<p class=\"voc-p\" style=\"\">&#8216;Hasta el fin del mundo&#8217; se estrena este mi\u00e9rcoles, 1<strong>2 de noviembre, sobre las 23.00, despu\u00e9s de la emisi\u00f3n de &#8216;La Revuelta&#8217;<\/strong>, en La 1 de TVE, en una propuesta con la siguiente premisa: \u00ab\u00bfImaginas viajar por todo Am\u00e9rica Latina con solo 1.300 euros?\u00bb.<\/p>\n<p class=\"voc-p\" style=\"\">Tal como se explica desde la web de RTVE, el nuevo programa es \u00abla versi\u00f3n espa\u00f1ola del exitoso formato Race Across the World, un programa que<strong> combina aventura y exploraci\u00f3n <\/strong>con un fuerte mensaje de sostenibilidad, respeto por los ecosistemas y conexi\u00f3n humana\u00bb. En \u00e9l participan s<strong>eis parejas de famosos <\/strong>que se enfrentar\u00e1n a un viaje sin comodidades ni tecnolog\u00edas, superando diferentes etapas y descubriendo climas y culturas para ellos desconocidas.<\/p>\n<p class=\"voc-p\" style=\"\">Te contamos qui\u00e9nes son<strong> los 12 concursantes de &#8216;Hasta el fin del mundo&#8217;<\/strong>, que conforman una variopinta lista en la que se incluyen desde perfiles de la pol\u00edtica hasta actrices. <\/p>\n<p class=\"voc-d-c-top__number\">1<\/p>\n<p><img decoding=\"async\" loading=\"lazy\" src=\"https:\/\/www.europesays.com\/es\/wp-content\/uploads\/2025\/11\/yolandaramos-ainoa-kdXB--760x427@diario_abc.jpg\" class=\"voc-img\" width=\"760\" height=\"427\" alt=\"Yolanda Ramos y Ainoa Olivares Ramos\" data-voc-vtm-id=\"in-text-traffic\"\/><\/p>\n<p>Yolanda Ramos y Ainoa Olivares Ramos<\/p>\n<p>RTVE<\/p>\n<p>\nYolanda Ramos y Ainoa Olivares Ramos\n<\/p>\n<p class=\"voc-p\" style=\"\">La actriz y humorista Yolanda Ramos participa junto a su sobrina, Ainoa Olivares, quien representa a la generaci\u00f3n que ha crecido en la era de las redes sociales. Yolanda es una de las artistas m\u00e1s populares, habitual en todo tipo de programas de entretenimiento, pero tambi\u00e9n en series y pel\u00edculas, llegando a hacerse con el<strong> Premio Feroz a Mejor Actriz de Reparto <\/strong>por su papel en &#8216;Paquita Salas&#8217;. Ainoa, que participa por primera vez en un proyecto televisivo, tambi\u00e9n s<strong>e ve atraida por el mundo de la interpretaci\u00f3n<\/strong>. <\/p>\n<p class=\"voc-d-c-top__number\">2<\/p>\n<p><img decoding=\"async\" loading=\"lazy\" src=\"https:\/\/www.europesays.com\/es\/wp-content\/uploads\/2025\/11\/albacarrillo-cifuentes-kdXB--760x427@diario_abc.jpg\" class=\"voc-img\" width=\"760\" height=\"427\" alt=\"Cristina Cifuentes y Alba Carrillo\" data-voc-vtm-id=\"in-text-traffic\"\/><\/p>\n<p>Cristina Cifuentes y Alba Carrillo<\/p>\n<p>RTVE<\/p>\n<p>\nCristina Cifuentes y Alba Carrillo\n<\/p>\n<p class=\"voc-p\" style=\"\">Cristina Cifuentes, <strong>expresidenta de la Comunidad de Madrid<\/strong>, vuelve a decantarse por el mundo del espect\u00e1culo repitiendo cadena, pues ya particip\u00f3 en &#8216;Masterchef Celebrity&#8217;. Por su parte, Alba Carrillo, asentada ya en<strong> el mundo televisivo y del coraz\u00f3n<\/strong> pero que empez\u00f3 como modelo, se lanza a la aventura de La 1 con una compa\u00f1era con la que puede que salgan a relucir las diferecias de pensamiento.<\/p>\n<p class=\"voc-d-c-top__number\">3<\/p>\n<p><img decoding=\"async\" loading=\"lazy\" src=\"https:\/\/www.europesays.com\/es\/wp-content\/uploads\/2025\/11\/andreacompton-jedet-kdXB--760x427@diario_abc.jpg\" class=\"voc-img\" width=\"760\" height=\"427\" alt=\"Andrea Compton y Jedet\" data-voc-vtm-id=\"in-text-traffic\"\/><\/p>\n<p>Andrea Compton y Jedet<\/p>\n<p>RTVE<\/p>\n<p>\nAndrea Compton y Jedet\n<\/p>\n<p class=\"voc-p\" style=\"\">Andrea Compton se abri\u00f3 un hueco como comunicadora desde YouTube y las redes sociales, donde compart\u00eda contenido de <strong>humor, series y cine<\/strong>, hasta evolucionar como actriz de doblaje y habitual en entrevistas a actores internacionales, presentando diferentes eventos o protagonizando varios podcast. Jedet, de la que es amiga desde hace a\u00f1os, es una <strong>artista y referente del activismo LGTBIQ+<\/strong> en nuestro pa\u00eds, conocida por muchos por dar vida a la Veneno en la serie hom\u00f3nima de Los Javis. <\/p>\n<p class=\"voc-d-c-top__number\">4<\/p>\n<p><img decoding=\"async\" loading=\"lazy\" src=\"https:\/\/www.europesays.com\/es\/wp-content\/uploads\/2025\/11\/rociocarrasco-anabelduenas-kdXB--760x427@diario_abc.jpg\" class=\"voc-img\" width=\"760\" height=\"427\" alt=\"Roc\u00edo Carrasco y Anabel Due\u00f1as\" data-voc-vtm-id=\"in-text-traffic\"\/><\/p>\n<p>Roc\u00edo Carrasco y Anabel Due\u00f1as<\/p>\n<p>RTVE<\/p>\n<p>\nRoc\u00edo Carrasco y Anabel Due\u00f1as\n<\/p>\n<p class=\"voc-p\" style=\"\">Roc\u00edo Carrasco, hija de Roc\u00edo Jurado, lleva toda una vida acostumbrada a que las c\u00e1maras le persigan, atravesando etapas dif\u00edciles por sus relaciones familiares, algo que dio a conocer en la docuserie <strong>&#8216;Roc\u00edo, contar la verdad para seguir viva&#8217;<\/strong>. Una de sus \u00faltimas apariciones fue precisamente en TVE, participanto en &#8216;Bake Off: Famosos al horno&#8217;. Anabel es actriz y cantante, tambi\u00e9n con experiencia televisiva por haber participado en <strong>&#8216;Operaci\u00f3n Triunfo 2008&#8217;.<\/strong> Roc\u00edo y Anabel est\u00e1n unidas al haber <strong>trabajado juntas en musicales sobre Roc\u00edo Jurado<\/strong>.<\/p>\n<p class=\"voc-d-c-top__number\">5<\/p>\n<p><img decoding=\"async\" loading=\"lazy\" src=\"https:\/\/www.europesays.com\/es\/wp-content\/uploads\/2025\/11\/nia-jkbello-kdXB--760x427@diario_abc.jpg\" class=\"voc-img\" width=\"760\" height=\"427\" alt=\"N\u00eda y J Kbello\" data-voc-vtm-id=\"in-text-traffic\"\/><\/p>\n<p>N\u00eda y J Kbello<\/p>\n<p>RTVE<\/p>\n<p>\nN\u00eda y J Kbello\n<\/p>\n<p class=\"voc-p\" style=\"\">Ambos artistas<strong> vienen del mundo de la canci\u00f3n y el baile<\/strong>: N\u00eda formaba parte del musical de &#8216;El Rey Le\u00f3n&#8217; y fue ganadora de &#8216;Operaci\u00f3n Triunfo 2020&#8217;, triunfando en el mundo de la m\u00fasica, algo que refleja haber ganado<strong> la Gaviota de Plata de Vi\u00f1a del Mar este 2025<\/strong>. J Kabello, cuyo nombre real es Jes\u00fas, fue uno de los candidatos a representar a Espa\u00f1a en Eurovisi\u00f3n este a\u00f1o, con su tema &#8216;V.I.P&#8217;, quedando tercero en el <strong>&#8216;Benidorm Fest&#8217;.<\/strong><\/p>\n<p class=\"voc-d-c-top__number\">6<\/p>\n<p><img decoding=\"async\" loading=\"lazy\" src=\"https:\/\/www.europesays.com\/es\/wp-content\/uploads\/2025\/11\/joselamuno-aldo-kdXB--760x427@diario_abc.jpg\" class=\"voc-img\" width=\"760\" height=\"427\" alt=\"Jos\u00e9 Lamu\u00f1o y Aldo Comas\" data-voc-vtm-id=\"in-text-traffic\"\/><\/p>\n<p>Jos\u00e9 Lamu\u00f1o y Aldo Comas<\/p>\n<p>RTVE<\/p>\n<p>\nJos\u00e9 Lamu\u00f1o y Aldo Comas\n<\/p>\n<p class=\"voc-p\" style=\"\">Jos\u00e9 Lamu\u00f1o es<strong> actor y modelo<\/strong>, participando en series como &#8216;Hospital Central&#8217;, &#8216;Fugitiva&#8217; o &#8216;Servir y Proteger&#8217;, entre otras. Por su parte, Aldo Comas, pareja de la actriz Macarena G\u00f3mez, es <strong>pintor, DJ, m\u00fasico, empresario, director de cine e instructor de paracaidismo<\/strong>, siendo as\u00ed dos perfiles unidos por su amor por la aventura.<\/p>\n<p class=\"voc-p\" style=\"\">Estos<strong> 12 participantes<\/strong> deber\u00e1n aprender a tomar decisiones con su compa\u00f1ero de aventura, midiendo el dinero que gastan, decidiendo d\u00f3nde comer, d\u00f3nde dormir y usando su ingenio para superar cada etapa<\/p>\n","protected":false},"excerpt":{"rendered":"Un nuevo programa pasa a formar parte de la parrilla televisiva en nuestro pa\u00eds. &#8216;Hasta el fin del&hellip;\n","protected":false},"author":2,"featured_media":232421,"comment_status":"","ping_status":"","sticky":false,"template":"","format":"standard","meta":{"footnotes":""},"categories":[91],"tags":[9781,567,146,147,25,24,772,12182,3013,524,2145,23,3156],"class_list":{"0":"post-232420","1":"post","2":"type-post","3":"status-publish","4":"format-standard","5":"has-post-thumbnail","7":"category-entretenimiento","8":"tag-completa","9":"tag-concursantes","10":"tag-entertainment","11":"tag-entretenimiento","12":"tag-es","13":"tag-espana","14":"tag-fin","15":"tag-lista","16":"tag-mundo","17":"tag-nuevo","18":"tag-programa","19":"tag-spain","20":"tag-tve"},"share_on_mastodon":{"url":"https:\/\/pubeurope.com\/@es\/115538261148433343","error":""},"_links":{"self":[{"href":"https:\/\/www.europesays.com\/es\/wp-json\/wp\/v2\/posts\/232420","targetHints":{"allow":["GET"]}}],"collection":[{"href":"https:\/\/www.europesays.com\/es\/wp-json\/wp\/v2\/posts"}],"about":[{"href":"https:\/\/www.europesays.com\/es\/wp-json\/wp\/v2\/types\/post"}],"author":[{"embeddable":true,"href":"https:\/\/www.europesays.com\/es\/wp-json\/wp\/v2\/users\/2"}],"replies":[{"embeddable":true,"href":"https:\/\/www.europesays.com\/es\/wp-json\/wp\/v2\/comments?post=232420"}],"version-history":[{"count":0,"href":"https:\/\/www.europesays.com\/es\/wp-json\/wp\/v2\/posts\/232420\/revisions"}],"wp:featuredmedia":[{"embeddable":true,"href":"https:\/\/www.europesays.com\/es\/wp-json\/wp\/v2\/media\/232421"}],"wp:attachment":[{"href":"https:\/\/www.europesays.com\/es\/wp-json\/wp\/v2\/media?parent=232420"}],"wp:term":[{"taxonomy":"category","embeddable":true,"href":"https:\/\/www.europesays.com\/es\/wp-json\/wp\/v2\/categories?post=232420"},{"taxonomy":"post_tag","embeddable":true,"href":"https:\/\/www.europesays.com\/es\/wp-json\/wp\/v2\/tags?post=232420"}],"curies":[{"name":"wp","href":"https:\/\/api.w.org\/{rel}","templated":true}]}}