{"id":232427,"date":"2025-11-12T19:01:19","date_gmt":"2025-11-12T19:01:19","guid":{"rendered":"https:\/\/www.europesays.com\/es\/232427\/"},"modified":"2025-11-12T19:01:19","modified_gmt":"2025-11-12T19:01:19","slug":"la-jueza-de-la-dana-apunta-que-la-convocatoria-tardia-del-cecopi-impidio-salvar-vidas-noticias-de-la-comunidad-valenciana","status":"publish","type":"post","link":"https:\/\/www.europesays.com\/es\/232427\/","title":{"rendered":"La jueza de la dana apunta que la convocatoria tard\u00eda del Cecopi impidi\u00f3 salvar vidas | Noticias de la Comunidad Valenciana"},"content":{"rendered":"<p class=\"\"><a href=\"https:\/\/elpais.com\/noticias\/gota-fria\/\" target=\"_self\" rel=\"nofollow noopener\" title=\"https:\/\/elpais.com\/noticias\/gota-fria\/\">La jueza de Catarroja (Valencia) que investiga la dana<\/a>, Nuria Ruiz Tobarra, sostiene que la convocatoria tard\u00eda del Cecopi, el \u00f3rgano de la Generalitat que coordin\u00f3 la tragedia que el 29 de octubre de 2024 dej\u00f3 229 muertos en Valencia, impidi\u00f3 salvar vidas. <\/p>\n<p class=\"\">La magistrada critica que este dispositivo organizado para gestionar la cat\u00e1strofe \u2013en el que participaron 29 representantes de instituciones municipales, auton\u00f3micas y estatales- se convocara el d\u00eda de la dana a las 15.00 para celebrarse dos horas despu\u00e9s. Y que esta tardanza frustrara adoptar medidas para salvar vidas en municipios como Utiel (11.703 habitantes), donde el desbordamiento del r\u00edo Magro dej\u00f3 seis fallecidos. \u201c[El Cecopi] no se celebr\u00f3 inmediatamente tras su convocatoria. El retraso no s\u00f3lo era manifiesto con car\u00e1cter general para la organizaci\u00f3n de las medidas de protecci\u00f3n a la poblaci\u00f3n\u201d, se\u00f1ala la instructora en un auto notificado este mi\u00e9rcoles. <\/p>\n<p class=\"\">Pese a que la Agencia Estatal de Meteorolog\u00eda (Aemet) hab\u00eda decretado la alerta roja, la m\u00e1xima en la escala, a las 7.36 horas del d\u00eda de la tragedia, el Cecopi se celebr\u00f3 diez horas despu\u00e9s. Y arranc\u00f3 mientras el presidente de la Generalitat en funciones, Carlos Maz\u00f3n, del PP, disfrutaba de un almuerzo de casi cuatro horas (15.00-18.45) en el restaurante El Ventorro con la periodista Maribel Vilaplana. <\/p>\n<p class=\"\">Cuando comenz\u00f3 el Cecopi \u201cya no se pod\u00edan adoptar medidas para salvar la vida de las v\u00edctimas de Utiel, ya que, a dicha hora, hab\u00edan fallecido en su mayor\u00eda o estaban a punto de fallecer. Lo mismo sucedi\u00f3 en localidades como L\u2019Alcudia, Godelleta, Tur\u00eds y Torrent\u201d, lamenta la magistrada. <\/p>\n<p class=\"\">Adem\u00e1s del retraso, la jueza destaca las incidencias que registr\u00f3 el dispositivo. \u201cHubo cortes continuos y desconexiones de los intervinientes para reflexionar\u201d, detalla la jueza. Alude a los parones que impidieron a los participantes que se conectaron a trav\u00e9s de la aplicaci\u00f3n de v\u00eddeo Zoom, como la delegada del Gobierno en Valencia, la socialista Pilar Bernab\u00e9, seguir el debate sobre la medida m\u00e1s relevante de la jornada, el env\u00edo del mensaje masivo a m\u00f3viles. La notificaci\u00f3n lleg\u00f3 a los tel\u00e9fonos a las 20.11 horas, cuando la mayor\u00eda de los desaparecidos ya hab\u00eda fallecido. Y 17 minutos antes de que Maz\u00f3n aterrizara en el dispositivo que gestion\u00f3 la crisis. La jueza sostiene que si la alerta se hubiera enviado antes, se habr\u00edan salvado vidas. <\/p>\n<p class=\"\">En su \u00faltimo auto, la instructora recuerda tambi\u00e9n algunos fallecimientos \u2013los que menos- que se registraron tras el env\u00edo del mensaje a los tel\u00e9fonos. Pone como ejemplo la muerte de un menor en el municipio valenciano de Sot de Chera. \u201cLa mujer y su hija, de ocho a\u00f1os, pasaron la noche junto al cuerpo sin vida de su otro hijo menor\u201d, recuerda Ruiz Tobarra. <\/p>\n<p class=\"\">La falta de avisos -apunta la instructora- tambi\u00e9n potenci\u00f3 la magnitud de la tragedia. Y se refiere a los 37 fallecidos durante la riada que eran usuarios del servicio de teleasistencia de la Generalitat. \u201cEn el procedimiento, se acumulan decenas de testimonios de personas que vieron a sus allegados fallecer, familiares que avisaron a los servicios de emergencia con resultado nulo, que alertaban del lugar concreto donde estaban a punto de perecer, que se desped\u00edan, que intentaban sostener, a sus familiares, f\u00edsica y an\u00edmicamente, la grabaci\u00f3n de c\u00f3mo el agua arrastraba el coche donde iban dos\u201d, detalla la resoluci\u00f3n. <\/p>\n<p class=\"\">A ra\u00edz de una petici\u00f3n de la acusaci\u00f3n popular que ejerce en la causa Acci\u00f3 Cultural del Pa\u00eds Valenci\u00e0 (ACPV), la jueza ha decidido incorporar al sumario \u2013que ya suma 42 tomos- el documental de TVE Las horas cr\u00edticas. La instructora tambi\u00e9n requiere a la televisi\u00f3n p\u00fablica auton\u00f3mica \u00c0 Punt \u201clos brutos con imagen y sonido\u201d de este programa. Las im\u00e1genes muestran a Maz\u00f3n junto a la principal imputada en la causa, la exconsejera de Justicia e Interior durante la riada, Salom\u00e9 Pradas, en el Cecopi de L\u2019Eliana por la noche. <\/p>\n","protected":false},"excerpt":{"rendered":"La jueza de Catarroja (Valencia) que investiga la dana, Nuria Ruiz Tobarra, sostiene que la convocatoria tard\u00eda del&hellip;\n","protected":false},"author":2,"featured_media":223610,"comment_status":"","ping_status":"","sticky":false,"template":"","format":"standard","meta":{"footnotes":""},"categories":[8],"tags":[17,18,2007,12137,242,1681,25,24,13,14,238,11,19,20,9,10,15,16,55278,23,12,21,22],"class_list":{"0":"post-232427","1":"post","2":"type-post","3":"status-publish","4":"format-standard","5":"has-post-thumbnail","7":"category-espana","8":"tag-breaking-news","9":"tag-breakingnews","10":"tag-carlos-mazon","11":"tag-catastrofes","12":"tag-comunidad-valenciana","13":"tag-dana","14":"tag-es","15":"tag-espana","16":"tag-featured-news","17":"tag-featurednews","18":"tag-generalitat-valenciana","19":"tag-headlines","20":"tag-latest-news","21":"tag-latestnews","22":"tag-news","23":"tag-noticias","24":"tag-noticias-destacadas","25":"tag-noticiasdestacadas","26":"tag-salome-pradas","27":"tag-spain","28":"tag-titulares","29":"tag-ultimas-noticias","30":"tag-ultimasnoticias"},"share_on_mastodon":{"url":"https:\/\/pubeurope.com\/@es\/115538276357057125","error":""},"_links":{"self":[{"href":"https:\/\/www.europesays.com\/es\/wp-json\/wp\/v2\/posts\/232427","targetHints":{"allow":["GET"]}}],"collection":[{"href":"https:\/\/www.europesays.com\/es\/wp-json\/wp\/v2\/posts"}],"about":[{"href":"https:\/\/www.europesays.com\/es\/wp-json\/wp\/v2\/types\/post"}],"author":[{"embeddable":true,"href":"https:\/\/www.europesays.com\/es\/wp-json\/wp\/v2\/users\/2"}],"replies":[{"embeddable":true,"href":"https:\/\/www.europesays.com\/es\/wp-json\/wp\/v2\/comments?post=232427"}],"version-history":[{"count":0,"href":"https:\/\/www.europesays.com\/es\/wp-json\/wp\/v2\/posts\/232427\/revisions"}],"wp:featuredmedia":[{"embeddable":true,"href":"https:\/\/www.europesays.com\/es\/wp-json\/wp\/v2\/media\/223610"}],"wp:attachment":[{"href":"https:\/\/www.europesays.com\/es\/wp-json\/wp\/v2\/media?parent=232427"}],"wp:term":[{"taxonomy":"category","embeddable":true,"href":"https:\/\/www.europesays.com\/es\/wp-json\/wp\/v2\/categories?post=232427"},{"taxonomy":"post_tag","embeddable":true,"href":"https:\/\/www.europesays.com\/es\/wp-json\/wp\/v2\/tags?post=232427"}],"curies":[{"name":"wp","href":"https:\/\/api.w.org\/{rel}","templated":true}]}}