{"id":232429,"date":"2025-11-12T19:06:07","date_gmt":"2025-11-12T19:06:07","guid":{"rendered":"https:\/\/www.europesays.com\/es\/232429\/"},"modified":"2025-11-12T19:06:07","modified_gmt":"2025-11-12T19:06:07","slug":"arnaus-salva-una-siniestra-encrucijada-y-regresa-a-la-primera-division","status":"publish","type":"post","link":"https:\/\/www.europesays.com\/es\/232429\/","title":{"rendered":"Arnaus salva una siniestra encrucijada y regresa a la Primera divisi\u00f3n"},"content":{"rendered":"<p>&#13;<br \/>\n        &#13;<br \/>\n&#13;<br \/>\n        &#13;<\/p>\n<p>            <a href=\"https:\/\/ten-golf.com\/wp-content\/uploads\/2025\/11\/Magical-Kenya-Open-LRBF7P9977.jpg\" data-caption=\"Adri Arnaus. \u00a9 Golffile | Chris Omolo\" rel=\"nofollow noopener\" target=\"_blank\"><img decoding=\"async\" loading=\"lazy\" width=\"666\" height=\"444\" class=\"entry-thumb td-modal-image\" src=\"https:\/\/www.europesays.com\/es\/wp-content\/uploads\/2025\/11\/Magical-Kenya-Open-LRBF7P9977-666x444.jpg\"   alt=\"Adri Arnaus. \u00a9 Golffile | Chris Omolo\" title=\"Adri Arnaus. \u00a9 Golffile | Chris Omolo - Magical Kenya Open 2025\"\/><\/a>Adri Arnaus. \u00a9 Golffile | Chris Omolo<\/p>\n<p>            &#8211; Zander Lombard (-37) ha arrasado en la Final de la Escuela del DP World Tour, reventando todos los registros hist\u00f3ricos de este torneo a seis rondas que ha finalizado hoy en el Infinitum Golf de Tarragona. Nunca el ganador hab\u00eda superado el list\u00f3n de -30, pero es que el<\/p>\n<p>Para seguir leyendo, Suscr\u00edbete<\/p>\n<p>    Subscription OptionsMENSUAL<\/p>\n<p>Unlimited  Entradas<\/p>\n<p>Unlimited  Galer\u00edas<\/p>\n<p>Unlimited  \u00c1lbumes<\/p>\n<p>Unlimited  P\u00e1ginas<\/p>\n<p>ANUAL + LIBRO<\/p>\n<p>Unlimited  Entradas<\/p>\n<p>Unlimited  Galer\u00edas<\/p>\n<p>Unlimited  \u00c1lbumes<\/p>\n<p>Unlimited  P\u00e1ginas<\/p>\n<p>ANUAL<\/p>\n<p>Unlimited  Entradas<\/p>\n<p>Unlimited  Galer\u00edas<\/p>\n<p>Unlimited  \u00c1lbumes<\/p>\n<p>Unlimited  P\u00e1ginas<\/p>\n<p>    Recibe 30 mulligans para gastar en <a href=\"https:\/\/thegame.ten-golf.com\" target=\"_blank\" rel=\"nofollow noopener\">TheGame<\/a> junto a tu suscripci\u00f3n anual (al final de la temporada se quitar\u00e1n los mulligans no gastados)<\/p>\n<p>    Pincha <a href=\"https:\/\/ten-golf.com\/tengolf-pone-en-marcha-el-muro-de-pago-y-crea-el-club-tengolf\" target=\"_blank\" rel=\"nofollow noopener\">aqu\u00ed<\/a> para saber m\u00e1s sobre las distintas suscripciones<\/p>\n<p>        &#13;<br \/>\n&#13;<br \/>\n        &#13;<br \/>\n            &#13;<br \/>\n            &#13;<br \/>\n&#13;<\/p>\n<p class=\"join-telegram\"><img decoding=\"async\" class=\"loading\" src=\"https:\/\/www.europesays.com\/es\/wp-content\/uploads\/2025\/10\/telegram-icon.png\" alt=\"\"\/> S\u00edguenos tambi\u00e9n en <a href=\"https:\/\/telegram.org\/\" target=\"_blank\" style=\"font-weight: normal;\" rel=\"nofollow noopener\">Telegram<\/a> en el canal <a href=\"https:\/\/t.me\/tengolf\" target=\"_blank\" rel=\"nofollow\">@tengolf<\/a><\/p>\n<p>        &#13;<br \/>\n        <a class=\"will-load\" name=\"end-article\" data-id=\"post-212161\"\/>&#13;<\/p>\n","protected":false},"excerpt":{"rendered":"&#13; &#13; &#13; &#13; Adri Arnaus. \u00a9 Golffile | Chris Omolo &#8211; Zander Lombard (-37) ha arrasado en&hellip;\n","protected":false},"author":2,"featured_media":232430,"comment_status":"","ping_status":"","sticky":false,"template":"","format":"standard","meta":{"footnotes":""},"categories":[275],"tags":[15237,168,7316,25,28874,24,329,59171,40572,336,339,340,1909,1910,58014,23,167,60671],"class_list":{"0":"post-232429","1":"post","2":"type-post","3":"status-publish","4":"format-standard","5":"has-post-thumbnail","7":"category-golf","8":"tag-adri-arnaus","9":"tag-deportes","10":"tag-dp-world-tour","11":"tag-es","12":"tag-escuela-del-dp-world-tour","13":"tag-espana","14":"tag-golf","15":"tag-infinitum-golf","16":"tag-luis-masaveu","17":"tag-notificacion","18":"tag-portada-america","19":"tag-portada-global","20":"tag-portada-top","21":"tag-portada-top-america","22":"tag-santi-tarrio","23":"tag-spain","24":"tag-sports","25":"tag-zander-lombard"},"share_on_mastodon":{"url":"https:\/\/pubeurope.com\/@es\/115538296165196810","error":""},"_links":{"self":[{"href":"https:\/\/www.europesays.com\/es\/wp-json\/wp\/v2\/posts\/232429","targetHints":{"allow":["GET"]}}],"collection":[{"href":"https:\/\/www.europesays.com\/es\/wp-json\/wp\/v2\/posts"}],"about":[{"href":"https:\/\/www.europesays.com\/es\/wp-json\/wp\/v2\/types\/post"}],"author":[{"embeddable":true,"href":"https:\/\/www.europesays.com\/es\/wp-json\/wp\/v2\/users\/2"}],"replies":[{"embeddable":true,"href":"https:\/\/www.europesays.com\/es\/wp-json\/wp\/v2\/comments?post=232429"}],"version-history":[{"count":0,"href":"https:\/\/www.europesays.com\/es\/wp-json\/wp\/v2\/posts\/232429\/revisions"}],"wp:featuredmedia":[{"embeddable":true,"href":"https:\/\/www.europesays.com\/es\/wp-json\/wp\/v2\/media\/232430"}],"wp:attachment":[{"href":"https:\/\/www.europesays.com\/es\/wp-json\/wp\/v2\/media?parent=232429"}],"wp:term":[{"taxonomy":"category","embeddable":true,"href":"https:\/\/www.europesays.com\/es\/wp-json\/wp\/v2\/categories?post=232429"},{"taxonomy":"post_tag","embeddable":true,"href":"https:\/\/www.europesays.com\/es\/wp-json\/wp\/v2\/tags?post=232429"}],"curies":[{"name":"wp","href":"https:\/\/api.w.org\/{rel}","templated":true}]}}