{"id":232438,"date":"2025-11-12T19:13:21","date_gmt":"2025-11-12T19:13:21","guid":{"rendered":"https:\/\/www.europesays.com\/es\/232438\/"},"modified":"2025-11-12T19:13:21","modified_gmt":"2025-11-12T19:13:21","slug":"escuela-mirador-la-jalquilla-semillas","status":"publish","type":"post","link":"https:\/\/www.europesays.com\/es\/232438\/","title":{"rendered":"Escuela Mirador, La Jalquilla \/ Semillas"},"content":{"rendered":"<p><a class=\"js-image-size__link \" href=\"https:\/\/www.archdaily.cl\/cl\/1035944\/escuela-mirador-la-jalquilla-semillas\/691379f420caaa0001ef79af-escuela-mirador-la-jalquilla-semillas-foto\" rel=\"attachment nofollow noopener\" style=\"width: 100%; height: 100%;\" target=\"_blank\"><img decoding=\"async\" alt=\"Escuela Mirador, La Jalquilla \/ Semillas - Imagen 1 de 19\" data-nr-picture-id=\"691379f420caaa0001ef79af\" fetchpriority=\"high\" height=\"427\" itemprop=\"image\" loading=\"eager\" longdesc=\"https:\/\/www.archdaily.cl\/cl\/1035944\/escuela-mirador-la-jalquilla-semillas\/691379f420caaa0001ef79af-escuela-mirador-la-jalquilla-semillas-foto\" src=\"https:\/\/www.europesays.com\/es\/wp-content\/uploads\/2025\/11\/LJ_06_Exterior_Eleazar_Cuadros.jpg\" style=\"min-height: var(--featured-height, auto); aspect-ratio: auto 640 \/ 427\" width=\"640\"\/><\/a>\u00a9 Eleazar Cuadros<\/p>\n<p class=\"thumbs afd-desktop-e clearfix\"><a class=\"thumbs__link\" data-nr-picture-id=\"691379f420caaa0001ef79b2\" href=\"https:\/\/www.archdaily.cl\/cl\/1035944\/escuela-mirador-la-jalquilla-semillas\/691379f420caaa0001ef79b2-escuela-mirador-la-jalquilla-semillas-foto\" rel=\"attachment nofollow noopener\" target=\"_blank\"><img loading=\"lazy\" decoding=\"async\" alt=\"Escuela Mirador, La Jalquilla \/ Semillas - Fotograf\u00eda exterior, Concreto\" class=\"thumbs__img b-lazy\" data-nr-picture-id=\"691379f420caaa0001ef79b2\" data-pin-nopin=\"true\" src=\"https:\/\/www.europesays.com\/es\/wp-content\/uploads\/2025\/11\/LJ_10_Exterior_Eleazar_Cuadros.jpg\" height=\"125\" longdesc=\"https:\/\/www.archdaily.cl\/cl\/1035944\/escuela-mirador-la-jalquilla-semillas\/691379f420caaa0001ef79b2-escuela-mirador-la-jalquilla-semillas-foto\" title=\"\u00a9 Eleazar Cuadros\" width=\"125\"\/><\/a><a class=\"thumbs__link\" data-nr-picture-id=\"691379f520caaa0001ef79b4\" href=\"https:\/\/www.archdaily.cl\/cl\/1035944\/escuela-mirador-la-jalquilla-semillas\/691379f520caaa0001ef79b4-escuela-mirador-la-jalquilla-semillas-foto\" rel=\"attachment nofollow noopener\" target=\"_blank\"><img loading=\"lazy\" decoding=\"async\" alt=\"Escuela Mirador, La Jalquilla \/ Semillas - Fotograf\u00eda interior\" class=\"thumbs__img b-lazy\" data-nr-picture-id=\"691379f520caaa0001ef79b4\" data-pin-nopin=\"true\" src=\"https:\/\/www.europesays.com\/es\/wp-content\/uploads\/2025\/11\/LJ_12_Interior_techado_Eleazar_Cuadros_.jpg\" height=\"125\" longdesc=\"https:\/\/www.archdaily.cl\/cl\/1035944\/escuela-mirador-la-jalquilla-semillas\/691379f520caaa0001ef79b4-escuela-mirador-la-jalquilla-semillas-foto\" title=\"\u00a9 Eleazar Cuadros\" width=\"125\"\/><\/a><a class=\"thumbs__link\" data-nr-picture-id=\"691379f520caaa0001ef79b5\" href=\"https:\/\/www.archdaily.cl\/cl\/1035944\/escuela-mirador-la-jalquilla-semillas\/691379f520caaa0001ef79b5-escuela-mirador-la-jalquilla-semillas-foto\" rel=\"attachment nofollow noopener\" target=\"_blank\"><img loading=\"lazy\" decoding=\"async\" alt=\"Escuela Mirador, La Jalquilla \/ Semillas - Fotograf\u00eda interior, Escaleras\" class=\"thumbs__img b-lazy\" data-nr-picture-id=\"691379f520caaa0001ef79b5\" data-pin-nopin=\"true\" src=\"https:\/\/www.europesays.com\/es\/wp-content\/uploads\/2025\/11\/LJ_13_Interior_techado_Eleazar_Cuadros.jpg\" height=\"125\" longdesc=\"https:\/\/www.archdaily.cl\/cl\/1035944\/escuela-mirador-la-jalquilla-semillas\/691379f520caaa0001ef79b5-escuela-mirador-la-jalquilla-semillas-foto\" title=\"\u00a9 Eleazar Cuadros\" width=\"125\"\/><\/a><a class=\"thumbs__link\" data-nr-picture-id=\"69137c88f3234f018a737f4a\" href=\"https:\/\/www.archdaily.cl\/cl\/1035944\/escuela-mirador-la-jalquilla-semillas\/69137c88f3234f018a737f4a-escuela-mirador-la-jalquilla-semillas-foto\" rel=\"attachment nofollow noopener\" target=\"_blank\"><img loading=\"lazy\" decoding=\"async\" alt=\"Escuela Mirador, La Jalquilla \/ Semillas - Fotograf\u00eda exterior, Concreto\" class=\"thumbs__img b-lazy\" data-nr-picture-id=\"69137c88f3234f018a737f4a\" data-pin-nopin=\"true\" src=\"https:\/\/www.europesays.com\/es\/wp-content\/uploads\/2025\/11\/escuela-mirador-la-jalquilla-semillas_19.jpg\" height=\"125\" longdesc=\"https:\/\/www.archdaily.cl\/cl\/1035944\/escuela-mirador-la-jalquilla-semillas\/69137c88f3234f018a737f4a-escuela-mirador-la-jalquilla-semillas-foto\" title=\"\u00a9 Eleazar Cuadros\" width=\"125\"\/><\/a><a class=\"gallery-link afd-desktop-e\" href=\"https:\/\/www.archdaily.cl\/cl\/1035944\/escuela-mirador-la-jalquilla-semillas\/691379f420caaa0001ef79af-escuela-mirador-la-jalquilla-semillas-foto\" rel=\"nofollow noopener\" target=\"_blank\"><img decoding=\"async\" alt=\"Escuela Mirador, La Jalquilla \/ Semillas - M\u00e1s Im\u00e1genes\" class=\"thumbs__img b-lazy\" src=\"https:\/\/www.europesays.com\/es\/wp-content\/uploads\/2025\/11\/LJ_06_Exterior_Eleazar_Cuadros.jpg\" itemprop=\"image\" bad-src=\"data:image\/gif;base64,R0lGODlhAQABAIAAAAUEBAAAACwAAAAAAQABAAACAkQBADs=\"\/>+ 14<\/a><\/p>\n<p>    Compartir<\/p>\n<p>Compartir<\/p>\n<ul class=\"afd-share__networks clearfix\">\n<li class=\"afd-share__social\"><a aria-label=\"Facebook\" class=\"afd-share__button\" data-insights-category=\"share\" data-insights-label=\"facebook_sharing_options\" data-insights-value=\"1035944\" data-social=\"facebook\" href=\"https:\/\/www.facebook.com\/sharer\/sharer.php?u=https:\/\/www.archdaily.cl\/cl\/1035944\/escuela-mirador-la-jalquilla-semillas\" rel=\"nofollow noopener\" target=\"_blank\"><\/a>\n<p>Facebook<\/p>\n<\/li>\n<li class=\"afd-share__social\"><a aria-label=\"Twitter\" class=\"afd-share__button\" data-insights-category=\"share\" data-insights-label=\"twitter_sharing_options\" data-insights-value=\"1035944\" data-social=\"twitter\" href=\"https:\/\/twitter.com\/intent\/tweet?text=Escuela%20Mirador%2C%20La%20Jalquilla%20%2F%20Semillas&amp;url=https:\/\/www.archdaily.cl\/cl\/1035944\/escuela-mirador-la-jalquilla-semillas&amp;via=parq\" rel=\"nofollow noopener\" target=\"_blank\"><\/a>\n<p>Twitter<\/p>\n<\/li>\n<li class=\"afd-share__social\"><a class=\"afd-share__button\" data-insights-category=\"share\" data-insights-label=\"email_sharing_options\" data-insights-value=\"1035944\" data-social=\"email\" href=\"mailto:?subject=Escuela Mirador, La Jalquilla \/ Semillas&amp;body=https:\/\/www.archdaily.cl\/cl\/1035944\/escuela-mirador-la-jalquilla-semillas\"><\/a>\n<p>Mail<\/p>\n<\/li>\n<li class=\"afd-share__social\"><a aria-label=\"Pinterest\" class=\"afd-share__button\" data-insights-category=\"share\" data-insights-label=\"pinterest_sharing_options\" data-insights-value=\"1035944\" data-social=\"pinterest\" href=\"https:\/\/pinterest.com\/pin\/create\/button\/?url=https%3A%2F%2Fwww.archdaily.cl%2Fcl%2F1035944%2Fescuela-mirador-la-jalquilla-semillas&amp;media=https%3A%2F%2Fimages.adsttc.com%2Fmedia%2Fimages%2F6913%2F79f4%2F20ca%2Faa00%2F01ef%2F79af%2Flarge_jpg%2FLJ_06_Exterior_Eleazar_Cuadros.jpg%3F1762884099&amp;description=Escuela%20Mirador%2C%20La%20Jalquilla%20%2F%20Semillas\" rel=\"nofollow noopener\" target=\"_blank\"><\/a>\n<p>Pinterest<\/p>\n<\/li>\n<li class=\"afd-share__social\"><a aria-label=\"Whatsapp\" class=\"afd-share__button\" data-action=\"share\/whatsapp\/share\" data-insights-category=\"share\" data-insights-label=\"whatsapp_sharing_options\" data-insights-value=\"1035944\" data-social=\"whatsapp\" href=\"whatsapp:\/\/send?text=Escuela+Mirador%2C+La+Jalquilla+%2F+Semillas+%7C+https%3A%2F%2Fwww.archdaily.cl%2Fcl%2F1035944%2Fescuela-mirador-la-jalquilla-semillas%3Futm_source%3DWhatsapp%26utm_medium%3DIM%26utm_campaign%3Dshare-button\" rel=\"nofollow\"><\/a>\n<p>Whatsapp<\/p>\n<\/li>\n<\/ul>\n<p>O<\/p>\n<p>https:\/\/www.archdaily.cl\/cl\/1035944\/escuela-mirador-la-jalquilla-semillas<\/p>\n<p>  Portapapeles<\/p>\n<p>              \u00abCOPY\u00bb<\/p>\n<p>Copiar<\/p>\n<ul class=\"afd-char-list afd-specs__item-container js-char-list\">\n<li class=\"afd-specs__item\">\n<\/li>\n<li class=\"afd-specs__item\">\n  \u00c1rea<br \/>\n  \u00c1rea del proyecto de arquitectura <\/p>\n<p>\u00c1rea:\u00a0<br \/>\n        <a href=\"https:\/\/www.archdaily.cl\/search\/cl\/projects\/min_area\/1007\/max_area\/1510?ad_name=project-specs&amp;ad_medium=single\" rel=\"nofollow noopener\" target=\"_blank\">1259<\/a> m\u00b2<\/li>\n<li class=\"afd-specs__item\">\n<p>  A\u00f1o<br \/>\n  A\u00f1o del Proyecto de arquitectura<\/p>\n<p>            A\u00f1o:\u00a0<\/p>\n<p>                    <a href=\"https:\/\/www.archdaily.cl\/search\/cl\/projects\/year\/2024?ad_name=project-specs&amp;ad_medium=single\" rel=\"nofollow noopener\" target=\"_blank\"><br \/>\n          2024<br \/>\n        <\/a><\/p>\n<\/li>\n<li class=\"afd-specs__item\">\n<p>  Fot\u00f3grafos<\/p>\n<\/li>\n<\/ul>\n<p><a class=\"js-image-size__link lazy-anchor\" href=\"https:\/\/www.archdaily.cl\/cl\/1035944\/escuela-mirador-la-jalquilla-semillas\/69137c883682eb017f610a8d-escuela-mirador-la-jalquilla-semillas-foto\" rel=\"nofollow noopener\" target=\"_blank\"><img decoding=\"async\" alt=\"Escuela Mirador, La Jalquilla \/ Semillas - Fotograf\u00eda exterior\" data-nr-picture-id=\"69137c883682eb017f610a8d\" height=\"427\" itemprop=\"image\" loading=\"lazy\" longdesc=\"https:\/\/www.archdaily.cl\/cl\/1035944\/escuela-mirador-la-jalquilla-semillas\/69137c883682eb017f610a8d-escuela-mirador-la-jalquilla-semillas-foto\" src=\"https:\/\/www.europesays.com\/es\/wp-content\/uploads\/2025\/11\/escuela-mirador-la-jalquilla-semillas_18.jpg\" width=\"640\"\/>\u00a9 Eleazar Cuadros<\/a><\/p>\n<p><strong>Ra\u00edces y contexto. <\/strong>El proyecto \u00abEscuela mirador, La Jalquilla\u00bb se ubica en San Ignacio, en la regi\u00f3n Ceja de Selva, frontera con Ecuador, en Per\u00fa. Esta regi\u00f3n con una econom\u00eda centrada en el cultivo de caf\u00e9, enfrenta retos significativos por su aislamiento y la escasez de recursos. <strong>El proyecto busca revitalizar saberes y tradiciones locales, integrando la rica biodiversidad y cultura andina y amaz\u00f3nica en su propuesta.<\/strong> Beneficia a m\u00e1s de 110 estudiantes de primaria y secundaria, adem\u00e1s de proporcionar infraestructura deportiva y p\u00fablica para la comunidad. La escuela se erige como un camino integral que promueve el desarrollo educativo, fomentando el bienestar y fortaleciendo los v\u00ednculos con el entorno natural y cultural.<\/p>\n<p><a class=\"js-image-size__link lazy-anchor\" href=\"https:\/\/www.archdaily.cl\/cl\/1035944\/escuela-mirador-la-jalquilla-semillas\/691379f420caaa0001ef79b2-escuela-mirador-la-jalquilla-semillas-foto\" rel=\"nofollow noopener\" target=\"_blank\"><img decoding=\"async\" alt=\"Escuela Mirador, La Jalquilla \/ Semillas - Fotograf\u00eda exterior, Concreto\" data-nr-picture-id=\"691379f420caaa0001ef79b2\" height=\"427\" itemprop=\"image\" loading=\"lazy\" longdesc=\"https:\/\/www.archdaily.cl\/cl\/1035944\/escuela-mirador-la-jalquilla-semillas\/691379f420caaa0001ef79b2-escuela-mirador-la-jalquilla-semillas-foto\" src=\"https:\/\/www.europesays.com\/es\/wp-content\/uploads\/2025\/11\/1762974797_129_LJ_10_Exterior_Eleazar_Cuadros.jpg\" width=\"640\"\/>\u00a9 Eleazar Cuadros<\/a><a class=\"js-image-size__link lazy-anchor\" href=\"https:\/\/www.archdaily.cl\/cl\/1035944\/escuela-mirador-la-jalquilla-semillas\/691379f420caaa0001ef79ae-escuela-mirador-la-jalquilla-semillas-foto\" rel=\"nofollow noopener\" target=\"_blank\"><img decoding=\"async\" alt=\"Escuela Mirador, La Jalquilla \/ Semillas - Fotograf\u00eda exterior, Concreto\" data-nr-picture-id=\"691379f420caaa0001ef79ae\" height=\"427\" itemprop=\"image\" loading=\"lazy\" longdesc=\"https:\/\/www.archdaily.cl\/cl\/1035944\/escuela-mirador-la-jalquilla-semillas\/691379f420caaa0001ef79ae-escuela-mirador-la-jalquilla-semillas-foto\" src=\"https:\/\/www.europesays.com\/es\/wp-content\/uploads\/2025\/11\/LJ_05_Exterior_Eleazar_Cuadros.jpg\" width=\"640\"\/>\u00a9 Eleazar Cuadros<\/a><\/p>\n<p><strong>Uni\u00f3n de fuerzas. <\/strong>El proyecto enfrenta el desaf\u00edo de unir fondos de la cooperaci\u00f3n internacional con los del gobierno local en un contexto remoto y olvidado en el cual la participaci\u00f3n activa de la comunidad educativa ha sido esencial, demostrando c\u00f3mo la combinaci\u00f3n de lo p\u00fablico y lo privado puede servir de modelo inspirador para otras regiones.<\/p>\n<p><a class=\"js-image-size__link lazy-anchor\" href=\"https:\/\/www.archdaily.cl\/cl\/1035944\/escuela-mirador-la-jalquilla-semillas\/691379f520caaa0001ef79b5-escuela-mirador-la-jalquilla-semillas-foto\" rel=\"nofollow noopener\" target=\"_blank\"><img decoding=\"async\" alt=\"Escuela Mirador, La Jalquilla \/ Semillas - Fotograf\u00eda interior, Escaleras\" data-nr-picture-id=\"691379f520caaa0001ef79b5\" height=\"427\" itemprop=\"image\" loading=\"lazy\" longdesc=\"https:\/\/www.archdaily.cl\/cl\/1035944\/escuela-mirador-la-jalquilla-semillas\/691379f520caaa0001ef79b5-escuela-mirador-la-jalquilla-semillas-foto\" src=\"https:\/\/www.europesays.com\/es\/wp-content\/uploads\/2025\/11\/1762974798_816_LJ_13_Interior_techado_Eleazar_Cuadros.jpg\" width=\"640\"\/>\u00a9 Eleazar Cuadros<\/a><a class=\"js-image-size__link lazy-anchor\" href=\"https:\/\/www.archdaily.cl\/cl\/1035944\/escuela-mirador-la-jalquilla-semillas\/691379f520caaa0001ef79b4-escuela-mirador-la-jalquilla-semillas-foto\" rel=\"nofollow noopener\" target=\"_blank\"><img decoding=\"async\" alt=\"Escuela Mirador, La Jalquilla \/ Semillas - Fotograf\u00eda interior\" data-nr-picture-id=\"691379f520caaa0001ef79b4\" height=\"427\" itemprop=\"image\" loading=\"lazy\" longdesc=\"https:\/\/www.archdaily.cl\/cl\/1035944\/escuela-mirador-la-jalquilla-semillas\/691379f520caaa0001ef79b4-escuela-mirador-la-jalquilla-semillas-foto\" src=\"https:\/\/www.europesays.com\/es\/wp-content\/uploads\/2025\/11\/1762974798_302_LJ_12_Interior_techado_Eleazar_Cuadros_.jpg\" width=\"640\"\/>\u00a9 Eleazar Cuadros<\/a><\/p>\n<p>A trav\u00e9s de talleres participativos, la comunidad desarroll\u00f3 una visi\u00f3n compartida para la escuela, convirti\u00e9ndola en un espacio sostenible y productivo. <strong>Esta escuela rompe con la estandarizaci\u00f3n de espacios de las escuelas p\u00fablicas en Per\u00fa, convirti\u00e9ndose en el coraz\u00f3n de la comunidad desde el cual los saberes se expanden al campo y a los cultivos.<\/strong> Este enfoque reafirma la importancia de crear espacios que respeten, amen y cuiden los recursos de la tierra, convirtiendo el proyecto en un catalizador de transformaci\u00f3n local.<\/p>\n<p><a class=\"js-image-size__link lazy-anchor\" href=\"https:\/\/www.archdaily.cl\/cl\/1035944\/escuela-mirador-la-jalquilla-semillas\/691379f520caaa0001ef79bc-escuela-mirador-la-jalquilla-semillas-planta-nivel-0\" rel=\"nofollow noopener\" target=\"_blank\"><img decoding=\"async\" alt=\"Escuela Mirador, La Jalquilla \/ Semillas - Imagen 16 de 19\" data-nr-picture-id=\"691379f520caaa0001ef79bc\" height=\"427\" itemprop=\"image\" loading=\"lazy\" longdesc=\"https:\/\/www.archdaily.cl\/cl\/1035944\/escuela-mirador-la-jalquilla-semillas\/691379f520caaa0001ef79bc-escuela-mirador-la-jalquilla-semillas-planta-nivel-0\" src=\"https:\/\/www.europesays.com\/es\/wp-content\/uploads\/2025\/11\/LJ_Planta.jpg\" width=\"640\"\/>Planta nivel 0<\/a><a class=\"js-image-size__link lazy-anchor\" href=\"https:\/\/www.archdaily.cl\/cl\/1035944\/escuela-mirador-la-jalquilla-semillas\/691379f520caaa0001ef79b9-escuela-mirador-la-jalquilla-semillas-corte-bioclimatico\" rel=\"nofollow noopener\" target=\"_blank\"><img decoding=\"async\" alt=\"Escuela Mirador, La Jalquilla \/ Semillas - Imagen 17 de 19\" data-nr-picture-id=\"691379f520caaa0001ef79b9\" height=\"427\" itemprop=\"image\" loading=\"lazy\" longdesc=\"https:\/\/www.archdaily.cl\/cl\/1035944\/escuela-mirador-la-jalquilla-semillas\/691379f520caaa0001ef79b9-escuela-mirador-la-jalquilla-semillas-corte-bioclimatico\" src=\"https:\/\/www.europesays.com\/es\/wp-content\/uploads\/2025\/11\/LJ_Corte_bioclimatico.jpg\" width=\"640\"\/>Corte bioclim\u00e1tico<\/a><\/p>\n<p><strong>Conexi\u00f3n espacios y naturaleza. <\/strong>El programa arquitect\u00f3nico se conforma por seis aulas, servicios, almacenes, cocina, direcci\u00f3n, sala de profesores, y una biblio-mediateca, junto con amplias \u00e1reas techadas multiusos. <strong>Los vol\u00famenes de ladrillo con techos a doble ca\u00edda crean p\u00f3rticos amplios y zonas de sombra, mientras que la orientaci\u00f3n norte-sur de las aulas optimiza la iluminaci\u00f3n natural indirecta. <\/strong>Este dise\u00f1o no solo permite un juego de sombras din\u00e1mico, sino que tambi\u00e9n genera espacios intermedios y plazas que conectan visualmente con el paisaje y el campo deportivo.<\/p>\n<p><a class=\"js-image-size__link lazy-anchor\" href=\"https:\/\/www.archdaily.cl\/cl\/1035944\/escuela-mirador-la-jalquilla-semillas\/691379f520caaa0001ef79b6-escuela-mirador-la-jalquilla-semillas-foto\" rel=\"nofollow noopener\" target=\"_blank\"><img decoding=\"async\" alt=\"Escuela Mirador, La Jalquilla \/ Semillas - Fotograf\u00eda interior\" data-nr-picture-id=\"691379f520caaa0001ef79b6\" height=\"427\" itemprop=\"image\" loading=\"lazy\" longdesc=\"https:\/\/www.archdaily.cl\/cl\/1035944\/escuela-mirador-la-jalquilla-semillas\/691379f520caaa0001ef79b6-escuela-mirador-la-jalquilla-semillas-foto\" src=\"https:\/\/www.europesays.com\/es\/wp-content\/uploads\/2025\/11\/LJ_14_Exterior_techado_Eleazar_Cuadros.jpg\" width=\"640\"\/>\u00a9 Eleazar Cuadros<\/a><a class=\"js-image-size__link lazy-anchor\" href=\"https:\/\/www.archdaily.cl\/cl\/1035944\/escuela-mirador-la-jalquilla-semillas\/69137c8811d9560188baea95-escuela-mirador-la-jalquilla-semillas-foto\" rel=\"nofollow noopener\" target=\"_blank\"><img decoding=\"async\" alt=\"Escuela Mirador, La Jalquilla \/ Semillas - Fotograf\u00eda interior, Pilares, Concreto\" data-nr-picture-id=\"69137c8811d9560188baea95\" height=\"427\" itemprop=\"image\" loading=\"lazy\" longdesc=\"https:\/\/www.archdaily.cl\/cl\/1035944\/escuela-mirador-la-jalquilla-semillas\/69137c8811d9560188baea95-escuela-mirador-la-jalquilla-semillas-foto\" src=\"https:\/\/www.europesays.com\/es\/wp-content\/uploads\/2025\/11\/escuela-mirador-la-jalquilla-semillas_16.jpg\" width=\"640\"\/>\u00a9 Eleazar Cuadros<\/a><\/p>\n<p><strong>El uso de bamb\u00fa en los cercos y la integraci\u00f3n de huertas escolares reflejan el concepto de escuela rural productiva, promoviendo la sostenibilidad y el v\u00ednculo con el entorno natural.<\/strong> Los espacios exteriores se convierten en extensiones del aula, fomentando el aprendizaje pr\u00e1ctico y el respeto por la biodiversidad local.<\/p>\n<p><a class=\"js-image-size__link lazy-anchor\" href=\"https:\/\/www.archdaily.cl\/cl\/1035944\/escuela-mirador-la-jalquilla-semillas\/691379f120caaa0001ef79aa-escuela-mirador-la-jalquilla-semillas-foto\" rel=\"nofollow noopener\" target=\"_blank\"><img decoding=\"async\" alt=\"Escuela Mirador, La Jalquilla \/ Semillas - Imagen 6 de 19\" data-nr-picture-id=\"691379f120caaa0001ef79aa\" height=\"427\" itemprop=\"image\" loading=\"lazy\" longdesc=\"https:\/\/www.archdaily.cl\/cl\/1035944\/escuela-mirador-la-jalquilla-semillas\/691379f120caaa0001ef79aa-escuela-mirador-la-jalquilla-semillas-foto\" src=\"https:\/\/www.europesays.com\/es\/wp-content\/uploads\/2025\/11\/LJ_01_Contexto_Eleazar_Cuadros.jpg\" width=\"640\"\/>\u00a9 Eleazar Cuadros<\/a><\/p>\n<p><strong>Futuro sostenible. <\/strong>Este proyecto busca proporcionar un espacio de aprendizaje catalizador comunitario, promoviendo un futuro sostenible que honra las ra\u00edces locales, la naturaleza y la comunidad abrazando la modernidad y la innovaci\u00f3n.<\/p>\n<p>      <script async src=\"https:\/\/platform.twitter.com\/widgets.js\" charset=\"utf-8\"><\/script><\/p>\n","protected":false},"excerpt":{"rendered":"\u00a9 Eleazar Cuadros + 14 Compartir Compartir Facebook Twitter Mail Pinterest Whatsapp O https:\/\/www.archdaily.cl\/cl\/1035944\/escuela-mirador-la-jalquilla-semillas Portapapeles \u00abCOPY\u00bb Copiar \u00c1rea&hellip;\n","protected":false},"author":2,"featured_media":232439,"comment_status":"","ping_status":"","sticky":false,"template":"","format":"standard","meta":{"footnotes":""},"categories":[173],"tags":[801,30045,229,233,231,230,60672,232,234,146,147,25,419,24,23],"class_list":{"0":"post-232438","1":"post","2":"type-post","3":"status-publish","4":"format-standard","5":"has-post-thumbnail","7":"category-arte-y-diseno","8":"tag-arquitectura","9":"tag-arquitectura-educacional","10":"tag-arte","11":"tag-arte-y-diseno","12":"tag-arts","13":"tag-arts-and-design","14":"tag-cajamarca","15":"tag-design","16":"tag-diseno","17":"tag-entertainment","18":"tag-entretenimiento","19":"tag-es","20":"tag-escuelas","21":"tag-espana","22":"tag-spain"},"share_on_mastodon":{"url":"https:\/\/pubeurope.com\/@es\/115538324572770340","error":""},"_links":{"self":[{"href":"https:\/\/www.europesays.com\/es\/wp-json\/wp\/v2\/posts\/232438","targetHints":{"allow":["GET"]}}],"collection":[{"href":"https:\/\/www.europesays.com\/es\/wp-json\/wp\/v2\/posts"}],"about":[{"href":"https:\/\/www.europesays.com\/es\/wp-json\/wp\/v2\/types\/post"}],"author":[{"embeddable":true,"href":"https:\/\/www.europesays.com\/es\/wp-json\/wp\/v2\/users\/2"}],"replies":[{"embeddable":true,"href":"https:\/\/www.europesays.com\/es\/wp-json\/wp\/v2\/comments?post=232438"}],"version-history":[{"count":0,"href":"https:\/\/www.europesays.com\/es\/wp-json\/wp\/v2\/posts\/232438\/revisions"}],"wp:featuredmedia":[{"embeddable":true,"href":"https:\/\/www.europesays.com\/es\/wp-json\/wp\/v2\/media\/232439"}],"wp:attachment":[{"href":"https:\/\/www.europesays.com\/es\/wp-json\/wp\/v2\/media?parent=232438"}],"wp:term":[{"taxonomy":"category","embeddable":true,"href":"https:\/\/www.europesays.com\/es\/wp-json\/wp\/v2\/categories?post=232438"},{"taxonomy":"post_tag","embeddable":true,"href":"https:\/\/www.europesays.com\/es\/wp-json\/wp\/v2\/tags?post=232438"}],"curies":[{"name":"wp","href":"https:\/\/api.w.org\/{rel}","templated":true}]}}