{"id":232457,"date":"2025-11-12T19:34:12","date_gmt":"2025-11-12T19:34:12","guid":{"rendered":"https:\/\/www.europesays.com\/es\/232457\/"},"modified":"2025-11-12T19:34:12","modified_gmt":"2025-11-12T19:34:12","slug":"carlos-diez-gana-el-social-de-guara","status":"publish","type":"post","link":"https:\/\/www.europesays.com\/es\/232457\/","title":{"rendered":"Carlos D\u00edez gana el Social de Guara"},"content":{"rendered":"<p class=\"paragraph\">El pasado fin de semana se disput\u00f3 en las instalaciones de Golf Guara el esperado torneo social,<b> nuevamente con el patrocinio de Feder\u00f3pticos P\u00e9rez Bolea.<\/b><\/p>\n<p class=\"paragraph\">El torneo se jug\u00f3 a 18 hoyos, bajo la modalidad Medal Play. En total hubo casi 70 participantes, las temperaturas fueron muy superiores a las que estamos acostumbrados en estas fechas por lo que los jugadores <b>pudieron disfrutar de unas excelentes jornadas para la pr\u00e1ctica del deporte de los palos.<\/b><\/p>\n<p class=\"paragraph\">Este torneo es un cl\u00e1sico y se animan a apuntarse los socios y abonados que no juegan ninguna otra prueba durante la temporada. Es la excusa para disfrutar de <b>este maravilloso deporte y del buen ambiente <\/b>que se respira. Se jug\u00f3 en las ma\u00f1anas tanto de s\u00e1bado como de domingo.<\/p>\n<p class=\"paragraph\">En cuanto a la clasificaci\u00f3n por h\u00e1ndicap, en la primera categor\u00eda el vencedor fue Nacho Iguacel con 72 golpes. Con los mismos golpes se situ\u00f3 Fernando Tresaco, segundo en el podio. <b>Toni Moline fue el ganador en la segunda categor\u00eda con 70 golpes, <\/b>seguido de cerca por Jorge Fumanal con 73.<\/p>\n<p class=\"paragraph\">Adem\u00e1s, hubo premio al mejor scratch, a manos de Oscar Pinto con 79 golpes. Conchi Orus destac\u00f3 entre las damas y se impuso al lograr 80 golpes.<\/p>\n<p class=\"paragraph\">Tambi\u00e9n hubo distinciones especiales a la bola m\u00e1s cercana en el hoyo 4\/13, que consigui\u00f3 Jos\u00e9 M\u00aa Barrabes, y Luca Zingarello <b>se llev\u00f3 el driver m\u00e1s largo en el hoyo 3\/12. Ambos recibieron gafas de sol RayBan<\/b><\/p>\n<p class=\"paragraph\">Carlos D\u00edez se proclamaba ganador del Campeonato Social de Golf Guara 2025. Se adjudic\u00f3 el triunfo merced a su recorrido, en el que present\u00f3 una excelente tarjeta con 67 golpes. <b>D\u00edez ver\u00e1 su nombre inscrito en el cuadro de campeones que se encuentra en la Casa Club.<\/b><\/p>\n<p class=\"paragraph\">Todos los vencedores fueron premiados con gafas de sol de las marcas Evil Eye y David Beckham, gentileza del patrocinador. <b>Conchi Or\u00fas recibi\u00f3 una bolsa de la firma Balenciaga.<\/b><\/p>\n<p class=\"paragraph\">Una vez concluida la prueba deportiva, \u00c1lvaro P\u00e9rez, de Feder\u00f3pticos P\u00e9rez Bolea, procedi\u00f3 a entregar los excelentes premios de las diferentes categor\u00edas. Para los menos afortunados en la clasificaci\u00f3n se sortearon diversos regalos de Feder\u00f3pticos P\u00e9rez Bolea y green fees en clubes de Arag\u00f3n y resto de la geograf\u00eda espa\u00f1ola. T<b>odos los jugadores coincidieron en alabar la calidad de los premios <\/b>y el buen ambiente que se respir\u00f3 ambos d\u00edas en el campo altoaragon\u00e9s.<\/p>\n","protected":false},"excerpt":{"rendered":"El pasado fin de semana se disput\u00f3 en las instalaciones de Golf Guara el esperado torneo social, nuevamente&hellip;\n","protected":false},"author":2,"featured_media":232458,"comment_status":"","ping_status":"","sticky":false,"template":"","format":"standard","meta":{"footnotes":""},"categories":[275],"tags":[415,168,1630,25,24,4355,329,60674,2930,23,167],"class_list":{"0":"post-232457","1":"post","2":"type-post","3":"status-publish","4":"format-standard","5":"has-post-thumbnail","7":"category-golf","8":"tag-carlos","9":"tag-deportes","10":"tag-diez","11":"tag-es","12":"tag-espana","13":"tag-gana","14":"tag-golf","15":"tag-guara","16":"tag-social","17":"tag-spain","18":"tag-sports"},"share_on_mastodon":{"url":"https:\/\/pubeurope.com\/@es\/115538405875495490","error":""},"_links":{"self":[{"href":"https:\/\/www.europesays.com\/es\/wp-json\/wp\/v2\/posts\/232457","targetHints":{"allow":["GET"]}}],"collection":[{"href":"https:\/\/www.europesays.com\/es\/wp-json\/wp\/v2\/posts"}],"about":[{"href":"https:\/\/www.europesays.com\/es\/wp-json\/wp\/v2\/types\/post"}],"author":[{"embeddable":true,"href":"https:\/\/www.europesays.com\/es\/wp-json\/wp\/v2\/users\/2"}],"replies":[{"embeddable":true,"href":"https:\/\/www.europesays.com\/es\/wp-json\/wp\/v2\/comments?post=232457"}],"version-history":[{"count":0,"href":"https:\/\/www.europesays.com\/es\/wp-json\/wp\/v2\/posts\/232457\/revisions"}],"wp:featuredmedia":[{"embeddable":true,"href":"https:\/\/www.europesays.com\/es\/wp-json\/wp\/v2\/media\/232458"}],"wp:attachment":[{"href":"https:\/\/www.europesays.com\/es\/wp-json\/wp\/v2\/media?parent=232457"}],"wp:term":[{"taxonomy":"category","embeddable":true,"href":"https:\/\/www.europesays.com\/es\/wp-json\/wp\/v2\/categories?post=232457"},{"taxonomy":"post_tag","embeddable":true,"href":"https:\/\/www.europesays.com\/es\/wp-json\/wp\/v2\/tags?post=232457"}],"curies":[{"name":"wp","href":"https:\/\/api.w.org\/{rel}","templated":true}]}}