{"id":232459,"date":"2025-11-12T19:35:16","date_gmt":"2025-11-12T19:35:16","guid":{"rendered":"https:\/\/www.europesays.com\/es\/232459\/"},"modified":"2025-11-12T19:35:16","modified_gmt":"2025-11-12T19:35:16","slug":"jannik-sinner-alexander-zverev-en-directo-fase-de-grupos-de-las-atp-finals-hoy-en-vivo-online","status":"publish","type":"post","link":"https:\/\/www.europesays.com\/es\/232459\/","title":{"rendered":"Jannik Sinner-Alexander Zverev, en directo: fase de grupos de las ATP Finals hoy en vivo online"},"content":{"rendered":"<p class=\"ev-title\">Las cuentas del grupo Bjorn Borg<\/p>\n<p><strong>Si Sinner vence esta noche, se clasificar\u00eda\u00a0para semifinales<\/strong>, Shelton quedar\u00eda matem\u00e1ticamente eliminado y tanto Zverev como\u00a0Auger-Aliassime <strong>se jugar\u00edan el pase a la siguiente fase en la \u00faltima jornada<\/strong>.<\/p>\n<p><strong>Si Zverev sale ganador, avanzar\u00eda a semifinales<\/strong> y sus tres compa\u00f1eros de grupo se jugar\u00edan la clasificaci\u00f3n\u00a0en la \u00faltima jornada, donde se disputar\u00e1n estos partidos: <strong>Sinner-Shelton y Zverev-Auger-Aliassime<\/strong>.<\/p>\n","protected":false},"excerpt":{"rendered":"Las cuentas del grupo Bjorn Borg Si Sinner vence esta noche, se clasificar\u00eda\u00a0para semifinales, Shelton quedar\u00eda matem\u00e1ticamente eliminado&hellip;\n","protected":false},"author":2,"featured_media":232460,"comment_status":"","ping_status":"","sticky":false,"template":"","format":"standard","meta":{"footnotes":""},"categories":[274],"tags":[168,25,24,23,167,327,326],"class_list":{"0":"post-232459","1":"post","2":"type-post","3":"status-publish","4":"format-standard","5":"has-post-thumbnail","7":"category-tenis","8":"tag-deportes","9":"tag-es","10":"tag-espana","11":"tag-spain","12":"tag-sports","13":"tag-tenis","14":"tag-tennis"},"share_on_mastodon":{"url":"https:\/\/pubeurope.com\/@es\/115538409806932864","error":""},"_links":{"self":[{"href":"https:\/\/www.europesays.com\/es\/wp-json\/wp\/v2\/posts\/232459","targetHints":{"allow":["GET"]}}],"collection":[{"href":"https:\/\/www.europesays.com\/es\/wp-json\/wp\/v2\/posts"}],"about":[{"href":"https:\/\/www.europesays.com\/es\/wp-json\/wp\/v2\/types\/post"}],"author":[{"embeddable":true,"href":"https:\/\/www.europesays.com\/es\/wp-json\/wp\/v2\/users\/2"}],"replies":[{"embeddable":true,"href":"https:\/\/www.europesays.com\/es\/wp-json\/wp\/v2\/comments?post=232459"}],"version-history":[{"count":0,"href":"https:\/\/www.europesays.com\/es\/wp-json\/wp\/v2\/posts\/232459\/revisions"}],"wp:featuredmedia":[{"embeddable":true,"href":"https:\/\/www.europesays.com\/es\/wp-json\/wp\/v2\/media\/232460"}],"wp:attachment":[{"href":"https:\/\/www.europesays.com\/es\/wp-json\/wp\/v2\/media?parent=232459"}],"wp:term":[{"taxonomy":"category","embeddable":true,"href":"https:\/\/www.europesays.com\/es\/wp-json\/wp\/v2\/categories?post=232459"},{"taxonomy":"post_tag","embeddable":true,"href":"https:\/\/www.europesays.com\/es\/wp-json\/wp\/v2\/tags?post=232459"}],"curies":[{"name":"wp","href":"https:\/\/api.w.org\/{rel}","templated":true}]}}