{"id":232461,"date":"2025-11-12T19:38:15","date_gmt":"2025-11-12T19:38:15","guid":{"rendered":"https:\/\/www.europesays.com\/es\/232461\/"},"modified":"2025-11-12T19:38:15","modified_gmt":"2025-11-12T19:38:15","slug":"paris-basketball-valencia-basket-horario-y-donde-ver-el-partido-de-euroliga-en-directo","status":"publish","type":"post","link":"https:\/\/www.europesays.com\/es\/232461\/","title":{"rendered":"Paris Basketball &#8211; Valencia Basket: horario y d\u00f3nde ver el partido de Euroliga en directo"},"content":{"rendered":"<p class=\"ft-text\">La <a class=\"ft-link ft-link--decoration\" href=\"https:\/\/www.superdeporte.es\/valencia-basket\/2025\/09\/30\/euroliga-valencia-basket-roig-arena-121461705.html\" target=\"_blank\" rel=\"nofollow noopener\"><strong>Euroliga<\/strong><\/a><strong> <\/strong>se presentaba con fuerza esta semana al Roig Arena con la <a class=\"ft-link ft-link--decoration\" href=\"https:\/\/www.superdeporte.es\/valencia-basket\/2025\/11\/11\/valencia-basket-vibrar-roig-arena-123615186.html\" target=\"_blank\" rel=\"nofollow noopener\">victoria del Valencia Basket frente al siempre poderoso <\/a><a class=\"ft-link ft-link--decoration\" href=\"https:\/\/www.superdeporte.es\/valencia-basket\/2025\/11\/11\/valencia-basket-vibrar-roig-arena-123615186.html\" target=\"_blank\" rel=\"nofollow noopener\"><strong>Real Madrid <\/strong><\/a><a class=\"ft-link ft-link--decoration\" href=\"https:\/\/www.superdeporte.es\/valencia-basket\/2025\/11\/11\/valencia-basket-vibrar-roig-arena-123615186.html\" target=\"_blank\" rel=\"nofollow noopener\">este martes<\/a>. S\u00f3lo 48 horas despu\u00e9s, los valencianos tienen otra cita europea, en este caso ante el Par\u00eds en la capital gala. El equipo de Pedro Mart\u00ednez mantiene el liderato en la competici\u00f3n dom\u00e9stica a pesar de haber perdido su \u00faltima cita, pero ahora se centra de nuevo en una nivelada Euroliga en cuya clasificaci\u00f3n ocupa puesto de zona alta.<\/p>\n<p><img decoding=\"async\" src=\"https:\/\/www.europesays.com\/es\/wp-content\/uploads\/2025\/11\/307817f8-05ac-41a4-87f5-39fbbab00c93_alta-libre-aspect-ratio_default_0.jpg\" width=\"1200\" height=\"801\" alt=\"Pedro Mart\u00ednez, con gesto serio durante el Covir\u00e1n Granada - Valencia Basket\" class=\"ft-helper-img-rd\" loading=\"lazy\"\/><\/p>\n<p class=\"ft-helper-fontColor-quaternary ft-helper-fontSize-body-S ft-helper-spacer-t-xxs\">Pedro Mart\u00ednez, con gesto serio durante el Covir\u00e1n Granada &#8211; Valencia Basket  \/ acb Photo \/ Ferm\u00edn Rodr\u00edguez<\/p>\n<p class=\"ft-text\">Ahora el Adidas Arena se prepara para recibir a uno de esos equipos aspirantes a todo. <strong>El Valencia Basket buscar\u00e1 su s\u00e9ptima victoria, mientras que los franceses quieren marcar la quinta.<\/strong> El equipo parisino est\u00e1 dirigido por Franceso Tabellini, que tiene una plantilla poderosa en el aspecto ofensivo. Y no hay mayor prueba de ello que analizar sus registros anotadores. S\u00f3lo Hapoel y el propio Valencia Basket anotan m\u00e1s que ellos de media: 89,6. Dicho esto, se espera un duelo de muchos puntos.<\/p>\n<p class=\"ft-text\">El jugador m\u00e1s peligroso es el franc\u00e9s <strong>Nadir Hifi, quien ronda los 22 puntos de media<\/strong>. Una barbaridad. Tambi\u00e9n destaca <strong>Justin Robinson<\/strong>, un habilidoso y r\u00e1pido exterior estadounidense de apenas 185 cent\u00edmetros. Es importante que Pedro Mart\u00ednez sea capaz de dise\u00f1ar un juego efectivo para frenarles.<\/p>\n<p class=\"ft-text\">Los aficionados del <a class=\"ft-link ft-link--decoration\" href=\"https:\/\/www.superdeporte.es\/valencia-basket\/\" target=\"_blank\" rel=\"nofollow noopener\">Valencia Basket<\/a> vivir\u00e1n esta semana otro partido vibrante en la Euroliga tras <strong>doblegar el martes al Real Madrid en el Roig Arena<\/strong>. El partido se podr\u00e1 ver a trav\u00e9s de varios canales tanto por televisi\u00f3n como en redes sociales.<\/p>\n<p class=\"ft-text\">As\u00ed pues, el partido se emitir\u00e1 en <strong>Movistar+ Deportes<\/strong>. Este canal solo se podr\u00e1 seguir a trav\u00e9s de la misma plataforma, que emite los partidos de la Euroliga en exclusiva. Por otro lado, el <a class=\"ft-link ft-link--decoration\" href=\"https:\/\/www.valenciabasket.com\/portada\" rel=\"nofollow noopener\" target=\"_blank\">Valencia Basket <\/a>retransmitir\u00e1 el partido a trav\u00e9s de sus redes sociales.<\/p>\n<p class=\"ft-text\">Estas son las opciones para seguir el Par\u00eds Basketball &#8211; Valencia Basket de <strong>este jueves 13 de noviembre a las 20:45 horas<\/strong>. Por \u00faltimo puedes seguir el duelo en <a class=\"ft-link ft-link--decoration\" href=\"https:\/\/www.superdeporte.es\/\" target=\"_blank\" rel=\"nofollow noopener\">SUPER<\/a> con toda la previa y el pospartido, adem\u00e1s de nuestro<strong> <\/strong>minuto a minuto en directo.<\/p>\n","protected":false},"excerpt":{"rendered":"La Euroliga se presentaba con fuerza esta semana al Roig Arena con la victoria del Valencia Basket frente&hellip;\n","protected":false},"author":2,"featured_media":232462,"comment_status":"","ping_status":"","sticky":false,"template":"","format":"standard","meta":{"footnotes":""},"categories":[269],"tags":[299,298,168,25,24,51879,60675,60676,60678,60677,2915,23,167],"class_list":{"0":"post-232461","1":"post","2":"type-post","3":"status-publish","4":"format-standard","5":"has-post-thumbnail","7":"category-baloncesto","8":"tag-baloncesto","9":"tag-basketball","10":"tag-deportes","11":"tag-es","12":"tag-espana","13":"tag-euroliga-en-directo","14":"tag-euroliga-por-television","15":"tag-paris-basketball","16":"tag-paris-basketball-valencia-basket-directo","17":"tag-paris-basketball-valencia-basket-euroliga","18":"tag-roig-arena","19":"tag-spain","20":"tag-sports"},"share_on_mastodon":{"url":"https:\/\/pubeurope.com\/@es\/115538422049823710","error":""},"_links":{"self":[{"href":"https:\/\/www.europesays.com\/es\/wp-json\/wp\/v2\/posts\/232461","targetHints":{"allow":["GET"]}}],"collection":[{"href":"https:\/\/www.europesays.com\/es\/wp-json\/wp\/v2\/posts"}],"about":[{"href":"https:\/\/www.europesays.com\/es\/wp-json\/wp\/v2\/types\/post"}],"author":[{"embeddable":true,"href":"https:\/\/www.europesays.com\/es\/wp-json\/wp\/v2\/users\/2"}],"replies":[{"embeddable":true,"href":"https:\/\/www.europesays.com\/es\/wp-json\/wp\/v2\/comments?post=232461"}],"version-history":[{"count":0,"href":"https:\/\/www.europesays.com\/es\/wp-json\/wp\/v2\/posts\/232461\/revisions"}],"wp:featuredmedia":[{"embeddable":true,"href":"https:\/\/www.europesays.com\/es\/wp-json\/wp\/v2\/media\/232462"}],"wp:attachment":[{"href":"https:\/\/www.europesays.com\/es\/wp-json\/wp\/v2\/media?parent=232461"}],"wp:term":[{"taxonomy":"category","embeddable":true,"href":"https:\/\/www.europesays.com\/es\/wp-json\/wp\/v2\/categories?post=232461"},{"taxonomy":"post_tag","embeddable":true,"href":"https:\/\/www.europesays.com\/es\/wp-json\/wp\/v2\/tags?post=232461"}],"curies":[{"name":"wp","href":"https:\/\/api.w.org\/{rel}","templated":true}]}}