{"id":232503,"date":"2025-11-12T20:11:10","date_gmt":"2025-11-12T20:11:10","guid":{"rendered":"https:\/\/www.europesays.com\/es\/232503\/"},"modified":"2025-11-12T20:11:10","modified_gmt":"2025-11-12T20:11:10","slug":"critica-del-cd-dunedain-erase","status":"publish","type":"post","link":"https:\/\/www.europesays.com\/es\/232503\/","title":{"rendered":"Critica del CD D\u00dcNEDAIN \u2013 \u00c9rase"},"content":{"rendered":"<p>\u00a0<\/p>\n<p><strong>D\u00dcNEDAIN \u2013 \u00c9rase<\/strong><br \/>\n<strong>Discogr\u00e1fica: Autoeditado<\/strong><br \/>\nPuntuaci\u00f3n Popular<br \/>\n<img fetchpriority=\"high\" decoding=\"async\" src=\"https:\/\/www.europesays.com\/es\/wp-content\/uploads\/2025\/11\/erase.jpg\" alt=\"D\u00dcNEDAIN \u2013 \u00c9rase\" width=\"295\" height=\"300\"\/><\/p>\n<p>Tras seis a\u00f1os de silencio discogr\u00e1fico, <a href=\"https:\/\/www.dunedain.es\/\" target=\"_blank\" rel=\"noopener nofollow\"><strong>D\u00dcNEDAIN<\/strong><\/a> regresa con\u00a0\u201c\u00c9rase\u201d, el primer trabajo desde su \u201cMemento Mori\u201d \u00a0de 2019. Estamos ante un disco extraordinario. Los de Madrigal de las Altas Torres se han superado a su mismos con un \u00e1lbum lleno de grandes canciones basadas en el power metal y la melod\u00eda\u00a0. Cada detalle ha sido cuidado al mil\u00edmetro para que lo disfrut\u00e9is como merece. En mi opini\u00f3n es m\u00e1s maduro, m\u00e1s internacional y m\u00e1s ambicioso, y refortalece a un grupo que merece mucho m\u00e1s de lo que de momento atesora.<\/p>\n<p>Es un disco tremendo, valiente y variado, donde es complicado elegir cu\u00e1les son sus mejores canciones porque todas son muy buenas.<\/p>\n<p>Me han encantado las guitarras, su sonido y resultado final, pero sobre todo los duelos de voces protagonizados por Tony y Carlos. Ambos, sin destacar uno sobre otro, hacen de este \u00e1lbum una pieza \u00fanica en el g\u00e9nero y demuestran que los dos son m\u00e1s que capaces de cantar en tonos imposibles, arriesgados, a veces alt\u00edsimos y desgarradores y otras emocionantes y llenos de sentimientos.<\/p>\n<p>Los dos son vocalistas inmensos, alucinantes. En \u00e9pocas pret\u00e9ritas Carlos era m\u00e1s explosivo que Tony, pero en este disco los dos hacen papeles parecidos, sin elegir vencedores y vencidos. Los dos son impresionantes en \u00ab\u00c9rase\u00bb.<\/p>\n<p>El \u00e1lbum se caracteriza por un power metal potente, con una ejecuci\u00f3n de guitarras de mucho nivel, y unas voces extraordinarias, que impregnan de melod\u00edas pegadizas al oyente. Para mi es uno de los mejores discos de <a href=\"https:\/\/www.dunedain.es\/\" target=\"_blank\" rel=\"noopener nofollow\"><strong>D\u00dcNEDAIN<\/strong><\/a>.<\/p>\n<p>La excelente portada es obra de \u00a0Marcos Rodr\u00edguez\u00a0(M\u00c4GO DE OZ)<\/p>\n<p>Grabado en Sonido XXI \u00a0y \u00a0en Rock Lab con mezcla y arreglos de\u00a0<strong>Dan D\u00edez<\/strong>\u00a0(TIERRA SANTA), y masterizado por el legendario\u00a0<strong>Leon Zervos<\/strong>\u00a0(AEROSMITH, IRON MAIDEN, MUSE\u2026), \u2018\u00c9rase\u2019 es el resultado de un esfuerzo colectivo por llevar su m\u00fasica a otro nivel.<\/p>\n<p>\u2018F\u00e9nix\u2019, \u00a0fue el primer anticipo, un single incre\u00edble, muy <a href=\"https:\/\/www.dunedain.es\/\" target=\"_blank\" rel=\"noopener nofollow\"><strong>D\u00dcNEDAIN<\/strong><\/a>, con la potencia, las melod\u00edas y la velocidad que caracteriza al grupo.<\/p>\n<p>\u201cLa misma canci\u00f3n\u201d fue otro de los anticipos. Su melod\u00eda me enamora, es m\u00e1gica, tambi\u00e9n 100% <a href=\"https:\/\/www.dunedain.es\/\" target=\"_blank\" rel=\"noopener nofollow\"><strong>D\u00dcNEDAIN<\/strong><\/a> . Es uno de mis temas favoritos, junto al inicial \u201cOh yeah!\u201d, que os invito a disfrutar. Posee mucha energ\u00eda y desemboca en un estribillo \u201cmarca de la casa\u201d que se te impregna a la primera escucha.<\/p>\n<p>El tema que da t\u00edtulo al \u00e1lbum es muy completo. Su inicio es mel\u00f3dico y muy atractivo. Sus partes elevadas de voz son colosales. Su estribillo es muy especial, muy llevadero dentro de un medio tiempo de alto horizonte.<\/p>\n<p>\u201cPandora\u201d es tambi\u00e9n 100% <a href=\"https:\/\/www.dunedain.es\/\" target=\"_blank\" rel=\"noopener nofollow\"><strong>D\u00dcNEDAIN<\/strong><\/a> , con un trabajo de guitarras muy logrado, una melod\u00eda muy pegadiza, y un estribillo que recuerda anteriores temas de la banda. Los solos \u00a0de guitarras son \u00a0vertiginosos y matadores. La parte de la voz m\u00e1s mel\u00f3dica tiene cierto aire a los mejores y mel\u00f3dicos MAGO DE OZ.<\/p>\n<p>Me encantan las dos baladas, \u201cSilencio\u201d, uno de los momentos cumbres del disco, donde las voces son primordiales, y \u201cN\u00e9mesis\u201d, el corte m\u00e1s diferente del disco.<\/p>\n<p>Un disco como la copa de un pino, \u00a1\u00a1\u00a1sin m\u00e1s!!!<\/p>\n<p><strong>Rafa Basa<\/strong><\/p>\n<p>Lista de canciones:<\/p>\n<ol start=\"1\" type=\"1\">\n<li>Oh yeah! \u2013 3:35<\/li>\n<li>La misma canci\u00f3n \u2013 4:33<\/li>\n<li>\u00c9rase \u2013 5:04<\/li>\n<li>Pandora \u2013 5:46<\/li>\n<li>Silencio \u2013 5:32<\/li>\n<li>Hijo rojo \u2013 5:17<\/li>\n<li>La herida \u2013 4:02<\/li>\n<li>F\u00e9nix \u2013 5:08<\/li>\n<li>N\u00e9mesis \u2013 3:30<\/li>\n<\/ol>\n<p>\u00a0<\/p>\n<p>\u00a0<\/p>\n","protected":false},"excerpt":{"rendered":"\u00a0 D\u00dcNEDAIN \u2013 \u00c9rase Discogr\u00e1fica: Autoeditado Puntuaci\u00f3n Popular Tras seis a\u00f1os de silencio discogr\u00e1fico, D\u00dcNEDAIN regresa con\u00a0\u201c\u00c9rase\u201d, el&hellip;\n","protected":false},"author":2,"featured_media":232504,"comment_status":"","ping_status":"","sticky":false,"template":"","format":"standard","meta":{"footnotes":""},"categories":[170],"tags":[27809,146,147,25,24,184,185,23],"class_list":{"0":"post-232503","1":"post","2":"type-post","3":"status-publish","4":"format-standard","5":"has-post-thumbnail","7":"category-musica","8":"tag-dunedain","9":"tag-entertainment","10":"tag-entretenimiento","11":"tag-es","12":"tag-espana","13":"tag-music","14":"tag-musica","15":"tag-spain"},"share_on_mastodon":{"url":"https:\/\/pubeurope.com\/@es\/115538551658684849","error":""},"_links":{"self":[{"href":"https:\/\/www.europesays.com\/es\/wp-json\/wp\/v2\/posts\/232503","targetHints":{"allow":["GET"]}}],"collection":[{"href":"https:\/\/www.europesays.com\/es\/wp-json\/wp\/v2\/posts"}],"about":[{"href":"https:\/\/www.europesays.com\/es\/wp-json\/wp\/v2\/types\/post"}],"author":[{"embeddable":true,"href":"https:\/\/www.europesays.com\/es\/wp-json\/wp\/v2\/users\/2"}],"replies":[{"embeddable":true,"href":"https:\/\/www.europesays.com\/es\/wp-json\/wp\/v2\/comments?post=232503"}],"version-history":[{"count":0,"href":"https:\/\/www.europesays.com\/es\/wp-json\/wp\/v2\/posts\/232503\/revisions"}],"wp:featuredmedia":[{"embeddable":true,"href":"https:\/\/www.europesays.com\/es\/wp-json\/wp\/v2\/media\/232504"}],"wp:attachment":[{"href":"https:\/\/www.europesays.com\/es\/wp-json\/wp\/v2\/media?parent=232503"}],"wp:term":[{"taxonomy":"category","embeddable":true,"href":"https:\/\/www.europesays.com\/es\/wp-json\/wp\/v2\/categories?post=232503"},{"taxonomy":"post_tag","embeddable":true,"href":"https:\/\/www.europesays.com\/es\/wp-json\/wp\/v2\/tags?post=232503"}],"curies":[{"name":"wp","href":"https:\/\/api.w.org\/{rel}","templated":true}]}}