{"id":232510,"date":"2025-11-12T20:15:11","date_gmt":"2025-11-12T20:15:11","guid":{"rendered":"https:\/\/www.europesays.com\/es\/232510\/"},"modified":"2025-11-12T20:15:11","modified_gmt":"2025-11-12T20:15:11","slug":"belen-esteban-es-el-fichaje-bomba-de-rtve-para-su-top-chef-pastelero-que-anuncia-sus-12-concursantes","status":"publish","type":"post","link":"https:\/\/www.europesays.com\/es\/232510\/","title":{"rendered":"Bel\u00e9n Esteban es el fichaje bomba de RTVE para su &#8216;Top Chef&#8217; pastelero, que anuncia sus 12 concursantes"},"content":{"rendered":"<p class=\"article-text\">\n        El show culinario <strong>Top Chef: Dulces y Famosos<\/strong> ha descubierto este mi\u00e9rcoles, 12 de noviembre, su casting al completo, sorprendiendo con el fichaje bomba de <strong>Bel\u00e9n Esteban<\/strong>. La colaboradora regresa a las pantallas de <strong>RTVE <\/strong>para enfrentarse a este reto pastelero meses despu\u00e9s del fallido La familia de la tele, con la intenci\u00f3n de evidenciar su destreza como maestra repostera. Compartir\u00e1 instalaciones con <strong>12 <\/strong>compa\u00f1eros, todos bajo la batuta de <strong>Paula V\u00e1zquez <\/strong>como presentadora.\n    <\/p>\n<p>    <a href=\"https:\/\/www.eldiario.es\/vertele\/noticias\/top-chef-concursante-marina-castano-viuda-nobel-camilo-jose-cela_1_12761470.html\" data-mrf-recirculation=\"saber-mas\" data-dl-event=\"saber-mas\" rel=\"nofollow noopener\" target=\"_blank\"><\/p>\n<p class=\"know-more__title\">Exclusiva | &#8216;Top Chef&#8217; tendr\u00e1 como concursante a Marina Casta\u00f1o, la periodista y viuda del Nobel Camilo Jos\u00e9 Cela<\/p>\n<p>            <img decoding=\"async\" class=\"lazy\" loading=\"lazy\" data-src=\"https:\/\/static.eldiario.es\/clip\/b8c1dcaf-b8b4-47ab-9103-90f2ecf8f6d8_16-9-aspect-ratio_default_0.jpg\" src=\"data:image\/svg+xml,%3Csvg xmlns=\" http:=\"\" viewbox=\"0 0 880 495\" alt=\"'Top Chef' tendr\u00e1 como concursante a Marina Casta\u00f1o, la periodista y viuda del Nobel Camilo Jos\u00e9 Cela\"\/><\/p>\n<p>                        <\/a><\/p>\n<p class=\"article-text\">\n        Adem\u00e1s de la colaboradora, la lista de concursantes del espacio de <strong>La 1 <\/strong>se completa con la periodista <strong>Marina Casta\u00f1o <\/strong>\u2014como ha <a href=\"https:\/\/www.eldiario.es\/vertele\/noticias\/top-chef-concursante-marina-castano-viuda-nobel-camilo-jose-cela_1_12761470.html\" target=\"_blank\" data-mrf-recirculation=\"links-noticia\" class=\"link\" rel=\"nofollow noopener\">adelantado verTele en exclusiva<\/a>\u2014, el actor <strong>Antonio Resines<\/strong>, el int\u00e9rprete <strong>Mariano Pe\u00f1a<\/strong>, la influencer <strong>Ivana Rodr\u00edguez<\/strong>, la artista drag <strong>Samantha Ballentines<\/strong>, la actriz <strong>Eva Isanta<\/strong>, los exconcursantes de Operaci\u00f3n Triunfo <strong>Roi M\u00e9ndez <\/strong>y <strong>Natalia Rodr\u00edguez<\/strong>, el ex de La Promesa <strong>Alejandro Vergara<\/strong>, la deportista <strong>Desir\u00e9e Vila <\/strong>y el exfutbolista <strong>Tote Fern\u00e1ndez<\/strong>.\n    <\/p>\n<p class=\"article-text\">\n        Producido por RTVE en colaboraci\u00f3n con Boxfish, el nuevo reality show es la adaptaci\u00f3n del exitoso formato original <strong>Top Chef VIP Just Desserts<\/strong>. El casting de famosos, todos ellos pertenecientes a distintos \u00e1mbitos, se enfrenta a distintas pruebas donde demostrar sus habilidades en el mundo de la reposter\u00eda. Como es habitual en la franquicia, un grupo de jueces se encarga de valorar cada una de las elaboraciones. La competici\u00f3n desembarcar\u00e1 pr\u00f3ximamente en el prime time de La 1, como sucesor de <strong>Bake Off: famosos al horno<\/strong>.\n    <\/p>\n<blockquote class=\"twitter-tweet\" data-lang=\"es\"><p><a href=\"https:\/\/twitter.com\/X\/status\/1988646294835937804?ref_src=twsrc%5Etfw\" rel=\"nofollow noopener\" target=\"_blank\"><\/p><\/blockquote>\n<p>    El idilio de Bel\u00e9n Esteban con la cocina en televisi\u00f3n<\/p>\n<p class=\"article-text\">\n        Aunque todos los concursantes ser\u00e1n iguales, y el casting es diverso, sin duda que el nombre de Bel\u00e9n Esteban le otorga un protagonismo televisivo. Su relaci\u00f3n con el mundo de la cocina ha quedado patente en nuestra peque\u00f1a pantalla desde su participaci\u00f3n en <strong>Gran Hermano VIP 3<\/strong>, en el que la colaboradora evidenci\u00f3 su destreza tras los fogones. Tambi\u00e9n fue protagonista durante el confinamiento por la pandemia del Covid-19 gracias a sus recetas en las distintas versiones de <strong>S\u00e1lvame<\/strong>. La antigua Mediaset decidi\u00f3 explotar esta faceta, &#8216;ascendi\u00e9ndola&#8217; a cocinera en <strong>La \u00faltima cena<\/strong>, espacio en el que result\u00f3 ganadora con el 66.6% de los votos.\n    <\/p>\n<p class=\"article-text\">\n        Tras su adi\u00f3s a Telecinco, el &#8216;pisito&#8217; de <strong>Ni que fu\u00e9ramos Shhh<\/strong> se reform\u00f3 para incluir una cocina. Desde all\u00ed, Esteban deleit\u00f3 a los espectadores con varias recetas. Incluso cocin\u00f3 unos judiones con los que acudi\u00f3 a La Revuelta de David Broncano. Ya en el breve<strong> <\/strong><strong>La familia de la tele<\/strong>, la colaboradora intent\u00f3 por todos los medios dejar a un lado todo lo que tuviera que ver con este tipo de elaboraciones: \u201cHace dos semanas<strong> se me quit\u00f3 el t\u00edtulo de experta en la cocina<\/strong>. Soy lo peor, \u00a1se me ha olvidado cocinar!\u201d.\n    <\/p>\n<p>    Qui\u00e9nes son los concursantes de &#8216;Top Chef: Dulces y Famosos&#8217;<\/p>\n<p class=\"article-text\">\n        RTVE destaca la participaci\u00f3n de <strong>Bel\u00e9n Esteban <\/strong>en Top Chef: Dulces y Famosos, debutando en el mundo de los talent shows. Ahora, su intenci\u00f3n es ganarse al p\u00fablico con sus habilidades pasteleras. Compartir\u00e1 cocinas con <strong>Antonio Resines<\/strong>, quien aportar\u00e1 su carisma y sorprender\u00e1 a la audiencia. Junto a ellos estar\u00e1 <strong>Mariano Pe\u00f1a<\/strong>, conocido por dar vida a <strong>Mauricio Colmenero en <\/strong><strong>A\u00edda<\/strong> y tambi\u00e9n por ser uno de los protagonistas de ENA, la serie de RTVE. <strong>Samantha Ballentines<\/strong>, del universo<strong> <\/strong><strong>Drag Race<\/strong>, aportar\u00e1 entusiasmo, estilo y originalidad.\n    <\/p>\n<p>    <a href=\"https:\/\/www.eldiario.es\/vertele\/noticias\/revuelta-muestra-no-vio-visita-rosalia-preparo-sketch-peticion-almodovar_1_12759277.html\" data-mrf-recirculation=\"saber-mas-abajo\" data-dl-event=\"saber-mas-abajo\" rel=\"nofollow noopener\" target=\"_blank\"><\/p>\n<p class=\"know-more__title\">&#8216;La Revuelta&#8217; muestra lo que no se vio de la visita de Rosal\u00eda: as\u00ed se prepar\u00f3 el sketch, con una petici\u00f3n de Almod\u00f3var<\/p>\n<p>            <img decoding=\"async\" class=\"lazy\" loading=\"lazy\" data-src=\"https:\/\/static.eldiario.es\/clip\/3ef68e58-3217-47fd-9190-adf6bede425f_16-9-aspect-ratio_default_0.jpg\" src=\"data:image\/svg+xml,%3Csvg xmlns=\" http:=\"\" viewbox=\"0 0 880 495\" alt=\"'La Revuelta' muestra lo que no se vio de la visita de Rosal\u00eda: as\u00ed se prepar\u00f3 el sketch, con una petici\u00f3n de Almod\u00f3var\"\/><\/p>\n<p>                        <\/a><\/p>\n<p class=\"article-text\">\n        La influencer<strong> Ivana Rodr\u00edguez<\/strong>, hermana de <strong>Georgina<\/strong>, llegar\u00e1 a la competici\u00f3n para aportar carisma y creatividad, tal y como ocurre en el universo de las redes sociales. Se enfrentar\u00e1 a <strong>Eva Isanta<\/strong>, actriz que interpreta a Maite Figueroa en <strong>La que se avecina<\/strong>, al exmiembro de <strong>La Promesa<\/strong> <strong>Alejando Vergara<\/strong>, y tambi\u00e9n a los cantantes <strong>Natalia Rodr\u00edguez <\/strong>() y <strong>Roi M\u00e9ndez <\/strong>(OT 2017). Cierran el casting el creador de contenido <strong>Tote Fern\u00e1ndez <\/strong>\u2014retirado del f\u00fatbol por una lesi\u00f3n\u2014 y la deportista paral\u00edmpica <strong>Desir\u00e9e Vila<\/strong>.\n    <\/p>\n<p>                                    <script async src=\"https:\/\/platform.twitter.com\/widgets.js\" charset=\"utf-8\"><\/script><\/p>\n","protected":false},"excerpt":{"rendered":"El show culinario Top Chef: Dulces y Famosos ha descubierto este mi\u00e9rcoles, 12 de noviembre, su casting al&hellip;\n","protected":false},"author":2,"featured_media":232511,"comment_status":"","ping_status":"","sticky":false,"template":"","format":"standard","meta":{"footnotes":""},"categories":[91],"tags":[8513,4187,3848,4574,6437,567,146,147,25,24,16142,557,60685,518,23,1720],"class_list":{"0":"post-232510","1":"post","2":"type-post","3":"status-publish","4":"format-standard","5":"has-post-thumbnail","7":"category-entretenimiento","8":"tag-8513","9":"tag-anuncia","10":"tag-belen","11":"tag-bomba","12":"tag-chef","13":"tag-concursantes","14":"tag-entertainment","15":"tag-entretenimiento","16":"tag-es","17":"tag-espana","18":"tag-esteban","19":"tag-fichaje","20":"tag-pastelero","21":"tag-rtve","22":"tag-spain","23":"tag-top"},"share_on_mastodon":{"url":"https:\/\/pubeurope.com\/@es\/115538567199162296","error":""},"_links":{"self":[{"href":"https:\/\/www.europesays.com\/es\/wp-json\/wp\/v2\/posts\/232510","targetHints":{"allow":["GET"]}}],"collection":[{"href":"https:\/\/www.europesays.com\/es\/wp-json\/wp\/v2\/posts"}],"about":[{"href":"https:\/\/www.europesays.com\/es\/wp-json\/wp\/v2\/types\/post"}],"author":[{"embeddable":true,"href":"https:\/\/www.europesays.com\/es\/wp-json\/wp\/v2\/users\/2"}],"replies":[{"embeddable":true,"href":"https:\/\/www.europesays.com\/es\/wp-json\/wp\/v2\/comments?post=232510"}],"version-history":[{"count":0,"href":"https:\/\/www.europesays.com\/es\/wp-json\/wp\/v2\/posts\/232510\/revisions"}],"wp:featuredmedia":[{"embeddable":true,"href":"https:\/\/www.europesays.com\/es\/wp-json\/wp\/v2\/media\/232511"}],"wp:attachment":[{"href":"https:\/\/www.europesays.com\/es\/wp-json\/wp\/v2\/media?parent=232510"}],"wp:term":[{"taxonomy":"category","embeddable":true,"href":"https:\/\/www.europesays.com\/es\/wp-json\/wp\/v2\/categories?post=232510"},{"taxonomy":"post_tag","embeddable":true,"href":"https:\/\/www.europesays.com\/es\/wp-json\/wp\/v2\/tags?post=232510"}],"curies":[{"name":"wp","href":"https:\/\/api.w.org\/{rel}","templated":true}]}}