{"id":232512,"date":"2025-11-12T20:16:11","date_gmt":"2025-11-12T20:16:11","guid":{"rendered":"https:\/\/www.europesays.com\/es\/232512\/"},"modified":"2025-11-12T20:16:11","modified_gmt":"2025-11-12T20:16:11","slug":"apple-lanza-un-calcetin-para-proteger-tu-movil-y-solo-te-cobrara-200-euros-por-el","status":"publish","type":"post","link":"https:\/\/www.europesays.com\/es\/232512\/","title":{"rendered":"Apple lanza un \u00abcalcet\u00edn\u00bb para proteger tu m\u00f3vil y \u00absolo\u00bb te cobrar\u00e1 200 euros por \u00e9l"},"content":{"rendered":"<p>Apple ha sorprendido al mundo con el anuncio del \u00abiPhone Pocket\u00bb, una funda de punto 3D creada en colaboraci\u00f3n con Issey Miyake. Disponible en dos tama\u00f1os (correa corta tipo bolsa o correa larga tipo bandolera), se trata de <strong>una edici\u00f3n limitada a la venta en l\u00ednea o en tiendas seleccionadas<\/strong>. Hasta aqu\u00ed nada fuera de lo normal, dado que <a class=\"text-outboundlink\" href=\"https:\/\/www.3djuegos.com\/tecnologia\/noticias\/apple-estreno-su-linea-magsafe-2020-4-anos-despues-muchos-se-hacen-pregunta-merece-pena-gastarse-50-euros\" data-vars-post-title=\"Hace 4 a\u00f1os, Apple quiso revolucionar la carga inal\u00e1mbrica con su l\u00ednea MagSafe y hoy todos se hacen la misma pregunta: \u00bfmerece la pena gastar 50 euros?\" data-vars-post-url=\"https:\/\/www.3djuegos.com\/tecnologia\/noticias\/apple-estreno-su-linea-magsafe-2020-4-anos-despues-muchos-se-hacen-pregunta-merece-pena-gastarse-50-euros\" rel=\"nofollow noopener\" target=\"_blank\">Apple suele apostar por fundas personalizadas<\/a>, pero hay un peque\u00f1o \u00abproblema\u00bb: no existe un solo aspecto que justifique su precio.<\/p>\n<p>El tejido el\u00e1stico con estructura acanalada permite <strong>envolver completamente cualquier iPhone<\/strong> u otro objeto peque\u00f1o. Al estirarlo, deja entrever el interior y se puede consultar de reojo la pantalla del tel\u00e9fono. Esta caracter\u00edstica, sumada a su apuesta por ser un producto a caballo entre lo est\u00e9tico y lo tecnol\u00f3gico, ha llevado a la compa\u00f1\u00eda a vender el producto en dos rangos de precio: si lo quieres con correa corta, tendr\u00e1s que desembolsar 130 euros; si te convence la correa larga, pagar\u00e1s 200 euros.<\/p>\n<p>    <a href=\"https:\/\/www.3djuegos.com\/tecnologia\/noticias\/iphone-17-pro-max-superviviente-tifon-kalmaegi-filipinas-se-enfrenta-a-prueba-resistencia-definitiva\" class=\"pivot-outboundlink\" data-vars-post-title=\"Sobrevivi\u00f3 al tif\u00f3n Kalmaegi de Filipinas y lo que m\u00e1s le sorprendi\u00f3 fue la resistencia de su iPhone 17: &quot;Pas\u00f3 tres d\u00edas enterrado&quot;\" rel=\"nofollow noopener\" target=\"_blank\"><br \/>\n     <img loading=\"lazy\" decoding=\"async\" alt=\"Sobrevivi\u00f3 al tif\u00f3n Kalmaegi de Filipinas y lo que m\u00e1s le sorprendi\u00f3 fue la resistencia de su iPhone 17: &quot;Pas\u00f3 tres d\u00edas enterrado&quot;\" width=\"375\" height=\"142\" src=\"https:\/\/www.europesays.com\/es\/wp-content\/uploads\/2025\/11\/1762978571_281_375_142.jpeg\"\/><br \/>\n    <\/a><\/p>\n<p>La \u00faltima locura de Apple<\/p>\n<p>El modelo corto, seg\u00fan confirm\u00f3 la propia compa\u00f1\u00eda, llegar\u00e1 con ocho colores con tonos vibrantes, mientras que el largo tendr\u00e1s tres tonalidades de corte m\u00e1s sobrio. La propuesta, as\u00ed, pone \u00e9nfasis sobre la posibilidad de <strong>llevar el iPhone como accesorio de moda<\/strong>, raz\u00f3n por la que est\u00e1 m\u00e1s cerca de ser una idea est\u00e9tica que una funda de protecci\u00f3n. En relaci\u00f3n a la fecha de lanzamiento, se revel\u00f3 que llegar\u00e1 a mercados como Europa, Estados Unidos y Asia a partir del pr\u00f3ximo 14 de noviembre.<\/p>\n<p>Para muchos, este anuncio guarda relaci\u00f3n con <a rel=\"noopener, noreferrer nofollow\" href=\"https:\/\/www.theverge.com\/news\/818328\/apple-iphone-pocket-crossbody-knitted-sock-bag\" target=\"_blank\">los iPod Socks que Steve Jobs present\u00f3 en 2004<\/a>, solo que en aquella ocasi\u00f3n se trataba de <strong>un pack de seis calcetines <\/strong>disponibles por 30 euros. Adem\u00e1s, tambi\u00e9n existe una gran diferencia entre los anuncios: mientras Apple ha revelado esta colaboraci\u00f3n como un acuerdo que une el dise\u00f1o y la exclusividad, Jobs anunci\u00f3 la existencia de los calcetines con un tono humor\u00edstico.<\/p>\n<p>La propia Apple, de hecho, ya confirm\u00f3 en septiembre la existencia de <strong>una correa cruzada para fundas compatibles<\/strong> que no solo recuerda a este concepto, sino que tambi\u00e9n es m\u00e1s barata que el iPhone Pocket al costar 50 euros. Sin embargo, esta nueva pieza nace del concepto \u00abuna pieza de tela\u00bb de Issey Miyake, una idea que busca llevar el minimalismo funcional y la est\u00e9tica textil al campo tecnol\u00f3gico.<\/p>\n<p>El posicionamiento, por tanto, apunta a <strong>un lujo accesible de edici\u00f3n limitada<\/strong>, ya que se trata de un objeto de moda con funci\u00f3n contenedora m\u00e1s que de <a class=\"text-outboundlink\" href=\"https:\/\/www.3djuegos.com\/tecnologia\/noticias\/iphone-17-pro-max-superviviente-tifon-kalmaegi-filipinas-se-enfrenta-a-prueba-resistencia-definitiva\" data-vars-post-title=\"Sobrevivi\u00f3 al tif\u00f3n Kalmaegi de Filipinas y lo que m\u00e1s le sorprendi\u00f3 fue la resistencia de su iPhone 17: &quot;Pas\u00f3 tres d\u00edas enterrado&quot;\" data-vars-post-url=\"https:\/\/www.3djuegos.com\/tecnologia\/noticias\/iphone-17-pro-max-superviviente-tifon-kalmaegi-filipinas-se-enfrenta-a-prueba-resistencia-definitiva\" rel=\"nofollow noopener\" target=\"_blank\">una protecci\u00f3n robusta frente a golpes o eventos climatol\u00f3gicos<\/a>. Para Apple, por tanto, es una buena forma de hacer hincapi\u00e9 en \u00abla alegr\u00eda de llevar el iPhone a tu manera\u00bb, pero muchos han se\u00f1alado que es muy probable que una pieza textil de este calibre tiene un coste de producci\u00f3n infinitamente inferior al precio final de venta.<\/p>\n<p><a rel=\"nofollow, sponsored, noopener, noreferrer\" target=\"_blank\" class=\"js-ecommerce\" id=\"link-ecommerce-1\" href=\"https:\/\/www.3djuegos.com\/redirect?url=https%3A%2F%2Fwww.apple.com%2Fnewsroom%2F2025%2F11%2Fintroducing-iphone-pocket-a-beautiful-way-to-wear-and-carry-iphone%2F&amp;category=tecnologia&amp;ecomPostExpiration=perish&amp;postId=187788\" data-vars-affiliate-url=\"https:\/\/www.apple.com\/newsroom\/2025\/11\/introducing-iphone-pocket-a-beautiful-way-to-wear-and-carry-iphone\/\">Imagen principal de Apple<\/a><\/p>\n<p>En 3DJuegos | <a class=\"text-outboundlink\" href=\"https:\/\/www.3djuegos.com\/tecnologia\/noticias\/2006-microsoft-creyo-que-podria-acabar-ipod-solo-necesito-2-190-dias-para-reconocer-su-error\" data-vars-post-title=\"Han pasado 19 a\u00f1os desde que Microsoft crey\u00f3 que podr\u00eda destruir al iPod y, 2.190 d\u00edas despu\u00e9s, vio que se hab\u00edan condenado a s\u00ed mismos\" data-vars-post-url=\"https:\/\/www.3djuegos.com\/tecnologia\/noticias\/2006-microsoft-creyo-que-podria-acabar-ipod-solo-necesito-2-190-dias-para-reconocer-su-error\" rel=\"nofollow noopener\" target=\"_blank\">Han pasado 19 a\u00f1os desde que Microsoft crey\u00f3 que podr\u00eda destruir al iPod y, 2.190 d\u00edas despu\u00e9s, vio que se hab\u00edan condenado a s\u00ed mismos<\/a><\/p>\n<p>En 3DJuegos | <a class=\"text-outboundlink\" href=\"https:\/\/www.3djuegos.com\/tecnologia\/noticias\/encontro-iphone-segunda-mano-china-logo-apple-comprarlo-se-dio-cuenta-que-era-prototipo-unico-mundo\" data-vars-post-title=\"Encontr\u00f3 un iPhone de segunda mano en China sin el logo de Apple. Tras comprarlo, se dio cuenta de que era un prototipo \u00fanico en el mundo\" data-vars-post-url=\"https:\/\/www.3djuegos.com\/tecnologia\/noticias\/encontro-iphone-segunda-mano-china-logo-apple-comprarlo-se-dio-cuenta-que-era-prototipo-unico-mundo\" rel=\"nofollow noopener\" target=\"_blank\">Encontr\u00f3 un iPhone de segunda mano en China sin el logo de Apple. Tras comprarlo, se dio cuenta de que era un prototipo \u00fanico en el mundo<\/a><\/p>\n","protected":false},"excerpt":{"rendered":"Apple ha sorprendido al mundo con el anuncio del \u00abiPhone Pocket\u00bb, una funda de punto 3D creada en&hellip;\n","protected":false},"author":2,"featured_media":232513,"comment_status":"","ping_status":"","sticky":false,"template":"","format":"standard","meta":{"footnotes":""},"categories":[81],"tags":[119,123,124,25,24,117,121,122,23,118,120],"class_list":{"0":"post-232512","1":"post","2":"type-post","3":"status-publish","4":"format-standard","5":"has-post-thumbnail","7":"category-ciencia-y-tecnologia","8":"tag-ciencia","9":"tag-ciencia-y-tecnologia","10":"tag-cienciaytecnologia","11":"tag-es","12":"tag-espana","13":"tag-science","14":"tag-science-and-technology","15":"tag-scienceandtechnology","16":"tag-spain","17":"tag-technology","18":"tag-tecnologia"},"share_on_mastodon":{"url":"https:\/\/pubeurope.com\/@es\/115538571307627204","error":""},"_links":{"self":[{"href":"https:\/\/www.europesays.com\/es\/wp-json\/wp\/v2\/posts\/232512","targetHints":{"allow":["GET"]}}],"collection":[{"href":"https:\/\/www.europesays.com\/es\/wp-json\/wp\/v2\/posts"}],"about":[{"href":"https:\/\/www.europesays.com\/es\/wp-json\/wp\/v2\/types\/post"}],"author":[{"embeddable":true,"href":"https:\/\/www.europesays.com\/es\/wp-json\/wp\/v2\/users\/2"}],"replies":[{"embeddable":true,"href":"https:\/\/www.europesays.com\/es\/wp-json\/wp\/v2\/comments?post=232512"}],"version-history":[{"count":0,"href":"https:\/\/www.europesays.com\/es\/wp-json\/wp\/v2\/posts\/232512\/revisions"}],"wp:featuredmedia":[{"embeddable":true,"href":"https:\/\/www.europesays.com\/es\/wp-json\/wp\/v2\/media\/232513"}],"wp:attachment":[{"href":"https:\/\/www.europesays.com\/es\/wp-json\/wp\/v2\/media?parent=232512"}],"wp:term":[{"taxonomy":"category","embeddable":true,"href":"https:\/\/www.europesays.com\/es\/wp-json\/wp\/v2\/categories?post=232512"},{"taxonomy":"post_tag","embeddable":true,"href":"https:\/\/www.europesays.com\/es\/wp-json\/wp\/v2\/tags?post=232512"}],"curies":[{"name":"wp","href":"https:\/\/api.w.org\/{rel}","templated":true}]}}