{"id":232515,"date":"2025-11-12T20:18:13","date_gmt":"2025-11-12T20:18:13","guid":{"rendered":"https:\/\/www.europesays.com\/es\/232515\/"},"modified":"2025-11-12T20:18:13","modified_gmt":"2025-11-12T20:18:13","slug":"mas-de-30-muertos-y-decenas-de-heridos-por-la-caida-de-un-autobus-al-vacio-en-peru","status":"publish","type":"post","link":"https:\/\/www.europesays.com\/es\/232515\/","title":{"rendered":"M\u00e1s de 30 muertos y decenas de heridos por la ca\u00edda de un autob\u00fas al vac\u00edo en Per\u00fa"},"content":{"rendered":"<p>      CNN Espa\u00f1ol<br \/>\n        \u00a0\u2014\u00a0<\/p>\n<p class=\"paragraph inline-placeholder vossi-paragraph\" data-uri=\"es.cms.cnn.com\/_components\/paragraph\/instances\/cmhw3pjdj001t26p84gcm63un@published\" data-editable=\"text\" data-component-name=\"paragraph\" data-article-gutter=\"true\">\n            M\u00e1s de 30 personas murieron tras la ca\u00edda de un autob\u00fas a un abismo en Per\u00fa. El incidente ocurri\u00f3 en Arequipa, en la provincia de Caman\u00e1. Walter Oporto, gerente regional de Salud de Arequipa, dijo al medio RPP que adem\u00e1s hay m\u00e1s de una decena de personas heridas que est\u00e1n siendo atendidas en diferentes centros de salud de la zona.\n    <\/p>\n<p class=\"paragraph inline-placeholder vossi-paragraph\" data-uri=\"es.cms.cnn.com\/_components\/paragraph\/instances\/cmhwbjepa00013j6o4q4x9o74@published\" data-editable=\"text\" data-component-name=\"paragraph\" data-article-gutter=\"true\">\n            El autob\u00fas cay\u00f3 a un barranco a la altura del kil\u00f3metro 780 de la carretera Panamericana Sur durante la madrugada de este mi\u00e9rcoles, luego de chocar con una camioneta, seg\u00fan la agencia estatal de noticias Andina.\n    <\/p>\n<p class=\"paragraph inline-placeholder vossi-paragraph\" data-uri=\"es.cms.cnn.com\/_components\/paragraph\/instances\/cmhwbhj1j00003j6o4lgfyqbg@published\" data-editable=\"text\" data-component-name=\"paragraph\" data-article-gutter=\"true\">\n            La Sutran, instituci\u00f3n del Ministerio de Transportes de Per\u00fa, dijo <a href=\"https:\/\/x.com\/sutranperu\/status\/1988628559812862264?s=46&amp;t=em5txf_Q-rzvUfhi9QOV7w\" target=\"_blank\" rel=\"nofollow\">en un comunicado<\/a> que expresa sus condolencias a las familias de las personas fallecidas y colaborar\u00e1 con la Polic\u00eda Nacional en las investigaciones sobre lo sucedido.\n    <\/p>\n<p class=\"paragraph inline-placeholder vossi-paragraph\" data-uri=\"es.cms.cnn.com\/_components\/paragraph\/instances\/cmhwcbn8i00083j6o1qnot3o6@published\" data-editable=\"text\" data-component-name=\"paragraph\" data-article-gutter=\"true\">\n            Por separado, la Fiscal\u00eda de Per\u00fa <a href=\"https:\/\/x.com\/FiscaliaPeru\/status\/1988630806466625819\" target=\"_blank\" rel=\"nofollow\">inform\u00f3 en X<\/a> que particip\u00f3 en las diligencias por el hecho. Esto incluy\u00f3 el levantamiento de cad\u00e1veres y la coordinaci\u00f3n con otras instancias para las necropsias correspondientes.\n    <\/p>\n<p class=\"paragraph inline-placeholder vossi-paragraph\" data-uri=\"es.cms.cnn.com\/_components\/paragraph\/instances\/cmhwcbn8i00093j6oudou95qq@published\" data-editable=\"text\" data-component-name=\"paragraph\" data-article-gutter=\"true\">\n            Seg\u00fan el Observatorio Nacional de Seguridad Vial del Ministerio de Transportes, durante el primer trimestre de 2025 hubo m\u00e1s de 21.000 siniestros de tr\u00e1nsito a nivel nacional y, como consecuencia de ello, fallecieron 707 personas.\n    <\/p>\n","protected":false},"excerpt":{"rendered":"CNN Espa\u00f1ol \u00a0\u2014\u00a0 M\u00e1s de 30 personas murieron tras la ca\u00edda de un autob\u00fas a un abismo en&hellip;\n","protected":false},"author":2,"featured_media":232516,"comment_status":"","ping_status":"","sticky":false,"template":"","format":"standard","meta":{"footnotes":""},"categories":[42],"tags":[17,18,13,14,11,61,62,63,64,19,20,9,10,15,16,705,12,21,22,65,66,67],"class_list":{"0":"post-232515","1":"post","2":"type-post","3":"status-publish","4":"format-standard","5":"has-post-thumbnail","7":"category-internacional","8":"tag-breaking-news","9":"tag-breakingnews","10":"tag-featured-news","11":"tag-featurednews","12":"tag-headlines","13":"tag-internacional","14":"tag-international","15":"tag-international-news","16":"tag-internationalnews","17":"tag-latest-news","18":"tag-latestnews","19":"tag-news","20":"tag-noticias","21":"tag-noticias-destacadas","22":"tag-noticiasdestacadas","23":"tag-peru","24":"tag-titulares","25":"tag-ultimas-noticias","26":"tag-ultimasnoticias","27":"tag-world","28":"tag-world-news","29":"tag-worldnews"},"share_on_mastodon":{"url":"https:\/\/pubeurope.com\/@es\/115538579079147567","error":""},"_links":{"self":[{"href":"https:\/\/www.europesays.com\/es\/wp-json\/wp\/v2\/posts\/232515","targetHints":{"allow":["GET"]}}],"collection":[{"href":"https:\/\/www.europesays.com\/es\/wp-json\/wp\/v2\/posts"}],"about":[{"href":"https:\/\/www.europesays.com\/es\/wp-json\/wp\/v2\/types\/post"}],"author":[{"embeddable":true,"href":"https:\/\/www.europesays.com\/es\/wp-json\/wp\/v2\/users\/2"}],"replies":[{"embeddable":true,"href":"https:\/\/www.europesays.com\/es\/wp-json\/wp\/v2\/comments?post=232515"}],"version-history":[{"count":0,"href":"https:\/\/www.europesays.com\/es\/wp-json\/wp\/v2\/posts\/232515\/revisions"}],"wp:featuredmedia":[{"embeddable":true,"href":"https:\/\/www.europesays.com\/es\/wp-json\/wp\/v2\/media\/232516"}],"wp:attachment":[{"href":"https:\/\/www.europesays.com\/es\/wp-json\/wp\/v2\/media?parent=232515"}],"wp:term":[{"taxonomy":"category","embeddable":true,"href":"https:\/\/www.europesays.com\/es\/wp-json\/wp\/v2\/categories?post=232515"},{"taxonomy":"post_tag","embeddable":true,"href":"https:\/\/www.europesays.com\/es\/wp-json\/wp\/v2\/tags?post=232515"}],"curies":[{"name":"wp","href":"https:\/\/api.w.org\/{rel}","templated":true}]}}