{"id":232517,"date":"2025-11-12T20:19:28","date_gmt":"2025-11-12T20:19:28","guid":{"rendered":"https:\/\/www.europesays.com\/es\/232517\/"},"modified":"2025-11-12T20:19:28","modified_gmt":"2025-11-12T20:19:28","slug":"una-tormenta-solar-excepcional-podria-provocar-auroras-boreales-sobre-espana-hoy-y-manana","status":"publish","type":"post","link":"https:\/\/www.europesays.com\/es\/232517\/","title":{"rendered":"Una tormenta solar \u00abexcepcional\u00bb podr\u00eda provocar auroras boreales sobre Espa\u00f1a hoy y ma\u00f1ana"},"content":{"rendered":"<p style=\"\">Una <a href=\"https:\/\/www.abc.es\/ciencia\/abci-tormentas-solares-amenaza-invisible-202002090158_video.html\" rel=\"nofollow noopener\" target=\"_self\" data-voc-vtm-id=\"in-text-traffic\" title=\"tormenta solar \u00abexcepcional\u00bb\" data-mrf-link=\"www.abc.es\">tormenta solar \u00abexcepcional\u00bb<\/a>, tal y como se\u00f1alan los expertos, puede te\u00f1ir de luz roja los cielos espa\u00f1oles durante este mi\u00e9rcoles y jueves, con auroras boreales visibles en latitudes tan inusuales como la nuestra, que ya se dejaron ver de forma muy tenue durante  &#8230; la pasada noche, especialmente en el norte peninsular. Si las previsiones se cumplen, la actividad podr\u00eda continuar durante los pr\u00f3ximos d\u00edas, ofreciendo una oportunidad \u00fanica para observar un fen\u00f3meno reservado casi siempre a las regiones polares.<\/p>\n<p class=\"voc-p\" style=\"\">Una poderosa erupci\u00f3n solar de clase X5.1, registrada ayer 11 de noviembre durante el medio d\u00eda, desde la regi\u00f3n activa del sol llamada 4274, ha lanzado hacia la Tierra al menos dos eyecciones de masa coronal (CME) que est\u00e1n reaccionando con alta intensidad. Cuando este chorro de part\u00edculas cargadas que proviene del Sol choca contra nuestro campo magn\u00e9tico terrestre (una suerte de &#8216;rosquilla&#8217; cuyos agujeros se colocan en los polos y que ejerce de escudo contra las part\u00edculas m\u00e1s da\u00f1inas de la radiaci\u00f3n espacial), \u00e9ste se deforma provocando las vistosas auroras boreales, un fen\u00f3meno que, si bien es espectacular, no supone ning\u00fan peligro para la vida en la Tierra.<\/p>\n<p class=\"voc-p\" style=\"\">Las previsiones indican que ahora mismo ya estamos inmersos en una tormenta geomagn\u00e9tica categorizada como nivel G4 (una alerta severa), que podr\u00eda tener efectos visibles incluso en latitudes medias, que son las correspondientes a la pen\u00ednsula ib\u00e9rica. <\/p>\n<p class=\"voc-p\" style=\"\">\u00abEl impacto de estas eyecciones de masa coronal est\u00e1 generando auroras visibles en latitudes relativamente bajas y adem\u00e1s est\u00e1 ocasionando fuertes perturbaciones del campo magn\u00e9tico terrestre\u00bb, explica H\u00e9ctor Socas Navarro, investigador del<a href=\"https:\/\/www.iac.es\/en\/blog\/vialactea\/2025\/11\/el-sol-desata-una-tormenta-geomagnetica-excepcional-que-podria-hacer-visibles-auroras-en-latitudes\" rel=\"nofollow noopener\" target=\"_self\" data-voc-vtm-id=\"in-text-traffic\" title=\" Instituto de Astrof\u00edsica de Canarias\" data-mrf-link=\"www.iac.es\"> Instituto de Astrof\u00edsica de Canarias<\/a> (IAC) y director de la Fundaci\u00f3n Telescopio Solar Europeo (EST).<\/p>\n<p class=\"voc-p\" style=\"\">Pero lo que realmente convierte esta noticia en un fen\u00f3meno excepcional, seg\u00fan los expertos del IAC y otras entidades de seguimiento solar, es que ha dado lugar a un<strong> GLE (Ground Level Enhancement)<\/strong>, un evento tan raro que solo se produce unas pocas veces en cada ciclo solar, que dura m\u00e1s o menos once a\u00f1os. En estas ocasiones, las part\u00edculas solares son tan energ\u00e9ticas que, al chocar con la atm\u00f3sfera terrestre, desencadenan una cascada de part\u00edculas secundarias que llegan hasta la superficie y son detectadas por estaciones de neutrones en todo el mundo.<\/p>\n<p class=\"voc-p\" style=\"\">\u00abLos GLE son extremadamente raros. Para que ocurran, deben llegar a la Tierra protones acelerados a cientos de megaelectronvoltios procedentes del Sol\u00bb, a\u00f1ade Socas Navarro. <\/p>\n<p><img decoding=\"async\" loading=\"lazy\" src=\"https:\/\/www.europesays.com\/es\/wp-content\/uploads\/2025\/11\/aurorasoctubre2024valenciabyjessicarojas-U84334425727gsL-760x427@diario_abc.jpg\" class=\"voc-img\" width=\"760\" height=\"427\" alt=\"Aurora boreal de octubre de 2024 en Valencia\" data-voc-vtm-id=\"in-text-traffic\"\/><\/p>\n<p>Aurora boreal de octubre de 2024 en Valencia<\/p>\n<p>jessica rojas<\/p>\n<p class=\"voc-p\" style=\"\">Seg\u00fan los primeros an\u00e1lisis, el evento de estos d\u00edas es comparable al registrado el 13 de diciembre de 2006, considerado uno de los m\u00e1s intensos de las \u00faltimas d\u00e9cadas.<\/p>\n<p>\nSin consecuencias para la vida m\u00e1s all\u00e1 de las comunicaciones\n<\/p>\n<p class=\"voc-p\" style=\"\">Desde la Agencia Espacial Europea (ESA),<a href=\"https:\/\/www.esa.int\/Space_Safety\/Space_weather\/ESA_actively_monitoring_severe_space_weather_event\" rel=\"nofollow noopener\" target=\"_self\" data-voc-vtm-id=\"in-text-traffic\" title=\" tambi\u00e9n se est\u00e1 monitorizando el fen\u00f3meno\" data-mrf-link=\"www.esa.int\"> tambi\u00e9n se est\u00e1 monitorizando el fen\u00f3meno<\/a>. \u00abNuestro planeta fue golpeado anoche por dos eyecciones de masa coronal consecutivas, lo que provoc\u00f3 una grave perturbaci\u00f3n geomagn\u00e9tica. Esperamos una tercera hoy o ma\u00f1ana. El impacto de la tercera eyecci\u00f3n depender\u00e1 en gran medida de si se fusiona o no con las dos primeras\u00bb, afirma Juha-Pekka Luntama, director de la Oficina de Clima Espacial de la ESA. \u00abSe estima que la tormenta geomagn\u00e9tica continuar\u00e1 con intensidad severa y podr\u00eda afectar a sat\u00e9lites, redes el\u00e9ctricas y sistemas de navegaci\u00f3n. Hemos observado nuevas eyecciones de masa coronal provenientes del Sol, por lo que se prev\u00e9 que la intensa actividad meteorol\u00f3gica espacial contin\u00fae durante la segunda mitad de esta semana\u00bb. <\/p>\n<p class=\"voc-p\" style=\"\">Aunque el acontecimiento est\u00e1 siendo espectacular, no se esperan consecuencias graves en la vida cotidiana, pero s\u00ed podr\u00edan darse da\u00f1os colaterales como interferencias en comunicaciones de alta frecuencia, sistemas de navegaci\u00f3n por sat\u00e9lite o radiaci\u00f3n adicional en vuelos polares, efectos t\u00edpicos de las tormentas geomagn\u00e9ticas severas.<\/p>\n<p class=\"voc-p\" style=\"\">\u00abNo deber\u00eda tener un gran impacto sobre la vida diaria, pero cient\u00edficamente es muy interesante\u00bb, subraya por su parte Socas Navarro. \u00abY desde luego, no hace falta irse a Noruega estos d\u00edas para ver auroras\u00bb.  Porque todo apunta a que estamos ante uno de los mayores episodios solares de los \u00faltimos 20 a\u00f1os.<\/p>\n<p>\nFotografiar auroras boreales\n<\/p>\n<p class=\"voc-p\" style=\"\">Para quienes disfrutan del cielo y la astrofotograf\u00eda, la invitaci\u00f3n est\u00e1 clara: esta noche, si las condiciones acompa\u00f1an (cielo despejado, m\u00ednimo de contaminaci\u00f3n lum\u00ednica), merece mucho la pena mirar hacia el norte, en zonas elevadas o poco iluminadas, donde podr\u00edamos ver aparecer tonos suaves verdosos, rojizos o de color morado intenso. Son tonos que quiz\u00e1s el ojo humano no capte con gran intensidad, pero cualquier c\u00e1mara s\u00ed lo har\u00e1, inclu\u00eddo la del m\u00f3vil.<\/p>\n<p>SOBRE EL AUTOR<\/p>\n<p>Jessica rojas<\/p>\n<p class=\"voc-about-author__paragraph\">Astrofot\u00f3grafa especializada en Luna y Sol. Ponente habitual en congresos de fotograf\u00eda y eventos de astronom\u00eda, adem\u00e1s de divulgar en sus redes sociales sobre astro y tecnolog\u00eda. Embajadora de Nikon y Benro en Espa\u00f1a.<\/p>\n<p><img decoding=\"async\" loading=\"lazy\" src=\"https:\/\/www.europesays.com\/es\/wp-content\/uploads\/2025\/11\/jessica-rojas-retratosdf-U84216366410qQD-140x140@diario_abc.jpg\" class=\"voc-about-author__img\" width=\"140\" height=\"140\" alt=\"&lt;div class=&quot;voc-author__name&quot;&gt;Jessica rojas&lt;\/div&gt;\"\/><\/p>\n","protected":false},"excerpt":{"rendered":"Una tormenta solar \u00abexcepcional\u00bb, tal y como se\u00f1alan los expertos, puede te\u00f1ir de luz roja los cielos espa\u00f1oles&hellip;\n","protected":false},"author":2,"featured_media":232518,"comment_status":"","ping_status":"","sticky":false,"template":"","format":"standard","meta":{"footnotes":""},"categories":[8],"tags":[60686,60687,17,18,25,24,47865,13,14,11,315,19,20,2435,9,10,15,16,18313,57,5653,23,12,2979,21,22],"class_list":{"0":"post-232517","1":"post","2":"type-post","3":"status-publish","4":"format-standard","5":"has-post-thumbnail","7":"category-espana","8":"tag-auroras","9":"tag-boreales","10":"tag-breaking-news","11":"tag-breakingnews","12":"tag-es","13":"tag-espana","14":"tag-excepcional","15":"tag-featured-news","16":"tag-featurednews","17":"tag-headlines","18":"tag-hoy","19":"tag-latest-news","20":"tag-latestnews","21":"tag-manana","22":"tag-news","23":"tag-noticias","24":"tag-noticias-destacadas","25":"tag-noticiasdestacadas","26":"tag-provocar","27":"tag-sobre","28":"tag-solar","29":"tag-spain","30":"tag-titulares","31":"tag-tormenta","32":"tag-ultimas-noticias","33":"tag-ultimasnoticias"},"share_on_mastodon":{"url":"https:\/\/pubeurope.com\/@es\/115538583134300055","error":""},"_links":{"self":[{"href":"https:\/\/www.europesays.com\/es\/wp-json\/wp\/v2\/posts\/232517","targetHints":{"allow":["GET"]}}],"collection":[{"href":"https:\/\/www.europesays.com\/es\/wp-json\/wp\/v2\/posts"}],"about":[{"href":"https:\/\/www.europesays.com\/es\/wp-json\/wp\/v2\/types\/post"}],"author":[{"embeddable":true,"href":"https:\/\/www.europesays.com\/es\/wp-json\/wp\/v2\/users\/2"}],"replies":[{"embeddable":true,"href":"https:\/\/www.europesays.com\/es\/wp-json\/wp\/v2\/comments?post=232517"}],"version-history":[{"count":0,"href":"https:\/\/www.europesays.com\/es\/wp-json\/wp\/v2\/posts\/232517\/revisions"}],"wp:featuredmedia":[{"embeddable":true,"href":"https:\/\/www.europesays.com\/es\/wp-json\/wp\/v2\/media\/232518"}],"wp:attachment":[{"href":"https:\/\/www.europesays.com\/es\/wp-json\/wp\/v2\/media?parent=232517"}],"wp:term":[{"taxonomy":"category","embeddable":true,"href":"https:\/\/www.europesays.com\/es\/wp-json\/wp\/v2\/categories?post=232517"},{"taxonomy":"post_tag","embeddable":true,"href":"https:\/\/www.europesays.com\/es\/wp-json\/wp\/v2\/tags?post=232517"}],"curies":[{"name":"wp","href":"https:\/\/api.w.org\/{rel}","templated":true}]}}