{"id":232519,"date":"2025-11-12T20:29:12","date_gmt":"2025-11-12T20:29:12","guid":{"rendered":"https:\/\/www.europesays.com\/es\/232519\/"},"modified":"2025-11-12T20:29:12","modified_gmt":"2025-11-12T20:29:12","slug":"gran-triunfo-de-daniel-berna-en-madrid","status":"publish","type":"post","link":"https:\/\/www.europesays.com\/es\/232519\/","title":{"rendered":"Gran triunfo de Daniel Bern\u00e1 en Madrid"},"content":{"rendered":"<p>Daniel Bern\u00e1 puso el mejor broche posible al Circuito de Madrid de Profesionales al adjudicarse el t\u00edtulo en la final, que ha tenido como escenario el Golf Santander SA de Boadilla del Monte.<\/p>\n<p><a target=\"_blank\" href=\"https:\/\/www.desdesoria.es\/ads\/20251110083606883522\" rel=\"nofollow noopener\"> <img loading=\"lazy\" decoding=\"async\" src=\"https:\/\/www.europesays.com\/es\/wp-content\/uploads\/2025\/11\/2025111008372889897.png\" alt=\"Publicidad 883522\" width=\"728\" height=\"91\" class=\"lazyload\" \/> <\/a><\/p>\n<p>El jugador del Club de Golf Soria ha completado la doble jornada con 137 golpes, 7 bajo par, con los que ha superado a sus dos m\u00e1ximos rivales, Juan Salama, segundo con -5, y Pedro Oriol, tercero con -4.<\/p>\n<p><a target=\"_blank\" href=\"https:\/\/www.desdesoria.es\/ads\/20251110221800883634\" rel=\"nofollow noopener\"> <img loading=\"lazy\" decoding=\"async\" src=\"https:\/\/www.europesays.com\/es\/wp-content\/uploads\/2025\/11\/2025111022160060757.gif\" alt=\"Publicidad 883634\" width=\"728\" height=\"90\" class=\"lazyload\" \/> <\/a><\/p>\n<p>Bern\u00e1 abri\u00f3 el torneo el lunes con una magn\u00edfica vuelta de 67 golpes, 5 bajo par, en la que, a pesar de comenzar con un bogey en el hoyo 2, se reh\u00edzo a partir del 5 con un eagle al que, posteriormente, a\u00f1adi\u00f3 otros 4 birdies. Ese -5 le situaba ya como l\u00edder con 3 golpes de renta sobre los que han sido sus dos grandes rivales en la final, Salama y Oriol, que acabaron el lunes con -2 y con los que comparti\u00f3 el recorrido final este martes.<\/p>\n<p><a target=\"_blank\" href=\"https:\/\/www.desdesoria.es\/ads\/20251112070142883762\" rel=\"nofollow noopener\"> <img loading=\"lazy\" decoding=\"async\" src=\"https:\/\/www.europesays.com\/es\/wp-content\/uploads\/2025\/11\/2025111207022742080.gif\" alt=\"Publicidad 883762\" width=\"728\" height=\"90\" class=\"lazyload\" \/> <\/a><\/p>\n<p>Un recorrido definitivo en el que Daniel Bern\u00e1 no lo ha tenido nada f\u00e1cil, puesto que sus dos rivales, especialmente Pedro Oriol, que ha llegado a ser l\u00edder provisional, le han obligado a forzar la m\u00e1quina. As\u00ed, el jugador soriano ha llegado al ecuador de esta vuelta final con 2 bajo par, pero dos bogeys pr\u00e1cticamente consecutivos (hoyos 10 y 12) han comprometido su triunfo. Por fortuna, en los hoyos 14 y 15 ha encadenado dos birdies que le han afianzado en un liderato que ya no ha abandonado hasta alzarse con el t\u00edtulo.<\/p>\n<p>Un t\u00edtulo que es el segundo del a\u00f1o para Daniel Bern\u00e1 despu\u00e9s del que consigui\u00f3 a primeros de octubre en el Campeonato de Castilla y Le\u00f3n de Profesionales PGA de Espa\u00f1a, torneo del Tumi Spain Golf Tour, el circuito de la PGA espa\u00f1ola.<\/p>\n<p>La pr\u00f3xima cita para Daniel Bern\u00e1 ser\u00e1 el Campeonato de Espa\u00f1a de Profesionales, previsto para los d\u00edas 20 a 23 de noviembre en el Mediterr\u00e1neo Golf de Borriol, en Castell\u00f3n.<\/p>\n<p>Pueden consultar las clasificaciones de la Final del Circuito de Madrid de Profesionales <a target=\"_blank\" href=\"https:\/\/www.nextcaddy.com\/tour\/59925\/new-livescoring\" rel=\"nofollow noopener\"><strong>en este enlace<\/strong><\/a>.<\/p>\n","protected":false},"excerpt":{"rendered":"Daniel Bern\u00e1 puso el mejor broche posible al Circuito de Madrid de Profesionales al adjudicarse el t\u00edtulo en&hellip;\n","protected":false},"author":2,"featured_media":232520,"comment_status":"","ping_status":"","sticky":false,"template":"","format":"standard","meta":{"footnotes":""},"categories":[275],"tags":[168,25,24,329,23,167],"class_list":{"0":"post-232519","1":"post","2":"type-post","3":"status-publish","4":"format-standard","5":"has-post-thumbnail","7":"category-golf","8":"tag-deportes","9":"tag-es","10":"tag-espana","11":"tag-golf","12":"tag-spain","13":"tag-sports"},"share_on_mastodon":{"url":"https:\/\/pubeurope.com\/@es\/115538622602468139","error":""},"_links":{"self":[{"href":"https:\/\/www.europesays.com\/es\/wp-json\/wp\/v2\/posts\/232519","targetHints":{"allow":["GET"]}}],"collection":[{"href":"https:\/\/www.europesays.com\/es\/wp-json\/wp\/v2\/posts"}],"about":[{"href":"https:\/\/www.europesays.com\/es\/wp-json\/wp\/v2\/types\/post"}],"author":[{"embeddable":true,"href":"https:\/\/www.europesays.com\/es\/wp-json\/wp\/v2\/users\/2"}],"replies":[{"embeddable":true,"href":"https:\/\/www.europesays.com\/es\/wp-json\/wp\/v2\/comments?post=232519"}],"version-history":[{"count":0,"href":"https:\/\/www.europesays.com\/es\/wp-json\/wp\/v2\/posts\/232519\/revisions"}],"wp:featuredmedia":[{"embeddable":true,"href":"https:\/\/www.europesays.com\/es\/wp-json\/wp\/v2\/media\/232520"}],"wp:attachment":[{"href":"https:\/\/www.europesays.com\/es\/wp-json\/wp\/v2\/media?parent=232519"}],"wp:term":[{"taxonomy":"category","embeddable":true,"href":"https:\/\/www.europesays.com\/es\/wp-json\/wp\/v2\/categories?post=232519"},{"taxonomy":"post_tag","embeddable":true,"href":"https:\/\/www.europesays.com\/es\/wp-json\/wp\/v2\/tags?post=232519"}],"curies":[{"name":"wp","href":"https:\/\/api.w.org\/{rel}","templated":true}]}}